{"id":8198,"date":"2025-05-14T12:27:40","date_gmt":"2025-05-14T10:27:40","guid":{"rendered":"https:\/\/cafeprensa.com.ar\/?p=8198"},"modified":"2025-05-14T12:27:40","modified_gmt":"2025-05-14T10:27:40","slug":"reconozcan-la-improvisacion-pidan-disculpas-y-devuelvan-el-saldo-de-las-ciudadanas-urgente","status":"publish","type":"post","link":"https:\/\/cafeprensa.com.ar\/index.php\/2025\/05\/14\/reconozcan-la-improvisacion-pidan-disculpas-y-devuelvan-el-saldo-de-las-ciudadanas-urgente\/","title":{"rendered":"*\u00bbReconozcan la improvisaci\u00f3n, pidan disculpas y devuelvan el saldo de las Ciudadanas urgente\u00bb"},"content":{"rendered":"<div dir=\"auto\">Los ediles se\u00f1alaron que esta es otra improvisaci\u00f3n del nuevo sistema y que s\u00f3lo pensaron en devolver ese dinero cuando se vieron expuestos.<\/div>\n<div dir=\"auto\"><strong>\u00abLos tucumanos no comen vidrio. Diga lo que diga el Municipio, no estaba previsto devolver los saldos de las tarjetas, como venimos exigiendo hace semanas. Si as\u00ed lo hubieran querido, hay cuestiones que no cierran: \u00bfPor qu\u00e9 lo dicen ahora, si llevamos meses en este tr\u00e1nsito ca\u00f3tico de canje de tarjetas? \u00bfPor qu\u00e9 no previeron la situaci\u00f3n de los pasajeros que canjearon la tarjeta Ciudadana y hoy no pueden presentar ning\u00fan pl\u00e1stico para exigir su dinero? Todo este proceso fue y sigue siendo una improvisaci\u00f3n tras otra\u00bb<\/strong>, plantearon los concejales Jos\u00e9 Mar\u00eda Canelada y Gustavo Cobos tras las declaraciones del <strong>secretario de Movilidad Urbana, Benjam\u00edn Nieva,<\/strong> al anunciar el reintegro del dinero que ten\u00edan los usuarios en las tarjetas en desuso.<\/div>\n<div dir=\"auto\"><img loading=\"lazy\" decoding=\"async\" class=\"alignnone wp-image-8200 size-large\" src=\"https:\/\/cafeprensa.com.ar\/wp-content\/uploads\/2025\/05\/multimedia.normal.99ed72b10eb89258.TEpfbm9ybWFsLndlYnA-1024x580.webp\" alt=\"\" width=\"1024\" height=\"580\" srcset=\"https:\/\/cafeprensa.com.ar\/wp-content\/uploads\/2025\/05\/multimedia.normal.99ed72b10eb89258.TEpfbm9ybWFsLndlYnA-1024x580.webp 1024w, https:\/\/cafeprensa.com.ar\/wp-content\/uploads\/2025\/05\/multimedia.normal.99ed72b10eb89258.TEpfbm9ybWFsLndlYnA-300x170.webp 300w, https:\/\/cafeprensa.com.ar\/wp-content\/uploads\/2025\/05\/multimedia.normal.99ed72b10eb89258.TEpfbm9ybWFsLndlYnA-768x435.webp 768w, https:\/\/cafeprensa.com.ar\/wp-content\/uploads\/2025\/05\/multimedia.normal.99ed72b10eb89258.TEpfbm9ybWFsLndlYnA-390x220.webp 390w, https:\/\/cafeprensa.com.ar\/wp-content\/uploads\/2025\/05\/multimedia.normal.99ed72b10eb89258.TEpfbm9ybWFsLndlYnA.webp 1200w\" sizes=\"auto, (max-width: 1024px) 100vw, 1024px\" \/><\/div>\n<div dir=\"auto\">En ese sentido, los ediles, quienes expusieron esta situaci\u00f3n el 30 de abril y presentaron notas ante Aetat y el Municipio el 7 de mayo para exigir que se devuelva el saldo de las tarjetas, se\u00f1alaron que todo el proceso de cambio de tarjetas estuvo y sigue marcado por la improvisaci\u00f3n. <strong>\u00abTuvimos que hacer presentaciones formales y exigir respuestas para que reci\u00e9n hoy alguien hable del tema. Reinaba el silencio. Ahora, lo \u00fanico que resta es devolverlo y pedirles perd\u00f3n a los usuarios. Que nos vengan a hablar de los saldos negativos cuando los pasajeros tuvieron que pagar uno y hasta dos nuevos pl\u00e1sticos en algunos casos es casi un insulto. Ese saldo negativo est\u00e1 pagado y con creces\u00bb.<\/strong><\/div>\n<div dir=\"auto\">Por \u00faltimo, los concejales reclamaron un mea culpa por toda esta situaci\u00f3n. <strong>\u00abHemos tenido meses de confusi\u00f3n, el trastorno de cuatro tarjetas simult\u00e1neas, idas y vueltas con la informaci\u00f3n y ahora esto. Todas estas cosas lesionan la confianza hacia los servidores p\u00fablicos y generan un profundo malestar. Las decisiones de los gobiernos tienen que ser para mejorar la vida de la gente, no complicarsela. Y en todo este proceso no hay una sola decisi\u00f3n que haya facilitado la vida al pasajero. Lo m\u00e1s honesto hubiera sido que reconocieran que se equivocaron y que de inmediato comience la restituci\u00f3n del dinero\u00bb.<\/strong><\/div>\n","protected":false},"excerpt":{"rendered":"<p>Los ediles se\u00f1alaron que esta es otra improvisaci\u00f3n del nuevo sistema y que s\u00f3lo pensaron en devolver ese dinero cuando se vieron expuestos. \u00abLos tucumanos no comen vidrio. Diga lo que diga el Municipio, no estaba previsto devolver los saldos de las tarjetas, como venimos exigiendo hace semanas. Si as\u00ed lo hubieran querido, hay cuestiones &hellip;<\/p>\n","protected":false},"author":2,"featured_media":8199,"comment_status":"open","ping_status":"open","sticky":false,"template":"","format":"standard","meta":{"footnotes":""},"categories":[1707,54],"tags":[643,642],"class_list":["post-8198","post","type-post","status-publish","format-standard","has-post-thumbnail","hentry","category-concejales-de-tucuman","category-interes-ganeral","tag-canelada","tag-cobos"],"_links":{"self":[{"href":"https:\/\/cafeprensa.com.ar\/index.php\/wp-json\/wp\/v2\/posts\/8198","targetHints":{"allow":["GET"]}}],"collection":[{"href":"https:\/\/cafeprensa.com.ar\/index.php\/wp-json\/wp\/v2\/posts"}],"about":[{"href":"https:\/\/cafeprensa.com.ar\/index.php\/wp-json\/wp\/v2\/types\/post"}],"author":[{"embeddable":true,"href":"https:\/\/cafeprensa.com.ar\/index.php\/wp-json\/wp\/v2\/users\/2"}],"replies":[{"embeddable":true,"href":"https:\/\/cafeprensa.com.ar\/index.php\/wp-json\/wp\/v2\/comments?post=8198"}],"version-history":[{"count":1,"href":"https:\/\/cafeprensa.com.ar\/index.php\/wp-json\/wp\/v2\/posts\/8198\/revisions"}],"predecessor-version":[{"id":8201,"href":"https:\/\/cafeprensa.com.ar\/index.php\/wp-json\/wp\/v2\/posts\/8198\/revisions\/8201"}],"wp:featuredmedia":[{"embeddable":true,"href":"https:\/\/cafeprensa.com.ar\/index.php\/wp-json\/wp\/v2\/media\/8199"}],"wp:attachment":[{"href":"https:\/\/cafeprensa.com.ar\/index.php\/wp-json\/wp\/v2\/media?parent=8198"}],"wp:term":[{"taxonomy":"category","embeddable":true,"href":"https:\/\/cafeprensa.com.ar\/index.php\/wp-json\/wp\/v2\/categories?post=8198"},{"taxonomy":"post_tag","embeddable":true,"href":"https:\/\/cafeprensa.com.ar\/index.php\/wp-json\/wp\/v2\/tags?post=8198"}],"curies":[{"name":"wp","href":"https:\/\/api.w.org\/{rel}","templated":true}]}}