{"id":8211,"date":"2025-05-14T13:25:37","date_gmt":"2025-05-14T11:25:37","guid":{"rendered":"https:\/\/cafeprensa.com.ar\/?p=8211"},"modified":"2025-05-14T13:25:37","modified_gmt":"2025-05-14T11:25:37","slug":"consulta-publica-en-las-islas-malvinas-sobre-la-industria-del-salmon","status":"publish","type":"post","link":"https:\/\/cafeprensa.com.ar\/index.php\/2025\/05\/14\/consulta-publica-en-las-islas-malvinas-sobre-la-industria-del-salmon\/","title":{"rendered":"Consulta p\u00fablica en las Islas Malvinas sobre la industria del salm\u00f3n"},"content":{"rendered":"<p>Entre abril y septiembre de 2025, se llevar\u00e1 a cabo un proceso de\u00a0<strong>consulta p\u00fablica<\/strong>\u00a0para decidir sobre un proyecto que busca ampliar el principal sector econ\u00f3mico de la\u00a0<strong>colonia brit\u00e1nica en las Islas Malvinas la industria del salm\u00f3n<\/strong>. El gobierno de las\u00a0<strong>Islas Malvinas<\/strong>\u00a0ha anunciado una consulta p\u00fablica sobre la posible implementaci\u00f3n de\u00a0<strong>granjas de cr\u00eda industrial de salmones<\/strong>, con una inversi\u00f3n estimada de alrededor de 255.000 d\u00f3lares.<\/p>\n<p><img loading=\"lazy\" decoding=\"async\" class=\"alignnone wp-image-8212 size-full\" src=\"https:\/\/cafeprensa.com.ar\/wp-content\/uploads\/2025\/05\/6181aeb648177_890x533.jpg\" alt=\"\" width=\"890\" height=\"533\" srcset=\"https:\/\/cafeprensa.com.ar\/wp-content\/uploads\/2025\/05\/6181aeb648177_890x533.jpg 890w, https:\/\/cafeprensa.com.ar\/wp-content\/uploads\/2025\/05\/6181aeb648177_890x533-300x180.jpg 300w, https:\/\/cafeprensa.com.ar\/wp-content\/uploads\/2025\/05\/6181aeb648177_890x533-768x460.jpg 768w\" sizes=\"auto, (max-width: 890px) 100vw, 890px\" \/><\/p>\n<p>Esta acci\u00f3n, que pretende justificar la continuidad de la\u00a0<strong>explotaci\u00f3n de los recursos naturales argentinos<\/strong>\u00a0en el Atl\u00e1ntico Sur, comenzar\u00e1 en abril de 2025. No se trata solo de un proyecto econ\u00f3mico, sino de una\u00a0<strong>nueva manifestaci\u00f3n de la ocupaci\u00f3n brit\u00e1nica<\/strong>\u00a0sobre un\u00a0<a href=\"https:\/\/noticiasambientales.com\/medio-ambiente\/reino-unido-comenzara-la-extraccion-de-petroleo-en-aguas-protegidas-de-las-islas-malvinas\/\">territorio que\u00a0<strong>pertenece leg\u00edtimamente a Argentina<\/strong>.<\/a><\/p>\n<p>La legisladora de las\u00a0<strong>Islas Malvinas<\/strong>, Teslyn Barkman, justific\u00f3 los gastos en la consulta argumentando que se busca asegurar que el proceso sea \u201crobusto\u201d y bien documentado. Este es otro avance en el\u00a0<strong>desarrollo econ\u00f3mico de las Islas Malvinas de forma ilegal y\u00a0<a href=\"https:\/\/noticiasambientales.com\/compromiso-ambiental\/argentina-y-chile-unidos-en-el-canal-beagle-por-un-reclamo-en-comun-no-a-las-salmoneras\/\">sin autorizaci\u00f3n de Argentina<\/a><\/strong>.<\/p>\n<p>Paralelamente, es importante destacar que Argentina aprob\u00f3 recientemente una expedici\u00f3n brit\u00e1nica en aguas nacionales para extraer informaci\u00f3n pesquera de alto valor, lo que permitir\u00e1 a los brit\u00e1nicos explotar con mayor intensidad los recursos que deber\u00edan estar en manos de los argentinos. Esta decisi\u00f3n del Consejo Federal Pesquero ha sido parad\u00f3jica y controvertida.<\/p>\n<p><img loading=\"lazy\" decoding=\"async\" class=\"alignnone wp-image-8213 size-full\" src=\"https:\/\/cafeprensa.com.ar\/wp-content\/uploads\/2025\/05\/industria-acuicola-2-2.webp\" alt=\"\" width=\"800\" height=\"533\" srcset=\"https:\/\/cafeprensa.com.ar\/wp-content\/uploads\/2025\/05\/industria-acuicola-2-2.webp 800w, https:\/\/cafeprensa.com.ar\/wp-content\/uploads\/2025\/05\/industria-acuicola-2-2-300x200.webp 300w, https:\/\/cafeprensa.com.ar\/wp-content\/uploads\/2025\/05\/industria-acuicola-2-2-768x512.webp 768w\" sizes=\"auto, (max-width: 800px) 100vw, 800px\" \/><\/p>\n<p>En la\u00a0<strong>C\u00e1mara de los Lores<\/strong>\u00a0en Londres, se discuti\u00f3 sobre este tema y la Baronesa Chapman, en una respuesta oficial, sostuvo que \u201c<strong>los recursos naturales de las Islas Falkland pertenecen a la gente de este Territorio<\/strong>\u201c. Sin embargo, esta afirmaci\u00f3n carece de fundamento cuando se considera que la\u00a0<strong>mayor\u00eda de los habitantes de las islas son de origen brit\u00e1nico<\/strong>, una poblaci\u00f3n\u00a0<strong>implantada por el imperio brit\u00e1nico<\/strong>.<\/p>\n<p>La culminaci\u00f3n de esta consulta est\u00e1 programada para septiembre de 2025, mientras las autoridades brit\u00e1nicas contin\u00faan recibiendo informes sobre el posible\u00a0<strong>impacto socioecon\u00f3mico y ambiental de estas granjas<\/strong>.<\/p>\n<p>Proyectos como la cr\u00eda industrial de salmones no solo alteran el ecosistema local e\u00a0<strong>impactan negativamente en el aspecto ecol\u00f3gico de la regi\u00f3n<\/strong>, sino que tambi\u00e9n permiten el desarrollo comercial, pol\u00edtico y militar del colonialismo brit\u00e1nico en una zona donde ya\u00a0<strong>han explotado gran parte de los recursos marinos y contin\u00faan con su expansi\u00f3n militar en el Atl\u00e1ntico Sur<\/strong>.<\/p>\n<figure id=\"attachment_8214\" aria-describedby=\"caption-attachment-8214\" style=\"width: 1024px\" class=\"wp-caption alignnone\"><img loading=\"lazy\" decoding=\"async\" class=\"wp-image-8214 size-large\" src=\"https:\/\/cafeprensa.com.ar\/wp-content\/uploads\/2025\/05\/industria-del-salmon-y-sus-consecuencias-1024x684.jpg\" alt=\"\" width=\"1024\" height=\"684\" srcset=\"https:\/\/cafeprensa.com.ar\/wp-content\/uploads\/2025\/05\/industria-del-salmon-y-sus-consecuencias-1024x684.jpg 1024w, https:\/\/cafeprensa.com.ar\/wp-content\/uploads\/2025\/05\/industria-del-salmon-y-sus-consecuencias-300x200.jpg 300w, https:\/\/cafeprensa.com.ar\/wp-content\/uploads\/2025\/05\/industria-del-salmon-y-sus-consecuencias-768x513.jpg 768w, https:\/\/cafeprensa.com.ar\/wp-content\/uploads\/2025\/05\/industria-del-salmon-y-sus-consecuencias.jpg 1200w\" sizes=\"auto, (max-width: 1024px) 100vw, 1024px\" \/><figcaption id=\"caption-attachment-8214\" class=\"wp-caption-text\"><span style=\"color: #2b2b2b; font-size: 16px;\">La comunidad internacional deber\u00eda presionar por negociaciones que reconozcan el <\/span><strong style=\"color: #2b2b2b; font-size: 16px;\">derecho de Argentina a participar en la gesti\u00f3n de los recursos naturales de las Malvinas<\/strong><span style=\"color: #2b2b2b; font-size: 16px;\">\u00a0y, m\u00e1s importante a\u00fan, a\u00a0<\/span><strong style=\"color: #2b2b2b; font-size: 16px;\">recuperar el territorio que hist\u00f3ricamente le pertenece<\/strong><span style=\"color: #2b2b2b; font-size: 16px;\">.<\/span><\/figcaption><\/figure>\n<p><em><strong>\u201cArgentina dijo no a esta actividad\u201d por una ley de Tierra del Fuego<\/strong><\/em><\/p>\n<p>La\u00a0<strong>legislatura fueguina\u00a0<a href=\"https:\/\/noticiasambientales.com\/compromiso-ambiental\/tierra-del-fuego-prohibio-por-ley-la-cria-de-salmones\/\">aprob\u00f3 hoy por unanimidad el proyecto de ley que proh\u00edbe la salmonicultura en Tierra del Fuego<\/a>;\u00a0<\/strong>actividad que amenaza no solamente al\u00a0<strong>ambiente<\/strong>\u00a0sino a la\u00a0<strong>salud<\/strong>\u00a0y la econom\u00eda de la provincia. La ley, promovida por el legislador Pablo Villegas del Movimiento Popular Fueguino, puso a la\u00a0<strong>Argentina en los ojos del mundo<\/strong>, posicionando al pa\u00eds como el primero en tomar una decisi\u00f3n de tal magnitud en cuanto al\u00a0<strong>cuidado del ambiente<\/strong>.<\/p>\n<p>\u201cLa sanci\u00f3n de esta ley es una clara y contundente definici\u00f3n institucional que destaca la\u00a0<strong>importancia que tiene para los fueguinos, la protecci\u00f3n y conservaci\u00f3n de nuestros recursos naturales, del patrimonio gen\u00e9tico de nuestros seres vivos y de su ambiente para un desarrollo econ\u00f3mico sostenible<\/strong>\u201d, resalt\u00f3 el legislador Villegas.<\/p>\n","protected":false},"excerpt":{"rendered":"<p>Entre abril y septiembre de 2025, se llevar\u00e1 a cabo un proceso de\u00a0consulta p\u00fablica\u00a0para decidir sobre un proyecto que busca ampliar el principal sector econ\u00f3mico de la\u00a0colonia brit\u00e1nica en las Islas Malvinas la industria del salm\u00f3n. El gobierno de las\u00a0Islas Malvinas\u00a0ha anunciado una consulta p\u00fablica sobre la posible implementaci\u00f3n de\u00a0granjas de cr\u00eda industrial de salmones, &hellip;<\/p>\n","protected":false},"author":2,"featured_media":8214,"comment_status":"open","ping_status":"open","sticky":false,"template":"","format":"standard","meta":{"footnotes":""},"categories":[54,33],"tags":[1947,1011,1428],"class_list":["post-8211","post","type-post","status-publish","format-standard","has-post-thumbnail","hentry","category-interes-ganeral","category-nacionales","tag-industria-del-salmon","tag-isalas-malvinas","tag-patagonia"],"_links":{"self":[{"href":"https:\/\/cafeprensa.com.ar\/index.php\/wp-json\/wp\/v2\/posts\/8211","targetHints":{"allow":["GET"]}}],"collection":[{"href":"https:\/\/cafeprensa.com.ar\/index.php\/wp-json\/wp\/v2\/posts"}],"about":[{"href":"https:\/\/cafeprensa.com.ar\/index.php\/wp-json\/wp\/v2\/types\/post"}],"author":[{"embeddable":true,"href":"https:\/\/cafeprensa.com.ar\/index.php\/wp-json\/wp\/v2\/users\/2"}],"replies":[{"embeddable":true,"href":"https:\/\/cafeprensa.com.ar\/index.php\/wp-json\/wp\/v2\/comments?post=8211"}],"version-history":[{"count":1,"href":"https:\/\/cafeprensa.com.ar\/index.php\/wp-json\/wp\/v2\/posts\/8211\/revisions"}],"predecessor-version":[{"id":8215,"href":"https:\/\/cafeprensa.com.ar\/index.php\/wp-json\/wp\/v2\/posts\/8211\/revisions\/8215"}],"wp:featuredmedia":[{"embeddable":true,"href":"https:\/\/cafeprensa.com.ar\/index.php\/wp-json\/wp\/v2\/media\/8214"}],"wp:attachment":[{"href":"https:\/\/cafeprensa.com.ar\/index.php\/wp-json\/wp\/v2\/media?parent=8211"}],"wp:term":[{"taxonomy":"category","embeddable":true,"href":"https:\/\/cafeprensa.com.ar\/index.php\/wp-json\/wp\/v2\/categories?post=8211"},{"taxonomy":"post_tag","embeddable":true,"href":"https:\/\/cafeprensa.com.ar\/index.php\/wp-json\/wp\/v2\/tags?post=8211"}],"curies":[{"name":"wp","href":"https:\/\/api.w.org\/{rel}","templated":true}]}}