{"id":8259,"date":"2025-05-15T13:35:45","date_gmt":"2025-05-15T11:35:45","guid":{"rendered":"https:\/\/cafeprensa.com.ar\/?p=8259"},"modified":"2025-05-15T13:35:45","modified_gmt":"2025-05-15T11:35:45","slug":"un-empleado-de-la-municipalidad-de-concepcion-fue-acusado-de-secuestro-y-abuso-sexual","status":"publish","type":"post","link":"https:\/\/cafeprensa.com.ar\/index.php\/2025\/05\/15\/un-empleado-de-la-municipalidad-de-concepcion-fue-acusado-de-secuestro-y-abuso-sexual\/","title":{"rendered":"Un empleado de la Municipalidad de Concepci\u00f3n fue acusado de secuestro y abuso sexual"},"content":{"rendered":"<p class=\"page-header\">Por una joven que fue a trabajar en su casa.<\/p>\n<div><b>Un hombre de 42 a\u00f1os fue detenido este martes en la ciudad de Concepci\u00f3n, acusado del delito de abuso sexual con acceso carnal, tras una denuncia presentada por una joven que asegur\u00f3 haber sido enga\u00f1ada y atacada en su domicilio.\u00a0<\/b><\/div>\n<div><\/div>\n<div>El acusado, empleado de la Municipalidad local, fue arrestado por orden del juez\u00a0<b>Enrique Cacicci<\/b>, en el marco de una investigaci\u00f3n liderada por la<strong> Unidad Fiscal de Integridad Sexual y Violencia de G\u00e9nero.<\/strong><\/div>\n<div>El hecho que deriv\u00f3 en la detenci\u00f3n fue denunciado el lunes 12 de mayo, cuando la v\u00edctima relat\u00f3 que hab\u00eda publicado en su cuenta de Facebook un mensaje en el que manifestaba estar en la b\u00fasqueda de trabajo.<\/div>\n<div>Fue entonces cuando el hombre, ahora detenido, la contact\u00f3 para ofrecerle un supuesto empleo como empleada dom\u00e9stica en su casa, adem\u00e1s de prometerle un puesto en el municipio donde trabaja.<\/div>\n<p>Seg\u00fan el testimonio de la joven, el mismo d\u00eda del contacto virtual se traslad\u00f3 al domicilio del acusado, ubicado en avenida G\u00fcemes.<\/p>\n<p><strong>All\u00ed, siempre seg\u00fan su relato, fue retenida contra su voluntad, agredida f\u00edsicamente y luego abusada sexualmente. La v\u00edctima indic\u00f3 que el hombre le impidi\u00f3 salir hasta que ella logr\u00f3 enga\u00f1arlo, fingiendo que necesitaba irse moment\u00e1neamente, y as\u00ed escap\u00f3.<\/strong><br \/>\n<b>Con la denuncia en manos del Ministerio P\u00fablico Fiscal, la Divisi\u00f3n de Investigaciones G2, a cargo del Subcomisario Franco G\u00f3mez, dio inicio a una serie de actuaciones que incluyeron entrevistas, recopilaci\u00f3n de pruebas y an\u00e1lisis del entorno del sospechoso. Con los elementos reunidos, se solicit\u00f3 a la Justicia una orden de allanamiento y detenci\u00f3n que fue ejecutada en la ma\u00f1ana de este martes.<\/b><br \/>\nDurante el operativo, adem\u00e1s de arrestar al sospechoso, los efectivos secuestraron objetos que podr\u00edan estar vinculados al caso, entre ellos un tel\u00e9fono celular, una remera, un juego de s\u00e1banas y un cubrecama. Estas pruebas ser\u00e1n ahora analizadas en el marco de la causa judicial.<br \/>\nLa detenci\u00f3n fue realizada por personal de la <strong>Comisar\u00eda de Concepci\u00f3n<\/strong> junto con efectivos del \u00e1rea de Criminal\u00edstica y de Investigaciones. Las acciones estuvieron bajo la supervisi\u00f3n del jefe de Zona I de la Unidad Regional Sur, Comisario Inspector <b>Sergio Gonz\u00e1lez<\/b>, y fueron coordinadas por la c\u00fapula de la URS.<br \/>\nEl acusado permanece privado de su libertad mientras la Unidad Fiscal de Integridad Sexual avanza con las pericias forenses, la toma de declaraci\u00f3n indagatoria y la evaluaci\u00f3n de las pruebas recolectadas. El caso gener\u00f3 fuerte conmoci\u00f3n en la ciudad, ya que el detenido ocupa un cargo dentro de la estructura municipal.<br \/>\n<b>Las autoridades judiciales indicaron que en los pr\u00f3ximos d\u00edas podr\u00edan tomarse medidas adicionales seg\u00fan lo que arrojen las pericias, mientras la v\u00edctima ya se encuentra bajo asistencia del equipo de contenci\u00f3n especializado del Ministerio P\u00fablico Fiscal.<\/b><\/p>\n","protected":false},"excerpt":{"rendered":"<p>Por una joven que fue a trabajar en su casa. Un hombre de 42 a\u00f1os fue detenido este martes en la ciudad de Concepci\u00f3n, acusado del delito de abuso sexual con acceso carnal, tras una denuncia presentada por una joven que asegur\u00f3 haber sido enga\u00f1ada y atacada en su domicilio.\u00a0 El acusado, empleado de la &hellip;<\/p>\n","protected":false},"author":2,"featured_media":8260,"comment_status":"open","ping_status":"open","sticky":false,"template":"","format":"standard","meta":{"footnotes":""},"categories":[34,26],"tags":[1413],"class_list":["post-8259","post","type-post","status-publish","format-standard","has-post-thumbnail","hentry","category-locales","category-policiales","tag-municipalidad-de-concepcion"],"_links":{"self":[{"href":"https:\/\/cafeprensa.com.ar\/index.php\/wp-json\/wp\/v2\/posts\/8259","targetHints":{"allow":["GET"]}}],"collection":[{"href":"https:\/\/cafeprensa.com.ar\/index.php\/wp-json\/wp\/v2\/posts"}],"about":[{"href":"https:\/\/cafeprensa.com.ar\/index.php\/wp-json\/wp\/v2\/types\/post"}],"author":[{"embeddable":true,"href":"https:\/\/cafeprensa.com.ar\/index.php\/wp-json\/wp\/v2\/users\/2"}],"replies":[{"embeddable":true,"href":"https:\/\/cafeprensa.com.ar\/index.php\/wp-json\/wp\/v2\/comments?post=8259"}],"version-history":[{"count":1,"href":"https:\/\/cafeprensa.com.ar\/index.php\/wp-json\/wp\/v2\/posts\/8259\/revisions"}],"predecessor-version":[{"id":8261,"href":"https:\/\/cafeprensa.com.ar\/index.php\/wp-json\/wp\/v2\/posts\/8259\/revisions\/8261"}],"wp:featuredmedia":[{"embeddable":true,"href":"https:\/\/cafeprensa.com.ar\/index.php\/wp-json\/wp\/v2\/media\/8260"}],"wp:attachment":[{"href":"https:\/\/cafeprensa.com.ar\/index.php\/wp-json\/wp\/v2\/media?parent=8259"}],"wp:term":[{"taxonomy":"category","embeddable":true,"href":"https:\/\/cafeprensa.com.ar\/index.php\/wp-json\/wp\/v2\/categories?post=8259"},{"taxonomy":"post_tag","embeddable":true,"href":"https:\/\/cafeprensa.com.ar\/index.php\/wp-json\/wp\/v2\/tags?post=8259"}],"curies":[{"name":"wp","href":"https:\/\/api.w.org\/{rel}","templated":true}]}}