{"id":8291,"date":"2025-05-15T16:53:34","date_gmt":"2025-05-15T14:53:34","guid":{"rendered":"https:\/\/cafeprensa.com.ar\/?p=8291"},"modified":"2025-05-15T16:53:34","modified_gmt":"2025-05-15T14:53:34","slug":"scioli-banco-a-adorni-con-un-tuit-bien-libertario-y-rima-incluida-la-respuesta-en-las-redes","status":"publish","type":"post","link":"https:\/\/cafeprensa.com.ar\/index.php\/2025\/05\/15\/scioli-banco-a-adorni-con-un-tuit-bien-libertario-y-rima-incluida-la-respuesta-en-las-redes\/","title":{"rendered":"Scioli banc\u00f3 a Adorni con un tuit bien libertario y rima incluida: la respuesta en las redes"},"content":{"rendered":"<div class=\"article__header max-width-md\">\n<p class=\"article__headline\">Daniel Scioli comparti\u00f3 un posteo de Manuel Adorni para apoyarlo en el cierre de la campa\u00f1a. La rima fue el dato particular. <strong>Daniel Scioli<\/strong>, ex vicepresidente de N\u00e9stor Kirchner, exgobernador peronista, hoy funcionario de<strong>\u00a0Javier Milei<\/strong>, sum\u00f3 su aporte al\u00a0<a href=\"https:\/\/www.perfil.com\/noticias\/politica\/militantes-pagos-tension-entre-organizaciones-y-el-respaldo-absoluto-de-nacion-como-fue-el-cierre-de-campana-de-adorni.phtml\" target=\"_blank\" rel=\"noopener\">cierre de campa\u00f1a de Manuel Adorni en CABA<\/a>, con un tuit\u00a0<strong>con una rima perfecta<\/strong>. La tela para cortar est\u00e1 en el breve texto. Porque combina el hist\u00f3rico slogan de su vida pol\u00edtica anterior con el nombre con forma de oraci\u00f3n del partido gobernante.<\/p>\n<\/div>\n<div class=\"col-fluid col-fluid-max col-fluid--clip\">\n<div class=\"article__main max-width-md\">\n<div class=\"article__wrapper\">\n<div id=\"article-content\" class=\"article__content standard\">\n<p>\u201c<strong>Con fe y esperanza, La Libertad Avanza<\/strong>\u201d, rim\u00f3, y agreg\u00f3 la banderita argentina.<\/p>\n<picture><source srcset=\"https:\/\/fotos.perfil.com\/\/2025\/05\/15\/440\/0\/scioli-apoya-a-adorni-2023606.jpg?webp\" media=\"(max-width: 440px)\" \/><source srcset=\"https:\/\/fotos.perfil.com\/\/2025\/05\/15\/712\/0\/scioli-apoya-a-adorni-2023606.jpg?webp\" media=\"(max-width: 1019px)\" \/><img decoding=\"async\" src=\"https:\/\/fotos.perfil.com\/\/2025\/05\/15\/900\/0\/scioli-apoya-a-adorni-2023606.jpg?webp\" alt=\"Scioli apoya a Adorni\" \/><\/picture>\n<p>Lo hizo al compartir un posteo donde el candidato que encabeza la lista de LLA para las elecciones de este domingo public\u00f3 la foto de su abrazo con Milei. Con el texto: \u201cPorque finalmente lo \u00fanico que importa es la libertad. Fin\u201d. Scioli, que lleg\u00f3 a anunciar una precandidatura en 2023 por el peronismo, fue convocado para el gobierno libertario y es el actual secretario de Turismo, Ambiente y Deporte.<\/p>\n<p>Este posteo en apoyo de Adorni le gener\u00f3 una buena cantidad de respuestas de los usuarios en las redes, que le recordaron\u00a0<strong>su pasado en la vereda de enfrente<\/strong>.<\/p>\n<picture><source srcset=\"https:\/\/fotos.perfil.com\/\/2025\/05\/15\/440\/0\/scioli-2023612.jpg?webp\" media=\"(max-width: 440px)\" \/><source srcset=\"https:\/\/fotos.perfil.com\/\/2025\/05\/15\/712\/0\/scioli-2023612.jpg?webp\" media=\"(max-width: 1019px)\" \/><img decoding=\"async\" src=\"https:\/\/fotos.perfil.com\/\/2025\/05\/15\/900\/0\/scioli-2023612.jpg?webp\" alt=\"Scioli\" \/><\/picture>\n<picture><source srcset=\"https:\/\/fotos.perfil.com\/\/2025\/05\/15\/440\/0\/scioli-2023607.jpg?webp\" media=\"(max-width: 440px)\" \/><source srcset=\"https:\/\/fotos.perfil.com\/\/2025\/05\/15\/712\/0\/scioli-2023607.jpg?webp\" media=\"(max-width: 1019px)\" \/><img decoding=\"async\" src=\"https:\/\/fotos.perfil.com\/\/2025\/05\/15\/900\/0\/scioli-2023607.jpg?webp\" alt=\"Scioli\" \/><\/picture>\n<picture><source srcset=\"https:\/\/fotos.perfil.com\/\/2025\/05\/15\/440\/0\/scioli-2023609.jpg?webp\" media=\"(max-width: 440px)\" \/><source srcset=\"https:\/\/fotos.perfil.com\/\/2025\/05\/15\/712\/0\/scioli-2023609.jpg?webp\" media=\"(max-width: 1019px)\" \/><img decoding=\"async\" src=\"https:\/\/fotos.perfil.com\/\/2025\/05\/15\/900\/0\/scioli-2023609.jpg?webp\" alt=\"Scioli\" \/><\/picture>\n<p>Lo llenaron de fotos del exmotonauta con todos los presidentes del peronismo, desde<strong>\u00a0Eduardo Duhalde<\/strong>\u00a0hasta\u00a0<strong>Alberto Fern\u00e1ndez<\/strong>. Y lo llamaron \u201c<strong>impresentable<\/strong>\u201d, \u201c<strong>panqueque<\/strong>\u201d, y \u201c<strong>caradura<\/strong>\u201d, entre los ep\u00edtetos m\u00e1s elegantes.<\/p>\n<p><em><strong>Hubo de los otros, tambi\u00e9n.<\/strong><\/em><\/p>\n<p>Y algunos a favor, c\u00f3mo no: \u201c<strong>Gracias por contribuir para un mejor pa\u00eds<\/strong>. No le des bola a los kukas resentidos del chat\u201d, se anot\u00f3 un usuario. Otros se prendieron al chiste con la rima: \u201cCon fe y esperanza me subo a la balanza\u201d (por ejemplo). Y\u00a0<strong>hasta lo llamaron poeta<\/strong>.<\/p>\n<p><em><strong><span style=\"font-size: 8pt;\">FUENTE; PERFIL<\/span><\/strong><\/em><\/p>\n<\/div>\n<\/div>\n<\/div>\n<\/div>\n","protected":false},"excerpt":{"rendered":"<p>Daniel Scioli comparti\u00f3 un posteo de Manuel Adorni para apoyarlo en el cierre de la campa\u00f1a. La rima fue el dato particular. Daniel Scioli, ex vicepresidente de N\u00e9stor Kirchner, exgobernador peronista, hoy funcionario de\u00a0Javier Milei, sum\u00f3 su aporte al\u00a0cierre de campa\u00f1a de Manuel Adorni en CABA, con un tuit\u00a0con una rima perfecta. La tela para &hellip;<\/p>\n","protected":false},"author":2,"featured_media":8292,"comment_status":"open","ping_status":"open","sticky":false,"template":"","format":"standard","meta":{"footnotes":""},"categories":[33,25],"tags":[1598,529],"class_list":["post-8291","post","type-post","status-publish","format-standard","has-post-thumbnail","hentry","category-nacionales","category-politica","tag-adorni","tag-scioli"],"_links":{"self":[{"href":"https:\/\/cafeprensa.com.ar\/index.php\/wp-json\/wp\/v2\/posts\/8291","targetHints":{"allow":["GET"]}}],"collection":[{"href":"https:\/\/cafeprensa.com.ar\/index.php\/wp-json\/wp\/v2\/posts"}],"about":[{"href":"https:\/\/cafeprensa.com.ar\/index.php\/wp-json\/wp\/v2\/types\/post"}],"author":[{"embeddable":true,"href":"https:\/\/cafeprensa.com.ar\/index.php\/wp-json\/wp\/v2\/users\/2"}],"replies":[{"embeddable":true,"href":"https:\/\/cafeprensa.com.ar\/index.php\/wp-json\/wp\/v2\/comments?post=8291"}],"version-history":[{"count":1,"href":"https:\/\/cafeprensa.com.ar\/index.php\/wp-json\/wp\/v2\/posts\/8291\/revisions"}],"predecessor-version":[{"id":8293,"href":"https:\/\/cafeprensa.com.ar\/index.php\/wp-json\/wp\/v2\/posts\/8291\/revisions\/8293"}],"wp:featuredmedia":[{"embeddable":true,"href":"https:\/\/cafeprensa.com.ar\/index.php\/wp-json\/wp\/v2\/media\/8292"}],"wp:attachment":[{"href":"https:\/\/cafeprensa.com.ar\/index.php\/wp-json\/wp\/v2\/media?parent=8291"}],"wp:term":[{"taxonomy":"category","embeddable":true,"href":"https:\/\/cafeprensa.com.ar\/index.php\/wp-json\/wp\/v2\/categories?post=8291"},{"taxonomy":"post_tag","embeddable":true,"href":"https:\/\/cafeprensa.com.ar\/index.php\/wp-json\/wp\/v2\/tags?post=8291"}],"curies":[{"name":"wp","href":"https:\/\/api.w.org\/{rel}","templated":true}]}}