{"id":8298,"date":"2025-05-16T12:43:48","date_gmt":"2025-05-16T10:43:48","guid":{"rendered":"https:\/\/cafeprensa.com.ar\/?p=8298"},"modified":"2025-05-16T12:43:48","modified_gmt":"2025-05-16T10:43:48","slug":"jaldo-inauguro-obras-de-remodelacion-en-una-escuela-de-aguilares","status":"publish","type":"post","link":"https:\/\/cafeprensa.com.ar\/index.php\/2025\/05\/16\/jaldo-inauguro-obras-de-remodelacion-en-una-escuela-de-aguilares\/","title":{"rendered":"Jaldo inaugur\u00f3 obras de remodelaci\u00f3n en una escuela de Aguilares"},"content":{"rendered":"<div class=\"row ts-gutter-30 noticia\">\n<div class=\"col-lg-8 nota-left-section\">\n<div id=\"details-news-234557\" class=\"single-post\">\n<div class=\"post-content-area\">\n<div class=\"articleBody\">\n<p>El gobernador<strong>\u00a0Osvaldo Jaldo<\/strong>, inaugur\u00f3 este jueves, importantes obras de ampliaci\u00f3n y refuncionalizaci\u00f3n en la Escuela Gobernador Jos\u00e9 Fr\u00edas Silva, ubicada en Aguilares.<\/p>\n<p>Del acto particip\u00f3 el presiente subrogante de la Legislatura, a cargo de la vicegobernaci\u00f3n,\u00a0<strong>Sergio Mansilla<\/strong>; los ministros del Interior,\u00a0<strong>Dar\u00edo Monteros<\/strong>; Edcuaci\u00f3n,\u00a0<strong>Susana Montaldo\u00a0<\/strong>y de Obras P\u00fablicas<strong>, Marcelo Nazur<\/strong>; la intendenta de Aguilares,\u00a0<strong>Gim\u00e9na Mansilla;\u00a0<\/strong>de Taf\u00ed del Valle,<strong>\u00a0Francisco Caliva;<\/strong>\u00a0las diputadas\u00a0<strong>Elia Fern\u00e1ndez\u00a0<\/strong>y\u00a0<strong>Gladys Medina.\u00a0<\/strong>Tambi\u00e9n asistieron los legisladores\u00a0<strong>Nancy Bulacio, Walter Herrera, Ger\u00f3nimo Vargas Aignasse, Hugo Ledesma, Alberto Olea\u00a0<\/strong>y\u00a0<strong>Alejandro Figueroa,<\/strong>\u00a0junto al secretario de Gobierno,\u00a0<strong>Ra\u00fal Albarrac\u00edn.<\/strong>\u00a0Adem\u00e1s, estuvo el secretario de Planificaci\u00f3n,\u00a0<strong>Javier Morof\u00a0<\/strong>y de Saneamiento\u00a0<strong>Carlos Ass\u00e1n<\/strong>, entre otras autoridades.<\/p>\n<p>Durante el acto, Jaldo destac\u00f3 el trabajo conjunto entre el gobierno Provincial y la Municipalidad de Aguilares para concretar esta obra fundamental para la educaci\u00f3n de ni\u00f1as, ni\u00f1os y j\u00f3venes de la zona. En tan solo cuatro meses, y a pesar del dif\u00edcil contexto econ\u00f3mico nacional, se logr\u00f3 construir siete nuevas aulas que permitir\u00e1n que los estudiantes cuenten nuevamente con un espacio propio, seguro y digno para aprender.<\/p>\n<p><img decoding=\"async\" class=\"img-responsive\" src=\"https:\/\/www.comunicaciontucuman.gob.ar\/fotos\/notas\/2025\/05\/15\/250515205517_40964.jpeg\" \/><\/p>\n<p>\u201cA pesar de que hoy no hay financiamiento nacional ni se ejecutan obras p\u00fablicas desde la Naci\u00f3n, nosotros decidimos hacernos cargo. Con recursos provinciales y municipales, cumplimos con nuestra palabra y respondimos a una necesidad urgente de la comunidad educativa\u201d, afirm\u00f3 el gobernador.<\/p>\n<p><strong>La Escuela Fr\u00edas Silva hab\u00eda sido demolida en 2022 con el objetivo de realizar una reconstrucci\u00f3n total, pero el cambio de administraci\u00f3n nacional y la interrupci\u00f3n de las obras dej\u00f3 a los alumnos sin edificio durante casi tres a\u00f1os. En ese per\u00edodo, los docentes y alumnos se adaptaron a espacios alternativos, manteniendo activo el proceso de ense\u00f1anza-aprendizaje gracias al esfuerzo y compromiso de toda la comunidad.<\/strong><\/p>\n<p>Jaldo valor\u00f3 especialmente la decisi\u00f3n pol\u00edtica de la intendenta Gimena Mansilla, quien asumi\u00f3 el desaf\u00edo de reactivar la obra junto al gobierno provincial. \u201cNo perdimos tiempo en echar culpas, nos pusimos a trabajar para dar respuestas concretas\u201d, se\u00f1al\u00f3 el mandatario, al tiempo que agradeci\u00f3 a los docentes, padres y madres por su paciencia y acompa\u00f1amiento durante los a\u00f1os de espera.<\/p>\n<p><img decoding=\"async\" class=\"img-responsive\" src=\"https:\/\/www.comunicaciontucuman.gob.ar\/fotos\/notas\/2025\/05\/15\/250515205533_33953.jpeg\" \/><\/p>\n<p>En su discurso, el gobernador tambi\u00e9n hizo una fuerte defensa del rol del Estado como garante de derechos y promotor de igualdad de oportunidades. <strong>\u201cNo se puede vivir en un pa\u00eds sin inversi\u00f3n p\u00fablica. Educaci\u00f3n, salud, seguridad y desarrollo social necesitan de un Estado presente, sobre todo en tiempos dif\u00edciles. En Tucum\u00e1n estamos haciendo m\u00e1s obras que nunca, porque gestionamos con responsabilidad y eficiencia\u201d,<\/strong> remarc\u00f3.<\/p>\n<p>Por su parte, la intendenta manifest\u00f3 que \u00abcelebramos un d\u00eda muy especial con la inauguraci\u00f3n de siete aulas en la Escuela Jos\u00e9 Fr\u00eda Silva, una obra que hab\u00eda quedado paralizada durante el cambio de gesti\u00f3n\u00bb, coment\u00f3 la intendenta.<\/p>\n<p>En este sentido, dijo que <strong>\u00aba lo largo del a\u00f1o 2023, los estudiantes tuvieron que adaptarse y asistir a diferentes lugares para completar los m\u00e1s de 187 d\u00edas de clases. Gracias al esfuerzo conjunto de docentes, directivos y la ministra de Educaci\u00f3n, logramos que los chicos cumplieran con su calendario escolar\u00bb.<\/strong><\/p>\n<p><img decoding=\"async\" class=\"img-responsive\" src=\"https:\/\/www.comunicaciontucuman.gob.ar\/fotos\/notas\/2025\/05\/15\/250515205551_97737.jpeg\" \/><\/p>\n<p>A su vez, indic\u00f3 que \u00abestamos cumpliendo con lo que no se hab\u00eda realizado desde la Naci\u00f3n, gracias al apoyo del gobierno provincial y del Ministerio de Educaci\u00f3n. Esta obra incluye aulas con sanitarios adaptados para personas con discapacidad, sanitarios para profesores, un dep\u00f3sito y un patio que los estudiantes podr\u00e1n utilizar en sus tiempos libres\u00bb.<\/p>\n<p><strong>Adem\u00e1s, mencion\u00f3 que \u00abhemos firmado un convenio con la Universidad Nacional de Tucum\u00e1n para traer nuevas carreras al centro universitario de nuestra ciudad, incluyendo contador p\u00fablico y administraci\u00f3n de empresas. Tambi\u00e9n hemos comenzado la construcci\u00f3n de un nuevo edificio en el mismo predio de la universidad, lo que permitir\u00e1 ofrecer m\u00e1s oportunidades educativas no solo en Aguilares, sino en todo el sur de la provincia\u00bb.<\/strong><\/p>\n<p>A su vez, Montaldo, quien visit\u00f3 la escuela por primera vez en noviembre de 2023, record\u00f3 los desaf\u00edos que enfrentaron al inicio de su gesti\u00f3n. \u00abMe encontr\u00e9 con el problema, con los padres preocupados, pero desde esa primera instancia, tanto la intendenta como el hoy vicegobernador Sergio Mancilla me dijeron: &#8216;no te preocupes, juntos vamos a solucionar este problema'\u00bb, expres\u00f3.<\/p>\n<p><img decoding=\"async\" class=\"img-responsive\" src=\"https:\/\/www.comunicaciontucuman.gob.ar\/fotos\/notas\/2025\/05\/15\/250515205607_29641.jpeg\" \/><\/p>\n<p>Con la nueva inauguraci\u00f3n, la Escuela Jos\u00e9 Fr\u00edas Silva ofrece un entorno digno y adecuado para el aprendizaje, lo que permitir\u00e1 a los estudiantes acceder a una mejor educaci\u00f3n. \u00abEstamos comenzando el 2024 con una nueva sede para el nivel inicial, y hoy solo queda celebrar la actitud de trabajar en equipo y la confianza en que los chicos tendr\u00e1n una mejor educaci\u00f3n\u00bb, concluy\u00f3.<\/p>\n<p><strong>Por su parte Monteros expres\u00f3 su satisfacci\u00f3n por la finalizaci\u00f3n de las obras y destac\u00f3 la importancia de la pol\u00edtica como herramienta para resolver las necesidades de la comunidad. \u00abLa pol\u00edtica es fuente para resolver las situaciones. Aqu\u00ed en Aguilares, hemos trabajado para que esta escuela vuelva a su causa normal, permitiendo que los alumnos tengan acceso a aulas adecuadas\u00bb, afirm\u00f3.<\/strong><\/p>\n<p><strong>El Ministro tambi\u00e9n reconoci\u00f3 el papel fundamental de la intendenta de Aguilares, quien lider\u00f3 las gestiones necesarias para llevar a cabo este proyecto. \u00abGracias a su esfuerzo, junto con el apoyo del presidente subrogante de la Legislatura y nuestra diputada nacional, Elia Mansilla, hemos logrado que hoy podamos ver esta ampliaci\u00f3n como una realidad\u00bb, a\u00f1adi\u00f3.<\/strong><\/p>\n<p>Las obras fueron financiadas con recursos propios de la provincia, as\u00ed como con aportes del Ministerio de Econom\u00eda y del Ministerio del Interior, lo que refleja un compromiso claro del Gobernador Osvaldo Jaldo con la educaci\u00f3n en Tucum\u00e1n. <strong>\u00abTucum\u00e1n est\u00e1 primero para Osvaldo Jaldo, y en este caso, Aguilares ha estado primero a trav\u00e9s de la educaci\u00f3n\u00bb,<\/strong> concluy\u00f3.<\/p>\n<\/div>\n<\/div>\n<\/div>\n<\/div>\n<\/div>\n","protected":false},"excerpt":{"rendered":"<p>El gobernador\u00a0Osvaldo Jaldo, inaugur\u00f3 este jueves, importantes obras de ampliaci\u00f3n y refuncionalizaci\u00f3n en la Escuela Gobernador Jos\u00e9 Fr\u00edas Silva, ubicada en Aguilares. Del acto particip\u00f3 el presiente subrogante de la Legislatura, a cargo de la vicegobernaci\u00f3n,\u00a0Sergio Mansilla; los ministros del Interior,\u00a0Dar\u00edo Monteros; Edcuaci\u00f3n,\u00a0Susana Montaldo\u00a0y de Obras P\u00fablicas, Marcelo Nazur; la intendenta de Aguilares,\u00a0Gim\u00e9na Mansilla;\u00a0de Taf\u00ed &hellip;<\/p>\n","protected":false},"author":2,"featured_media":8299,"comment_status":"open","ping_status":"open","sticky":false,"template":"","format":"standard","meta":{"footnotes":""},"categories":[38,34],"tags":[1674,1965,94],"class_list":["post-8298","post","type-post","status-publish","format-standard","has-post-thumbnail","hentry","category-educacion","category-locales","tag-aguilares","tag-escuela","tag-jaldo"],"_links":{"self":[{"href":"https:\/\/cafeprensa.com.ar\/index.php\/wp-json\/wp\/v2\/posts\/8298","targetHints":{"allow":["GET"]}}],"collection":[{"href":"https:\/\/cafeprensa.com.ar\/index.php\/wp-json\/wp\/v2\/posts"}],"about":[{"href":"https:\/\/cafeprensa.com.ar\/index.php\/wp-json\/wp\/v2\/types\/post"}],"author":[{"embeddable":true,"href":"https:\/\/cafeprensa.com.ar\/index.php\/wp-json\/wp\/v2\/users\/2"}],"replies":[{"embeddable":true,"href":"https:\/\/cafeprensa.com.ar\/index.php\/wp-json\/wp\/v2\/comments?post=8298"}],"version-history":[{"count":1,"href":"https:\/\/cafeprensa.com.ar\/index.php\/wp-json\/wp\/v2\/posts\/8298\/revisions"}],"predecessor-version":[{"id":8300,"href":"https:\/\/cafeprensa.com.ar\/index.php\/wp-json\/wp\/v2\/posts\/8298\/revisions\/8300"}],"wp:featuredmedia":[{"embeddable":true,"href":"https:\/\/cafeprensa.com.ar\/index.php\/wp-json\/wp\/v2\/media\/8299"}],"wp:attachment":[{"href":"https:\/\/cafeprensa.com.ar\/index.php\/wp-json\/wp\/v2\/media?parent=8298"}],"wp:term":[{"taxonomy":"category","embeddable":true,"href":"https:\/\/cafeprensa.com.ar\/index.php\/wp-json\/wp\/v2\/categories?post=8298"},{"taxonomy":"post_tag","embeddable":true,"href":"https:\/\/cafeprensa.com.ar\/index.php\/wp-json\/wp\/v2\/tags?post=8298"}],"curies":[{"name":"wp","href":"https:\/\/api.w.org\/{rel}","templated":true}]}}