{"id":8301,"date":"2025-05-16T12:51:42","date_gmt":"2025-05-16T10:51:42","guid":{"rendered":"https:\/\/cafeprensa.com.ar\/?p=8301"},"modified":"2025-05-16T12:51:42","modified_gmt":"2025-05-16T10:51:42","slug":"intensa-busqueda-de-un-joven-en-concepcion","status":"publish","type":"post","link":"https:\/\/cafeprensa.com.ar\/index.php\/2025\/05\/16\/intensa-busqueda-de-un-joven-en-concepcion\/","title":{"rendered":"Intensa b\u00fasqueda de un joven en Concepci\u00f3n"},"content":{"rendered":"<p><b>La comunidad de Alpachiri se encuentra conmocionada por la desaparici\u00f3n de Juan Ignacio Miranda, un joven de 18 a\u00f1os que fue visto por \u00faltima vez el mi\u00e9rcoles 14 de mayo por la tarde. Desde entonces, se perdi\u00f3 todo contacto con \u00e9l y crece la preocupaci\u00f3n entre sus familiares y amigos, especialmente por el mensaje de despedida que envi\u00f3 horas antes de desaparecer.<\/b><\/p>\n<p>Seg\u00fan el relato de un amigo, quien fue el primero en radicar la denuncia, Juan Ignacio habr\u00eda salido alrededor de las 14:00 con destino a la provincia de Catamarca. Su plan era visitar a una t\u00eda, pero nunca lleg\u00f3 a destino. Lo m\u00e1s alarmante ocurri\u00f3 cerca de las 2:30 de la madrugada del jueves, cuando\u00a0<b>el denunciante recibi\u00f3 un mensaje por celular en el que el joven ped\u00eda perd\u00f3n y se desped\u00eda con palabras cargadas de afecto<\/b>, seguido de un audio en el que se lo notaba profundamente angustiado.<\/p>\n<p>A partir de ese momento, el celular de Juan Ignacio fue apagado, y no se volvi\u00f3 a tener noticias sobre su paradero. Su amigo, alarmado por el contenido del mensaje, comenz\u00f3 de inmediato una b\u00fasqueda por su cuenta. Recorri\u00f3 diversos puntos del sur tucumano que sol\u00edan frecuentar juntos, como el paraje conocido como \u201cel puente viejo\u201d, un sendero cercano a una gruta, y varios sectores rurales pr\u00f3ximos a la ruta provincial 65.<\/p>\n<p>La causa est\u00e1 siendo investigada por una fiscal\u00eda del Centro Judicial Concepci\u00f3n, que ya activ\u00f3 el protocolo de b\u00fasqueda de personas.\u00a0<b>La polic\u00eda local y efectivos de la Unidad Regional Sur se sumaron a las tareas de rastrillaje, mientras se recepcionan testimonios y se analizan im\u00e1genes de c\u00e1maras de seguridad en la zona.<\/b><\/p>\n<p>Fuentes cercanas al joven detallaron que Juan Ignacio atravesaba una situaci\u00f3n personal muy compleja: no contaba con un hogar fijo, hab\u00eda interrumpido un tratamiento m\u00e9dico que ven\u00eda siguiendo y presentaba conflictos familiares. Este cuadro refuerza la hip\u00f3tesis de que podr\u00eda encontrarse en una situaci\u00f3n de vulnerabilidad emocional.<\/p>\n<p>La familia y los amigos del joven solicitaron colaboraci\u00f3n de la comunidad para aportar cualquier dato que pueda ayudar a encontrarlo. <strong>\u201cEs un buen chico, sensible. Solo est\u00e1 pasando un mal momento. Por favor, si alguien lo vio, que avise\u201d,<\/strong> expres\u00f3 entre l\u00e1grimas una allegada.<\/p>\n<p>Las autoridades pidieron que cualquier informaci\u00f3n sobre su paradero sea comunicada a la comisar\u00eda m\u00e1s cercana o a trav\u00e9s del n\u00famero de emergencias 911. Mientras tanto, las tareas de b\u00fasqueda contin\u00faan en los alrededores de Alpachiri, extendi\u00e9ndose tambi\u00e9n hacia sectores monta\u00f1osos y zonas de dif\u00edcil acceso.<\/p>\n<p><b>La angustia crece con el correr de las horas, y la esperanza de encontrar a Juan Ignacio con vida se mantiene firme entre quienes lo conocen. La fiscal\u00eda no descarta ninguna hip\u00f3tesis, pero trabaja con celeridad ante la posibilidad de que se trate de un caso de desaparici\u00f3n voluntaria con riesgo para la integridad del joven.<\/b><\/p>\n","protected":false},"excerpt":{"rendered":"<p>La comunidad de Alpachiri se encuentra conmocionada por la desaparici\u00f3n de Juan Ignacio Miranda, un joven de 18 a\u00f1os que fue visto por \u00faltima vez el mi\u00e9rcoles 14 de mayo por la tarde. Desde entonces, se perdi\u00f3 todo contacto con \u00e9l y crece la preocupaci\u00f3n entre sus familiares y amigos, especialmente por el mensaje de &hellip;<\/p>\n","protected":false},"author":2,"featured_media":8302,"comment_status":"open","ping_status":"open","sticky":false,"template":"","format":"standard","meta":{"footnotes":""},"categories":[34,26],"tags":[379],"class_list":["post-8301","post","type-post","status-publish","format-standard","has-post-thumbnail","hentry","category-locales","category-policiales","tag-concepcion"],"_links":{"self":[{"href":"https:\/\/cafeprensa.com.ar\/index.php\/wp-json\/wp\/v2\/posts\/8301","targetHints":{"allow":["GET"]}}],"collection":[{"href":"https:\/\/cafeprensa.com.ar\/index.php\/wp-json\/wp\/v2\/posts"}],"about":[{"href":"https:\/\/cafeprensa.com.ar\/index.php\/wp-json\/wp\/v2\/types\/post"}],"author":[{"embeddable":true,"href":"https:\/\/cafeprensa.com.ar\/index.php\/wp-json\/wp\/v2\/users\/2"}],"replies":[{"embeddable":true,"href":"https:\/\/cafeprensa.com.ar\/index.php\/wp-json\/wp\/v2\/comments?post=8301"}],"version-history":[{"count":1,"href":"https:\/\/cafeprensa.com.ar\/index.php\/wp-json\/wp\/v2\/posts\/8301\/revisions"}],"predecessor-version":[{"id":8303,"href":"https:\/\/cafeprensa.com.ar\/index.php\/wp-json\/wp\/v2\/posts\/8301\/revisions\/8303"}],"wp:featuredmedia":[{"embeddable":true,"href":"https:\/\/cafeprensa.com.ar\/index.php\/wp-json\/wp\/v2\/media\/8302"}],"wp:attachment":[{"href":"https:\/\/cafeprensa.com.ar\/index.php\/wp-json\/wp\/v2\/media?parent=8301"}],"wp:term":[{"taxonomy":"category","embeddable":true,"href":"https:\/\/cafeprensa.com.ar\/index.php\/wp-json\/wp\/v2\/categories?post=8301"},{"taxonomy":"post_tag","embeddable":true,"href":"https:\/\/cafeprensa.com.ar\/index.php\/wp-json\/wp\/v2\/tags?post=8301"}],"curies":[{"name":"wp","href":"https:\/\/api.w.org\/{rel}","templated":true}]}}