{"id":8315,"date":"2025-05-16T14:57:35","date_gmt":"2025-05-16T12:57:35","guid":{"rendered":"https:\/\/cafeprensa.com.ar\/?p=8315"},"modified":"2025-05-16T14:57:43","modified_gmt":"2025-05-16T12:57:43","slug":"mientras-esta-siendo-juzgado-por-la-muerte-de-maradona-el-medico-luque-gano-un-concurso-de-fisicoculturismo","status":"publish","type":"post","link":"https:\/\/cafeprensa.com.ar\/index.php\/2025\/05\/16\/mientras-esta-siendo-juzgado-por-la-muerte-de-maradona-el-medico-luque-gano-un-concurso-de-fisicoculturismo\/","title":{"rendered":"Mientras est\u00e1 siendo juzgado por la muerte de Maradona, el m\u00e9dico Luque gan\u00f3 un concurso de fisicoculturismo"},"content":{"rendered":"<div class=\"content-article-title\">\n<div class=\"wrapper-layout center-content center_story max-width\">\n<div class=\"col-content\">\n<p class=\"article__title font__display\"><span style=\"font-size: 12pt;\">El neurocirujano lleva varios a\u00f1os dedic\u00e1ndose a la actividad f\u00edsica y se colg\u00f3 una medalla en los \u00faltimos d\u00edas.<\/span><\/p>\n<\/div>\n<\/div>\n<\/div>\n<div class=\"common-layout wrapper-layout center-content center_story max-width story article\">\n<div class=\"col-content\">\n<div class=\"article__header article__story article__article\">\n<div class=\"article__head\">\n<div class=\"article__lead-art article__lead-art-photo\" data-testid=\"LeadArtPhoto\">\n<figure class=\"\" data-testid=\"figure-testid\">\n<div class=\"aspect_ratio__container\"><picture class=\"responsive-image\"><img decoding=\"async\" class=\"width_full height_full article__lead-art-photo image_placeholder\" src=\"https:\/\/tn.com.ar\/resizer\/v2\/leopoldo-luque-junto-a-maradona-poco-antes-de-su-muerte-y-en-el-certamen-de-fisicoculturismo-fotos-archivo-y-leomartinez77-via-x-LLF6PVUQD5FBNM2P6F757UQ6B4.jpg?auth=33a94da189598aad4bdc222214c3db43fc98ef39c180195645c6a38f01c50789&amp;width=767\" alt=\"Leopoldo Luque junto a Maradona, poco antes de su muerte, y en el certamen de fisicoculturismo. (Fotos: archivo y @leomartinez77 v\u00eda X)\" \/><\/picture><\/div><figcaption class=\"caption_image\" data-testid=\"figcaption-testid\">\n<div class=\"image_caption font__body\"><span style=\"font-size: 8pt;\"><strong>Leopoldo Luque junto a Maradona, poco antes de su muerte, y en el certamen de fisicoculturismo.\u00a0<\/strong><\/span><\/div>\n<\/figcaption><\/figure>\n<\/div>\n<\/div>\n<\/div>\n<div class=\"default-article-color article__body article__article\">\n<p class=\"paragraph font__body-regular\">El m\u00e9dico<b>\u00a0Leopoldo Luque<\/b>, uno de los siete imputados en el juicio por la muerte de<b>\u00a0<\/b><a href=\"https:\/\/tn.com.ar\/deportes\/futbol\/2025\/03\/11\/juicio-por-la-muerte-de-diego-maradona-comienza-las-audiencias-en-los-tribunales-de-san-isidro\/\" target=\"_blank\" rel=\"noopener\"><b>Diego Maradona<\/b><\/a>,\u00a0<b>hab\u00eda sorprendido en marzo con su transformaci\u00f3n f\u00edsica<\/b> en aquella primera aparici\u00f3n en los Tribunales de San Isidro para el desarrollo del juicio. Ahora, vuelve a ser noticia por una actividad por fuera de las audiencias. El neurocirujano particip\u00f3 de un concurso de fisicoculturismo el pasado domingo 11 de mayo, organizado por el NPC (Comit\u00e9 Nacional de Fisicoculturismo) y<b>\u00a0sali\u00f3 premiado en distintas categor\u00edas\u00a0<\/b>del evento Rock Hard Physique Championship 2025 bajo el apodo \u201cLeo\u201d Luque.<\/p>\n<figure class=\"\" data-testid=\"figure-testid\">\n<div class=\"aspect_ratio__container\"><picture class=\"responsive-image\"><source srcset=\"https:\/\/tn.com.ar\/resizer\/v2\/leopoldo-luque-gano-un-concurso-de-fisicoculturismo-foto-leomartinez77-via-x-QHTIIR6FCRF7DCKP634762HA3Y.jfif?auth=44b775822ca2fe774173443bd75f75d82801ccc573c2a44bc2a2862948b2b9f8&amp;width=767\" type=\"image\/jpg\" media=\"(max-width: 728px)\" \/><source srcset=\"https:\/\/tn.com.ar\/resizer\/v2\/leopoldo-luque-gano-un-concurso-de-fisicoculturismo-foto-leomartinez77-via-x-QHTIIR6FCRF7DCKP634762HA3Y.jfif?auth=44b775822ca2fe774173443bd75f75d82801ccc573c2a44bc2a2862948b2b9f8&amp;width=1023\" type=\"image\/jpg\" media=\"(max-width: 1023px)\" \/><source srcset=\"https:\/\/tn.com.ar\/resizer\/v2\/leopoldo-luque-gano-un-concurso-de-fisicoculturismo-foto-leomartinez77-via-x-QHTIIR6FCRF7DCKP634762HA3Y.jfif?auth=44b775822ca2fe774173443bd75f75d82801ccc573c2a44bc2a2862948b2b9f8&amp;width=1440\" type=\"image\/jpg\" \/><img loading=\"lazy\" decoding=\"async\" class=\"image content-image image_placeholder\" src=\"https:\/\/tn.com.ar\/resizer\/v2\/leopoldo-luque-gano-un-concurso-de-fisicoculturismo-foto-leomartinez77-via-x-QHTIIR6FCRF7DCKP634762HA3Y.jfif?auth=44b775822ca2fe774173443bd75f75d82801ccc573c2a44bc2a2862948b2b9f8&amp;width=767\" alt=\"Leopoldo Luque gan\u00f3 un concurso de fisicoculturismo. (Foto: @leomartinez77 v\u00eda X)\" width=\"767\" height=\"1101\" data-testid=\"loading-testid\" \/><\/picture><\/div><figcaption class=\"caption_image\" data-testid=\"figcaption-testid\">\n<div class=\"image_caption \">Leopoldo Luque gan\u00f3 un concurso de fisicoculturismo.<\/div>\n<\/figcaption><\/figure>\n<p class=\"paragraph font__body-regular\">En aquel momento, cuando inici\u00f3 el juicio en marzo, el m\u00e9dico irrumpi\u00f3 con un porte de fisicoculturista a ra\u00edz de\u00a0<b>un intenso entrenamiento al que se dedic\u00f3 en los \u00faltimos a\u00f1os<\/b>, seg\u00fan cont\u00f3 su abogado.<\/p>\n<p class=\"font--primary font__display\"><em><strong>Cu\u00e1l fue el rol de Leopoldo Luque en la vida de Diego Maradona<\/strong><\/em><\/p>\n<p class=\"paragraph font__body-regular\">Leopoldo Luque es el nombre m\u00e1s conocido entre todos los imputados por la causa de la muerte de Diego Armando Maradona. El\u00a0<b>m\u00e9dico neurocirujano,<\/b>\u00a0que estaba encargado de la seguridad y el bienestar del \u00eddolo, es apuntado como<b>\u00a0uno de los m\u00e1ximos responsables de su deterioro<\/b>.<\/p>\n<figure class=\"\" data-testid=\"figure-testid\">\n<div class=\"aspect_ratio__container\"><picture class=\"responsive-image\"><source srcset=\"https:\/\/tn.com.ar\/resizer\/v2\/la-increible-transformacion-fisica-del-medico-leopoldo-luque-foto-lele-heredia-tn-FRGCMTFZNNGU7CQ7Y5RE7NJYUY.JPG?auth=af543dcd7f617440aaa4f49f79b82387924bc3ae9fe7783b084620d9ec21f487&amp;width=767\" type=\"image\/jpg\" media=\"(max-width: 728px)\" \/><source srcset=\"https:\/\/tn.com.ar\/resizer\/v2\/la-increible-transformacion-fisica-del-medico-leopoldo-luque-foto-lele-heredia-tn-FRGCMTFZNNGU7CQ7Y5RE7NJYUY.JPG?auth=af543dcd7f617440aaa4f49f79b82387924bc3ae9fe7783b084620d9ec21f487&amp;width=1023\" type=\"image\/jpg\" media=\"(max-width: 1023px)\" \/><source srcset=\"https:\/\/tn.com.ar\/resizer\/v2\/la-increible-transformacion-fisica-del-medico-leopoldo-luque-foto-lele-heredia-tn-FRGCMTFZNNGU7CQ7Y5RE7NJYUY.JPG?auth=af543dcd7f617440aaa4f49f79b82387924bc3ae9fe7783b084620d9ec21f487&amp;width=1440\" type=\"image\/jpg\" \/><img loading=\"lazy\" decoding=\"async\" class=\"image content-image image_placeholder\" src=\"https:\/\/tn.com.ar\/resizer\/v2\/la-increible-transformacion-fisica-del-medico-leopoldo-luque-foto-lele-heredia-tn-FRGCMTFZNNGU7CQ7Y5RE7NJYUY.JPG?auth=af543dcd7f617440aaa4f49f79b82387924bc3ae9fe7783b084620d9ec21f487&amp;width=767\" alt=\"La incre\u00edble transformaci\u00f3n f\u00edsica del m\u00e9dico Leopoldo Luque. (Foto: Lele Heredia-TN)\" width=\"767\" height=\"432\" data-testid=\"loading-testid\" \/><\/picture><\/div><figcaption class=\"caption_image\" data-testid=\"figcaption-testid\">\n<div class=\"image_caption \"><span style=\"font-size: 8pt;\"><strong>La incre\u00edble transformaci\u00f3n f\u00edsica del m\u00e9dico Leopoldo Luque.<\/strong><\/span><\/div>\n<\/figcaption><\/figure>\n<p class=\"paragraph font__body-regular\">Luque\u00a0<b>fue el que recomend\u00f3 la intervenci\u00f3n quir\u00fargica en la cabeza de Maradona<\/b>\u00a0cuando no era un procedimiento seguro ni tampoco urgente. Adem\u00e1s, en los chats y audios se puede ver\u00a0<b>el desprecio aberrante con el que hablaba del 10<\/b>. \u201cMe averg\u00fcenzo de algunos mensajes que mand\u00e9.\u00a0<b>Me arrepiento<\/b>\u00a0y pido perd\u00f3n a la familia y a la gente que lo quer\u00eda mucho\u201d, afirm\u00f3 en entrevistas. Sin embargo, asegur\u00f3: \u201c<b>No tengo miedo de ir preso<\/b>\u201d.<\/p>\n<figure class=\"\" data-testid=\"figure-testid\">\n<div class=\"aspect_ratio__container\"><picture class=\"responsive-image\"><source srcset=\"https:\/\/tn.com.ar\/resizer\/v2\/leopoldo-luque-el-neurocirujano-de-maradona-que-tuvo-una-impactante-transformacion-fisica-en-los-tribunales-de-san-isidro-foto-leandro-heredia-tn-WYMQPF3CQ5GRBKCFUJ4N5ISAAQ.JPG?auth=382bff67b2e88945f4aea8984d0e0dc773b1825dbe519efa9ca45ead5dc7a8d6&amp;width=767\" type=\"image\/jpg\" media=\"(max-width: 728px)\" \/><source srcset=\"https:\/\/tn.com.ar\/resizer\/v2\/leopoldo-luque-el-neurocirujano-de-maradona-que-tuvo-una-impactante-transformacion-fisica-en-los-tribunales-de-san-isidro-foto-leandro-heredia-tn-WYMQPF3CQ5GRBKCFUJ4N5ISAAQ.JPG?auth=382bff67b2e88945f4aea8984d0e0dc773b1825dbe519efa9ca45ead5dc7a8d6&amp;width=1023\" type=\"image\/jpg\" media=\"(max-width: 1023px)\" \/><source srcset=\"https:\/\/tn.com.ar\/resizer\/v2\/leopoldo-luque-el-neurocirujano-de-maradona-que-tuvo-una-impactante-transformacion-fisica-en-los-tribunales-de-san-isidro-foto-leandro-heredia-tn-WYMQPF3CQ5GRBKCFUJ4N5ISAAQ.JPG?auth=382bff67b2e88945f4aea8984d0e0dc773b1825dbe519efa9ca45ead5dc7a8d6&amp;width=1440\" type=\"image\/jpg\" \/><img loading=\"lazy\" decoding=\"async\" class=\"image content-image image_placeholder\" src=\"https:\/\/tn.com.ar\/resizer\/v2\/leopoldo-luque-el-neurocirujano-de-maradona-que-tuvo-una-impactante-transformacion-fisica-en-los-tribunales-de-san-isidro-foto-leandro-heredia-tn-WYMQPF3CQ5GRBKCFUJ4N5ISAAQ.JPG?auth=382bff67b2e88945f4aea8984d0e0dc773b1825dbe519efa9ca45ead5dc7a8d6&amp;width=767\" alt=\"Leopoldo Luque, el neurocirujano de Maradona que tuvo una impactante transformaci\u00f3n f\u00edsica, en los Tribunales de San Isidro (Foto: Leandro Heredia TN).\" width=\"767\" height=\"432\" data-testid=\"loading-testid\" \/><\/picture><\/div><figcaption class=\"caption_image\" data-testid=\"figcaption-testid\">\n<div class=\"image_caption \"><span style=\"font-size: 8pt;\"><strong>Leopoldo Luque, el neurocirujano de Maradona que tuvo una impactante transformaci\u00f3n f\u00edsica, en los Tribunales de San Isidro.<\/strong><\/span><\/div>\n<\/figcaption><\/figure>\n<figure class=\"\" data-testid=\"figure-testid\">\n<div class=\"aspect_ratio__container\"><picture class=\"responsive-image\"><source srcset=\"https:\/\/tn.com.ar\/resizer\/v2\/leopoldo-luque-neurocirujano-de-diego-maradona-con-su-nuevo-aspecto-fisico-foto-leandro-herediatn-73OT4KAYWJF7ZENQCGUMHA32W4.JPG?auth=dca4c2ff0d894d304a3cf7613f91e27e8652b548e53681c470c4cc870d128860&amp;width=767\" type=\"image\/jpg\" media=\"(max-width: 728px)\" \/><source srcset=\"https:\/\/tn.com.ar\/resizer\/v2\/leopoldo-luque-neurocirujano-de-diego-maradona-con-su-nuevo-aspecto-fisico-foto-leandro-herediatn-73OT4KAYWJF7ZENQCGUMHA32W4.JPG?auth=dca4c2ff0d894d304a3cf7613f91e27e8652b548e53681c470c4cc870d128860&amp;width=1023\" type=\"image\/jpg\" media=\"(max-width: 1023px)\" \/><source srcset=\"https:\/\/tn.com.ar\/resizer\/v2\/leopoldo-luque-neurocirujano-de-diego-maradona-con-su-nuevo-aspecto-fisico-foto-leandro-herediatn-73OT4KAYWJF7ZENQCGUMHA32W4.JPG?auth=dca4c2ff0d894d304a3cf7613f91e27e8652b548e53681c470c4cc870d128860&amp;width=1440\" type=\"image\/jpg\" \/><img loading=\"lazy\" decoding=\"async\" class=\"image content-image image_placeholder\" src=\"https:\/\/tn.com.ar\/resizer\/v2\/leopoldo-luque-neurocirujano-de-diego-maradona-con-su-nuevo-aspecto-fisico-foto-leandro-herediatn-73OT4KAYWJF7ZENQCGUMHA32W4.JPG?auth=dca4c2ff0d894d304a3cf7613f91e27e8652b548e53681c470c4cc870d128860&amp;width=767\" alt=\"Leopoldo Luque, neurocirujano de Diego Maradona, con su nuevo aspecto f\u00edsico (Foto: Leandro Heredia\/TN)\" width=\"767\" height=\"431\" data-testid=\"loading-testid\" \/><\/picture><\/div><figcaption class=\"caption_image\" data-testid=\"figcaption-testid\">\n<div class=\"image_caption \"><span style=\"font-size: 8pt;\"><strong>Leopoldo Luque, neurocirujano de Diego Maradona, con su nuevo aspecto f\u00edsico\u00a0<\/strong><\/span><\/div>\n<\/figcaption><\/figure>\n<figure class=\"\" data-testid=\"figure-testid\">\n<div class=\"aspect_ratio__container\"><picture class=\"responsive-image\"><source srcset=\"https:\/\/tn.com.ar\/resizer\/v2\/la-increible-transformacion-fisica-del-medico-leopoldo-luque-fuente-lele-heredia-XLX4C67CEFF25K53T2PCA2RX6A.JPG?auth=11d47ee77d001fdeb398c3ea840b35becd5f5bdf01404010ac4f0a6580865af8&amp;width=767\" type=\"image\/jpg\" media=\"(max-width: 728px)\" \/><source srcset=\"https:\/\/tn.com.ar\/resizer\/v2\/la-increible-transformacion-fisica-del-medico-leopoldo-luque-fuente-lele-heredia-XLX4C67CEFF25K53T2PCA2RX6A.JPG?auth=11d47ee77d001fdeb398c3ea840b35becd5f5bdf01404010ac4f0a6580865af8&amp;width=1023\" type=\"image\/jpg\" media=\"(max-width: 1023px)\" \/><source srcset=\"https:\/\/tn.com.ar\/resizer\/v2\/la-increible-transformacion-fisica-del-medico-leopoldo-luque-fuente-lele-heredia-XLX4C67CEFF25K53T2PCA2RX6A.JPG?auth=11d47ee77d001fdeb398c3ea840b35becd5f5bdf01404010ac4f0a6580865af8&amp;width=1440\" type=\"image\/jpg\" \/><img loading=\"lazy\" decoding=\"async\" class=\"image content-image image_placeholder\" src=\"https:\/\/tn.com.ar\/resizer\/v2\/la-increible-transformacion-fisica-del-medico-leopoldo-luque-fuente-lele-heredia-XLX4C67CEFF25K53T2PCA2RX6A.JPG?auth=11d47ee77d001fdeb398c3ea840b35becd5f5bdf01404010ac4f0a6580865af8&amp;width=767\" alt=\"La incre\u00edble transformaci\u00f3n f\u00edsica del m\u00e9dico Leopoldo Luque. Fuente: Lele Heredia.\" width=\"767\" height=\"432\" data-testid=\"loading-testid\" \/><\/picture><\/div><figcaption class=\"caption_image\" data-testid=\"figcaption-testid\">\n<div class=\"image_caption \"><span style=\"font-size: 8pt;\"><strong>La incre\u00edble transformaci\u00f3n f\u00edsica del m\u00e9dico Leopoldo Luque.<\/strong><\/span><\/div>\n<\/figcaption><\/figure>\n<\/div>\n<p>&nbsp;<\/p>\n<\/div>\n<\/div>\n","protected":false},"excerpt":{"rendered":"<p>El neurocirujano lleva varios a\u00f1os dedic\u00e1ndose a la actividad f\u00edsica y se colg\u00f3 una medalla en los \u00faltimos d\u00edas. Leopoldo Luque junto a Maradona, poco antes de su muerte, y en el certamen de fisicoculturismo.\u00a0 El m\u00e9dico\u00a0Leopoldo Luque, uno de los siete imputados en el juicio por la muerte de\u00a0Diego Maradona,\u00a0hab\u00eda sorprendido en marzo con &hellip;<\/p>\n","protected":false},"author":2,"featured_media":8316,"comment_status":"open","ping_status":"open","sticky":false,"template":"","format":"standard","meta":{"footnotes":""},"categories":[47,33],"tags":[1968],"class_list":["post-8315","post","type-post","status-publish","format-standard","has-post-thumbnail","hentry","category-justicia","category-nacionales","tag-luque-gano-un-concurso-de-fisicoculturismo"],"_links":{"self":[{"href":"https:\/\/cafeprensa.com.ar\/index.php\/wp-json\/wp\/v2\/posts\/8315","targetHints":{"allow":["GET"]}}],"collection":[{"href":"https:\/\/cafeprensa.com.ar\/index.php\/wp-json\/wp\/v2\/posts"}],"about":[{"href":"https:\/\/cafeprensa.com.ar\/index.php\/wp-json\/wp\/v2\/types\/post"}],"author":[{"embeddable":true,"href":"https:\/\/cafeprensa.com.ar\/index.php\/wp-json\/wp\/v2\/users\/2"}],"replies":[{"embeddable":true,"href":"https:\/\/cafeprensa.com.ar\/index.php\/wp-json\/wp\/v2\/comments?post=8315"}],"version-history":[{"count":2,"href":"https:\/\/cafeprensa.com.ar\/index.php\/wp-json\/wp\/v2\/posts\/8315\/revisions"}],"predecessor-version":[{"id":8318,"href":"https:\/\/cafeprensa.com.ar\/index.php\/wp-json\/wp\/v2\/posts\/8315\/revisions\/8318"}],"wp:featuredmedia":[{"embeddable":true,"href":"https:\/\/cafeprensa.com.ar\/index.php\/wp-json\/wp\/v2\/media\/8316"}],"wp:attachment":[{"href":"https:\/\/cafeprensa.com.ar\/index.php\/wp-json\/wp\/v2\/media?parent=8315"}],"wp:term":[{"taxonomy":"category","embeddable":true,"href":"https:\/\/cafeprensa.com.ar\/index.php\/wp-json\/wp\/v2\/categories?post=8315"},{"taxonomy":"post_tag","embeddable":true,"href":"https:\/\/cafeprensa.com.ar\/index.php\/wp-json\/wp\/v2\/tags?post=8315"}],"curies":[{"name":"wp","href":"https:\/\/api.w.org\/{rel}","templated":true}]}}