{"id":8333,"date":"2025-05-17T23:01:52","date_gmt":"2025-05-17T21:01:52","guid":{"rendered":"https:\/\/cafeprensa.com.ar\/?p=8333"},"modified":"2025-05-17T23:01:52","modified_gmt":"2025-05-17T21:01:52","slug":"sandra-mendoza-el-juicio-de-jose-no-fue-por-violacion-pero-se-caratulo-como-abuso-sexual","status":"publish","type":"post","link":"https:\/\/cafeprensa.com.ar\/index.php\/2025\/05\/17\/sandra-mendoza-el-juicio-de-jose-no-fue-por-violacion-pero-se-caratulo-como-abuso-sexual\/","title":{"rendered":"Sandra Mendoza: \u00abEl juicio de Jos\u00e9 no fue por violaci\u00f3n, pero se caratul\u00f3 como abuso sexual\u00bb"},"content":{"rendered":"<p>La senadora nacional Sandra Mendoza en di\u00e1logo con Caf\u00e9 Prensa se refiri\u00f3 a la sentencia para el exlegislador Jos\u00e9 Orellana. Tambi\u00e9n se refiri\u00f3 a c\u00f3mo se encuentra su gesti\u00f3n en el ambiente de interna entre Manzur y Jaldo.<\/p>\n<p>\u00abSiento mucho respeto y admiraci\u00f3n, que, aunque no es el mejor esposo, es el mejor ser humano y el mejor pol\u00edtico que conoc\u00ed en mi vida. El compromiso que \u00e9l tiene con la gente, su carisma es impresionante\u00bb, se\u00f1al\u00f3 Mendoza sobre su pareja Jos\u00e9 Orellana. \u00abAhora podemos ver que hay mucha gente que esta dolida porque no llega a fin de mes y se est\u00e1n quedando sin trabajo y la gente ve que los gobiernos anteriores no eran tan malos y eso le reconocieron a Jos\u00e9 porque sentimos el cari\u00f1o, respeto y el reconocimiento de la gente\u00bb, agreg\u00f3 la senadora.<\/p>\n<p>\u00abSi bien fue un largo proceso, estoy molesta con la Justicia. Han transcurrido 9 a\u00f1os con este proceso que tuvo sobreseimiento de una jueza mujer. Luego, un juez tom\u00f3 la causa y la llev\u00f3 a segunda instancia conden\u00e1ndolo. Las conozco muy bien a las operaciones y s\u00e9 qui\u00e9nes son\u00bb, relat\u00f3 respecto a la causa de Orellana. \u00abLa Corte agarr\u00f3 como viene haciendo, porque no solo fue su caso, ni siquiera lo revisaron, no sabe si est\u00e1 bien juzgado o no\u00bb, se\u00f1al\u00f3 sobre esta cuesti\u00f3n.<\/p>\n<p>\u00abNo hubo fundamento, solamente lo ratific\u00f3, tenemos una corte que no funciona, y estoy convencida que para que funcione debe ampliarse. Por lo que propuse en su momento que tiene que tener 25 miembros, pero no sali\u00f3. Deber\u00eda haber uno por cada provincia, incluyendo Buenos Aires, para que revise todos los casos\u00bb, cuestion\u00f3 recordando sus proyectos para ampliar la Corte y agilizar los fallos.<\/p>\n<p>\u00abEl juicio de Jos\u00e9 por abuso sexual, si bien es cierto que neg\u00f3 el hecho que jam\u00e1s ocurri\u00f3 eso, porque la chica denuncia un beso en la oreja, no una violaci\u00f3n\u00bb, aclar\u00f3. \u00abPor eso quiero dejar en claro que el juicio no fue por violaci\u00f3n, pero se caratul\u00f3 como abuso sexual. Dado que tambi\u00e9n Jos\u00e9 jura y perjura que ni ese beso en la oreja ocurri\u00f3\u00bb, concluy\u00f3 sobre el tema.<\/p>\n<h3>Interna Manzur y Jaldo<\/h3>\n<p>La legisladora nacional admiti\u00f3 que se sent\u00eda c\u00f3moda trabajando a pesar de las diferencias entre Osvaldo Jaldo y Juan Manzur. Adem\u00e1s, admiti\u00f3 que cuando acompa\u00f1\u00f3 los tres puntos que le pidi\u00f3 Jaldo, vot\u00f3 \u00abplenamente convencida, no vot\u00e9 obligada ni presionada\u00bb. \u00abTuve un di\u00e1logo con el gobernador, porque eran dos planillas salariales, por eso vot\u00e9 convencida a esos tres puntos que permit\u00edan recursos. y se lo plantee a Manzur de que votar\u00eda los tres puntos, y \u00e9l me respondi\u00f3 perfectamente que apoyar\u00eda mi decisi\u00f3n en el bloque\u00bb, continu\u00f3.<\/p>\n<p>\u00abCumpl\u00ed y lo que vine votando despu\u00e9s de eso lo hice convencida de que debe ser as\u00ed\u00bb, afirm\u00f3 contundentemente. \u00abLo de Ficha Limpia no debe ser planteada para prescribir a la gente, no puede ser solo la malversaci\u00f3n de fondos por lo que est\u00e1 condenada Cristina\u00bb, cuestion\u00f3 ejemplificando su voto sobre esta iniciativa que fue rechazada. \u00abTambi\u00e9n agregamos narcotr\u00e1fico, pero no lo sumaron. En este sentido hay gente de la LLA y JxC que no deber\u00eda estar sentada ah\u00ed, pero lo est\u00e1n, votan en base a lo que les conviene\u00bb, cuestion\u00f3.<\/p>\n<p>\u00abSi va unido el justicialismo va a ganar sino habr\u00e1 una banca y una banca. La oposici\u00f3n tambi\u00e9n sacar\u00eda dos. Tucum\u00e1n no se vio beneficiada con la obra p\u00fablica, no se ha construido ni una escuela, de todo se est\u00e1 haciendo cargo la provincia y hay recursos que se necesita. Hasta ac\u00e1 no lo vemos\u00bb, analiz\u00f3 respecto los posibles resultados de las intermedias de octubre.<\/p>\n<h3>PING PONG<\/h3>\n<p>Mendoza respondi\u00f3 que no est\u00e1 \u00abde acuerdo con el proyecto que se present\u00f3\u00bb. Adem\u00e1s, clasific\u00f3 con un 5 y 5, respecto a 50 a la administraci\u00f3n de Jaldo. Finalmente, se\u00f1al\u00f3 que el mejor gobernador de Tucum\u00e1n fue Fernando Riera.<\/p>\n","protected":false},"excerpt":{"rendered":"<p>La senadora nacional Sandra Mendoza en di\u00e1logo con Caf\u00e9 Prensa se refiri\u00f3 a la sentencia para el exlegislador Jos\u00e9 Orellana. Tambi\u00e9n se refiri\u00f3 a c\u00f3mo se encuentra su gesti\u00f3n en el ambiente de interna entre Manzur y Jaldo. \u00abSiento mucho respeto y admiraci\u00f3n, que, aunque no es el mejor esposo, es el mejor ser humano &hellip;<\/p>\n","protected":false},"author":2,"featured_media":8335,"comment_status":"open","ping_status":"open","sticky":false,"template":"","format":"standard","meta":{"footnotes":""},"categories":[1,34],"tags":[1932,89,770,714,1975],"class_list":["post-8333","post","type-post","status-publish","format-standard","has-post-thumbnail","hentry","category-blog","category-locales","tag-interna-peronista","tag-jose-orellana","tag-peronismo","tag-sandra-mendoza","tag-sentencia"],"_links":{"self":[{"href":"https:\/\/cafeprensa.com.ar\/index.php\/wp-json\/wp\/v2\/posts\/8333","targetHints":{"allow":["GET"]}}],"collection":[{"href":"https:\/\/cafeprensa.com.ar\/index.php\/wp-json\/wp\/v2\/posts"}],"about":[{"href":"https:\/\/cafeprensa.com.ar\/index.php\/wp-json\/wp\/v2\/types\/post"}],"author":[{"embeddable":true,"href":"https:\/\/cafeprensa.com.ar\/index.php\/wp-json\/wp\/v2\/users\/2"}],"replies":[{"embeddable":true,"href":"https:\/\/cafeprensa.com.ar\/index.php\/wp-json\/wp\/v2\/comments?post=8333"}],"version-history":[{"count":4,"href":"https:\/\/cafeprensa.com.ar\/index.php\/wp-json\/wp\/v2\/posts\/8333\/revisions"}],"predecessor-version":[{"id":8345,"href":"https:\/\/cafeprensa.com.ar\/index.php\/wp-json\/wp\/v2\/posts\/8333\/revisions\/8345"}],"wp:featuredmedia":[{"embeddable":true,"href":"https:\/\/cafeprensa.com.ar\/index.php\/wp-json\/wp\/v2\/media\/8335"}],"wp:attachment":[{"href":"https:\/\/cafeprensa.com.ar\/index.php\/wp-json\/wp\/v2\/media?parent=8333"}],"wp:term":[{"taxonomy":"category","embeddable":true,"href":"https:\/\/cafeprensa.com.ar\/index.php\/wp-json\/wp\/v2\/categories?post=8333"},{"taxonomy":"post_tag","embeddable":true,"href":"https:\/\/cafeprensa.com.ar\/index.php\/wp-json\/wp\/v2\/tags?post=8333"}],"curies":[{"name":"wp","href":"https:\/\/api.w.org\/{rel}","templated":true}]}}