{"id":8364,"date":"2025-05-19T14:19:41","date_gmt":"2025-05-19T12:19:41","guid":{"rendered":"https:\/\/cafeprensa.com.ar\/?p=8364"},"modified":"2025-05-19T15:17:34","modified_gmt":"2025-05-19T13:17:34","slug":"tucuman-separan-a-un-sacerdote-acusado-de-abuso-sexual","status":"publish","type":"post","link":"https:\/\/cafeprensa.com.ar\/index.php\/2025\/05\/19\/tucuman-separan-a-un-sacerdote-acusado-de-abuso-sexual\/","title":{"rendered":"Tucum\u00e1n: Separan a un sacerdote acusado de abuso sexual"},"content":{"rendered":"<p>Ante la denuncia de una mujer, que asegur\u00f3 ser violentada por un religioso de la bas\u00edlica de Nuestra Se\u00f1ora de la Merced, las autoridades de la Iglesia dispusieron una <strong>\u00ablicencia preventiva hasta que se produzca el esclarecimiento de la situaci\u00f3n\u00bb.<\/strong><\/p>\n<p class=\"texto\">Un sacerdote al que una mujer acus\u00f3 de abuso sexual en San Miguel de Tucum\u00e1n fue separado de sus funciones por las autoridades de la Iglesia cat\u00f3lica, que dispusieron una <strong>\u00ablicencia preventiva hasta que se produzca el total esclarecimiento de la situaci\u00f3n\u00bb<\/strong> por parte de la Justicia, seg\u00fan se\u00f1ala un comunicado dado a conocer por las autoridades eclesi\u00e1sticas locales.<br \/>\nEl hecho, que tom\u00f3 estado p\u00fablico en las \u00faltimas horas, habr\u00eda sucedido el s\u00e1bado y fue denunciado por una mujer que tiene 35 a\u00f1os y trabaja en el comedor de la bas\u00edlica <strong>Nuestra Se\u00f1ora de La Merced, de la capital provincial.<\/strong><br \/>\nSeg\u00fan la denuncia realizada por la mujer en la comisar\u00eda 1\u00b0 de la ciudad, ese d\u00eda el sacerdote la abord\u00f3 cerca de un dormitorio, la bes\u00f3 en la boca contra su voluntad y le toc\u00f3 sus partes \u00edntimas.<br \/>\n<strong>La mujer, en medio de una crisis de nervios, se acerc\u00f3 al arzobispo electo, Carlos S\u00e1nchez, quien la tranquiliz\u00f3 y puso a disposici\u00f3n un abogado, que la acompa\u00f1\u00f3 a realizar la denuncia.<\/strong><br \/>\nEl acta de esa declaraci\u00f3n fue enviada a la Fiscal\u00eda de Instrucci\u00f3n IV, a cargo de Diego L\u00f3pez \u00c1vila, quien orden\u00f3 que se realicen todas las pericias correspondientes y se act\u00fae de acuerdo con el protocolo para este tipo de casos.<br \/>\nTras conocerse el incidente, la Iglesia emiti\u00f3 un comunicado donde inform\u00f3 que el sacerdote acusado fue suspendido hasta que se aclare el hecho.<br \/>\n<strong>\u00abAnte una situaci\u00f3n que podr\u00eda estar comprendida dentro de las previsiones de la justicia local, el administrador parroquial de La Victoria, bas\u00edlica Nuestra Se\u00f1ora de la Merced, al ser anoticiado de una denuncia a un sacerdote que reside en esa parroquia dio instrucciones para seguir todas las v\u00edas legales que corresponden\u00bb,<\/strong> se\u00f1ala el comunicado.<br \/>\nLa nota agrega que<strong> \u00abla Iglesia local seguir\u00e1 lo que indica el derecho can\u00f3nico para estas situaciones\u00bb y confirm\u00f3 que \u00abel administrador arquidiocesano dispuso la licencia preventiva del sacerdote hasta que se produzca el total esclarecimiento\u00bb<\/strong> de lo ocurrido.<\/p>\n","protected":false},"excerpt":{"rendered":"<p>Ante la denuncia de una mujer, que asegur\u00f3 ser violentada por un religioso de la bas\u00edlica de Nuestra Se\u00f1ora de la Merced, las autoridades de la Iglesia dispusieron una \u00ablicencia preventiva hasta que se produzca el esclarecimiento de la situaci\u00f3n\u00bb. Un sacerdote al que una mujer acus\u00f3 de abuso sexual en San Miguel de Tucum\u00e1n &hellip;<\/p>\n","protected":false},"author":2,"featured_media":8365,"comment_status":"open","ping_status":"open","sticky":false,"template":"","format":"standard","meta":{"footnotes":""},"categories":[54,34],"tags":[1978,684,160,1979],"class_list":["post-8364","post","type-post","status-publish","format-standard","has-post-thumbnail","hentry","category-interes-ganeral","category-locales","tag-sacerdote","tag-sanchez","tag-tucuman","tag-virgen-de-la-merced"],"_links":{"self":[{"href":"https:\/\/cafeprensa.com.ar\/index.php\/wp-json\/wp\/v2\/posts\/8364","targetHints":{"allow":["GET"]}}],"collection":[{"href":"https:\/\/cafeprensa.com.ar\/index.php\/wp-json\/wp\/v2\/posts"}],"about":[{"href":"https:\/\/cafeprensa.com.ar\/index.php\/wp-json\/wp\/v2\/types\/post"}],"author":[{"embeddable":true,"href":"https:\/\/cafeprensa.com.ar\/index.php\/wp-json\/wp\/v2\/users\/2"}],"replies":[{"embeddable":true,"href":"https:\/\/cafeprensa.com.ar\/index.php\/wp-json\/wp\/v2\/comments?post=8364"}],"version-history":[{"count":1,"href":"https:\/\/cafeprensa.com.ar\/index.php\/wp-json\/wp\/v2\/posts\/8364\/revisions"}],"predecessor-version":[{"id":8366,"href":"https:\/\/cafeprensa.com.ar\/index.php\/wp-json\/wp\/v2\/posts\/8364\/revisions\/8366"}],"wp:featuredmedia":[{"embeddable":true,"href":"https:\/\/cafeprensa.com.ar\/index.php\/wp-json\/wp\/v2\/media\/8365"}],"wp:attachment":[{"href":"https:\/\/cafeprensa.com.ar\/index.php\/wp-json\/wp\/v2\/media?parent=8364"}],"wp:term":[{"taxonomy":"category","embeddable":true,"href":"https:\/\/cafeprensa.com.ar\/index.php\/wp-json\/wp\/v2\/categories?post=8364"},{"taxonomy":"post_tag","embeddable":true,"href":"https:\/\/cafeprensa.com.ar\/index.php\/wp-json\/wp\/v2\/tags?post=8364"}],"curies":[{"name":"wp","href":"https:\/\/api.w.org\/{rel}","templated":true}]}}