{"id":8375,"date":"2025-05-19T15:54:13","date_gmt":"2025-05-19T13:54:13","guid":{"rendered":"https:\/\/cafeprensa.com.ar\/?p=8375"},"modified":"2025-05-19T15:54:13","modified_gmt":"2025-05-19T13:54:13","slug":"gerardo-werthein-confirmo-que-el-papa-leon-xiv-podria-recibir-a-javier-milei-en-las-proximas-semanas","status":"publish","type":"post","link":"https:\/\/cafeprensa.com.ar\/index.php\/2025\/05\/19\/gerardo-werthein-confirmo-que-el-papa-leon-xiv-podria-recibir-a-javier-milei-en-las-proximas-semanas\/","title":{"rendered":"Gerardo Werthein confirm\u00f3 que el papa Le\u00f3n XIV podr\u00eda recibir a Javier Milei en las pr\u00f3ximas semanas"},"content":{"rendered":"<div class=\"article__header max-width-md\">\n<p class=\"article__headline\">El canciller Gerardo Wertrhein confirm\u00f3 la noticia luego de tener una audiencia privada con el Papa Le\u00f3n XIV en el Vaticano.<\/p>\n<p class=\"article__headline\">Tras <a href=\"https:\/\/www.perfil.com\/noticias\/politica\/milei-se-bajo-de-un-viaje-al-vaticano-y-cree-que-sepultara-a-los-macri-junto-al-pro.phtml\" target=\"_blank\" rel=\"noopener\">suspender su viaje a Roma<\/a>\u00a0para la asunci\u00f3n del Papa Le\u00f3n XIV,\u00a0<strong><a href=\"https:\/\/www.perfil.com\/noticias\/politica\/javier-milei-voto-y-apunto-contra-el-pro-y-mauricio-macri-esta-hecho-un-lloron.phtml\" target=\"_blank\" rel=\"noopener\">Javier Milei<\/a>\u00a0<\/strong>envi\u00f3 a dos de sus funcionarios de mayor confianza para representar al pa\u00eds en la ceremonia. Los elegidos fueron el canciller\u00a0<strong>Gerardo Werthein<\/strong>\u00a0y la ministra de Capital Humano,\u00a0<strong>Sandra Pettovello<\/strong>, quienes mantuvieron una\u00a0<strong>audiencia privada con el sumo pont\u00edfice<\/strong>. Tras el encuentro, el ministro de relaciones exteriores, revel\u00f3 que<strong>\u00a0el papa recibir\u00e1 al presidente argentino<\/strong> en las \u201cpr\u00f3ximas semanas\u201d. \u201cLa verdad que <strong>fue un honor<\/strong>\u00a0que nos recibiera en el\u00a0<strong>primer d\u00eda de su Papado<\/strong>\u201d, dijo Werthein en di\u00e1logo con\u00a0<em>Radio Mitre<\/em>. \u201cLo invitamos a la\u00a0<strong>Argentina<\/strong>, algo que recibi\u00f3 con mucho agrado y<strong>\u00a0creo que tiene deseos de venir al pa\u00eds<\/strong>\u201d, revel\u00f3.<\/p>\n<\/div>\n<div class=\"col-fluid col-fluid-max col-fluid--clip\">\n<div class=\"article__main max-width-md\">\n<div class=\"article__wrapper\">\n<div id=\"article-content\" class=\"article__content standard\">\n<picture><source srcset=\"https:\/\/fotos.perfil.com\/\/2025\/05\/19\/440\/0\/petovello-y-werthein-se-reunieron-con-leon-xiv-2025804.jpg?webp\" media=\"(max-width: 440px)\" \/><source srcset=\"https:\/\/fotos.perfil.com\/\/2025\/05\/19\/712\/0\/petovello-y-werthein-se-reunieron-con-leon-xiv-2025804.jpg?webp\" media=\"(max-width: 1019px)\" \/><img loading=\"lazy\" decoding=\"async\" src=\"https:\/\/fotos.perfil.com\/\/2025\/05\/19\/900\/0\/petovello-y-werthein-se-reunieron-con-leon-xiv-2025804.jpg?webp\" alt=\"Gerard Werthein con Le\u00f3n XIV\" width=\"758\" height=\"426\" \/><\/picture>\n<div class=\"subscription\">\n<div class=\"subscription__container\">\n<div class=\"subscription__text-wrapper\">\n<div class=\"subscription__cta-wrapper\">El funcionario <strong>dio detalles\u00a0<\/strong>de lo que se habl\u00f3 durante la reuni\u00f3n en la que tambi\u00e9n particip\u00f3\u00a0<strong>Petovello\u00a0<\/strong>y advirti\u00f3 que hay algunos pormenores que\u00a0<strong>se mantendr\u00e1n en privado<\/strong>.<\/div>\n<\/div>\n<\/div>\n<\/div>\n<p>\u201cConversamos tambi\u00e9n de lo importante que podamos colaborar y trabajar en todos los\u00a0<strong>procesos de pacificaci\u00f3n.<\/strong>\u00a0Hablamos de profundizar la\u00a0<strong>relaci\u00f3n bilateral<\/strong>, hablamos de los\u00a0<strong>programas sociales<\/strong>\u00a0en Argentina y ah\u00ed se encarg\u00f3 Petovello\u201d, se\u00f1al\u00f3 el ministro de Relaciones Exteriores.<\/p>\n<p>Y agreg\u00f3: \u201cHubo algunos otros temas que por razones obvias no podemos hacer p\u00fablicos. Pero en t\u00e9rminos generales,\u00a0<strong>fue una reuni\u00f3n muy c\u00e1lida<\/strong>, muy cercana, transmite\u00a0<strong>paz<\/strong>,\u00a0<strong>serenidad\u00a0<\/strong>y est\u00e1 muy preocupado por el mundo\u201c. Adem\u00e1s, Werthein relat\u00f3 que le llevaron al Papa un\u00a0<strong>ejemplar del Mart\u00edn Fierro<\/strong>\u00a0como obsequio, le explicaron su significado y Su Santidad les prometi\u00f3 que lo iba a leer. \u201cEs un Papa que\u00a0<strong>conoce perfectamente el proceso argentino<\/strong>, est\u00e1 muy bien informado. Y\u00a0<strong>habla un espa\u00f1ol perfecto<\/strong>, como nosotros, lo que hace que el di\u00e1logo sea mucho m\u00e1s c\u00e1lido\u201d, destac\u00f3 el canciller.<\/p>\n<p>Respecto al pr\u00f3ximo\u00a0<strong>encuentro entre Le\u00f3n XIV y Milei<\/strong>, el canciller adelant\u00f3: \u201cEstamos coordinando los detalles log\u00edsticos, pero\u00a0<strong>va a ser pr\u00f3ximamente<\/strong>, en las pr\u00f3ximas semanas. Hay que ver c\u00f3mo se acomodan los tiempos del Presidente y los del Papa, que\u00a0<strong>est\u00e1 muy dispuesto a recibir a Milei<\/strong>\u201d.<\/p>\n<p><em><strong>C\u00f3mo fue la ceremonia que dio inicio al papado de Le\u00f3n XIV en el Vaticano<\/strong><\/em><\/p>\n<p>El nuevo jefe de la<strong>\u00a0Iglesia Cat\u00f3lica<\/strong>\u00a0marc\u00f3 la pauta de su pontificado este domingo, durante la<a href=\"https:\/\/www.perfil.com\/noticias\/internacional\/leon-xiv-inicio-su-pontificado-con-una-critica-a-los-excesos-del-capitalismo.phtml\" target=\"_blank\" rel=\"noopener\">\u00a0e<strong>ntronizaci\u00f3n realizada frente a la bas\u00edlica de San Pedro<\/strong><\/a>, a la que asistieron m\u00e1s de\u00a0<strong>200.000 personas<\/strong> y 150 delegaciones extranjeras. Sostuvo que vivimos \u201cun paradigma econ\u00f3mico que explota los recursos de la tierra y margina a los m\u00e1s pobres\u201d. En una\u00a0<strong>majestuosa y multitudinaria ceremonia<\/strong>\u00a0realizada este domingo en la<strong>\u00a0Plaza de San Pedro<\/strong>, Le\u00f3n XIV fue entronizado con todos los atributos rituales que determina la Iglesia Cat\u00f3lica. El Papa comenz\u00f3 su pontificado con un\u00a0<strong>contundente discurso<\/strong>\u00a0en donde remarc\u00f3 las\u00a0<strong>pautas doctrinales y humanas\u00a0<\/strong>que tendr\u00e1 su mandato.<\/p>\n<p>\u201cEn nuestro tiempo, vemos a\u00fan demasiada discordia, demasiadas heridas causadas por\u00a0<strong>el odio, la violencia, los prejuicios,\u00a0<\/strong>el miedo a lo diferente, por un<strong>\u00a0paradigma econ\u00f3mico<\/strong>\u00a0que explota los recursos de la tierra y margina a los m\u00e1s pobres\u201d, critic\u00f3.<\/p>\n<p>El nuevo obispo de Roma, de 69 a\u00f1os, que vivi\u00f3 m\u00e1s de dos d\u00e9cadas en Per\u00fa como misionero y obispo en\u00a0<strong>Chiclayo,\u00a0<\/strong>se reuni\u00f3 antes de la misa con la presidenta de ese pa\u00eds,\u00a0<strong>Dina Boluarte<\/strong>, con quien hablaron del \u201cbienestar\u201d de los peruanos. La elecci\u00f3n de Le\u00f3n XIV, nacido en Chicago<strong>, gener\u00f3 entusiasmo en Estados Unidos,<\/strong>\u00a0que envi\u00f3 a la ceremonia al vicepresidente JD Vance, convertido al catolicismo en 2019, y al secretario de Estado Marco Rubio, de origen cubano y tambi\u00e9n cat\u00f3lico.<\/p>\n<p><strong>JD Vance\u00a0<\/strong>intercambi\u00f3 el domingo un\u00a0<strong>breve apret\u00f3n de manos<\/strong> con el papa, pero no se le concedi\u00f3 una audiencia privada. \u201cEE.UU. est\u00e1 muy orgulloso de \u00e9l y nuestras oraciones le acompa\u00f1an en el inicio de su important\u00edsima misi\u00f3n\u201d, afirm\u00f3. Previo a la misa, el Papa<strong>\u00a0visit\u00f3 la tumba de San Pedro<\/strong>, ubicada bajo el altar de la bas\u00edlica que lleva su nombre, donde rez\u00f3 junto a su comitiva. Luego se desplaz\u00f3 en procesi\u00f3n hasta la plaza para la misa, oficiada en varias lenguas.<\/p>\n<p>Durante una ceremonia rica en ritos y s\u00edmbolos, Le\u00f3n XIV<strong>\u00a0recibi\u00f3 los emblemas papales<\/strong>: el palio, una prenda que pende de los hombros y luce sobre la casulla, y el<strong>\u00a0anillo del pescador,<\/strong>\u00a0que se forja de manera especial para cada pont\u00edfice, y debe ser destruido a su muerte.<\/p>\n<p>A la misa asistieron tambi\u00e9n los presidentes de\u00a0<strong>Colombia, Gustavo Petro; Ecuador, Daniel Noboa, y Paraguay, Santiago Pe\u00f1a.\u00a0<\/strong>Entre los dem\u00e1s invitados destacados estuvo el\u00a0<strong>nuevo jefe del gobierno alem\u00e1n,<\/strong>\u00a0Friedrich Merz y los reyes de\u00a0<strong>Espa\u00f1a<\/strong>, Felipe y Letizia. Tambi\u00e9n la reina M\u00e1xima, de\u00a0<strong>Pa\u00edses bajos;<\/strong>\u00a0Matilde, de\u00a0<strong>B\u00e9lgica\u00a0<\/strong>y la princesa Charlene, de\u00a0<strong>M\u00f3naco<\/strong>, acompa\u00f1ada del pr\u00edncipe Alberto.<\/p>\n<p>Una vez m\u00e1s, Le\u00f3n XIV record\u00f3 a su predecesor, el argentino\u00a0<strong>Jorge Bergoglio.<\/strong>\u00a0En un emotivo momento, sostuvo: <strong>\u201cDurante la misa sent\u00ed fuertemente la presencia espiritual del papa Francisco, que desde el cielo nos acompa\u00f1a\u201d. <\/strong>El Papa tambi\u00e9<strong>n hizo un llamado a \u201cconstruir un mundo nuevo donde reine la paz\u201d,<\/strong>\u00a0un mensaje con resonancia en presencia del presidente ucraniano, Volodimir Zelenski, a quien recibi\u00f3 en privado tras la ceremonia, y del presidente israel\u00ed, Isaac Herzog.<\/p>\n<p>En un gesto de agradecimiento y con buen humor, ya sin los paramentos lit\u00fargicos,\u00a0<strong>estuvo parado una hora y veinte minutos saludando<\/strong>\u00a0sonriente a los miembros de las 156 delegaciones oficiales de todo el mundo que estuvieron en la ceremonia. Los primeros, por protocolo ya que Italia es el pa\u00eds anfitri\u00f3n, fueron el presidente de ese pa\u00eds,<strong>\u00a0Sergio Mattarella<\/strong>, y la primera ministra\u00a0<strong>Giorgia Meloni.<\/strong><\/p>\n<p><span style=\"font-size: 8pt;\"><strong>FUENTE: https:\/\/www.perfil.com\/noticias\/internacional\/gerardo-werthein-confirmo-que-leon-xiv-podria-recibir-a-javier-milei-en-las-proximas-semanas.phtml<\/strong><\/span><\/p>\n<\/div>\n<\/div>\n<\/div>\n<\/div>\n","protected":false},"excerpt":{"rendered":"<p>El canciller Gerardo Wertrhein confirm\u00f3 la noticia luego de tener una audiencia privada con el Papa Le\u00f3n XIV en el Vaticano. Tras suspender su viaje a Roma\u00a0para la asunci\u00f3n del Papa Le\u00f3n XIV,\u00a0Javier Milei\u00a0envi\u00f3 a dos de sus funcionarios de mayor confianza para representar al pa\u00eds en la ceremonia. Los elegidos fueron el canciller\u00a0Gerardo Werthein\u00a0y &hellip;<\/p>\n","protected":false},"author":2,"featured_media":8376,"comment_status":"open","ping_status":"open","sticky":false,"template":"","format":"standard","meta":{"footnotes":""},"categories":[54,35],"tags":[1981,1982],"class_list":["post-8375","post","type-post","status-publish","format-standard","has-post-thumbnail","hentry","category-interes-ganeral","category-internacionales","tag-gerardo-werthein","tag-leon-xiv"],"_links":{"self":[{"href":"https:\/\/cafeprensa.com.ar\/index.php\/wp-json\/wp\/v2\/posts\/8375","targetHints":{"allow":["GET"]}}],"collection":[{"href":"https:\/\/cafeprensa.com.ar\/index.php\/wp-json\/wp\/v2\/posts"}],"about":[{"href":"https:\/\/cafeprensa.com.ar\/index.php\/wp-json\/wp\/v2\/types\/post"}],"author":[{"embeddable":true,"href":"https:\/\/cafeprensa.com.ar\/index.php\/wp-json\/wp\/v2\/users\/2"}],"replies":[{"embeddable":true,"href":"https:\/\/cafeprensa.com.ar\/index.php\/wp-json\/wp\/v2\/comments?post=8375"}],"version-history":[{"count":1,"href":"https:\/\/cafeprensa.com.ar\/index.php\/wp-json\/wp\/v2\/posts\/8375\/revisions"}],"predecessor-version":[{"id":8377,"href":"https:\/\/cafeprensa.com.ar\/index.php\/wp-json\/wp\/v2\/posts\/8375\/revisions\/8377"}],"wp:featuredmedia":[{"embeddable":true,"href":"https:\/\/cafeprensa.com.ar\/index.php\/wp-json\/wp\/v2\/media\/8376"}],"wp:attachment":[{"href":"https:\/\/cafeprensa.com.ar\/index.php\/wp-json\/wp\/v2\/media?parent=8375"}],"wp:term":[{"taxonomy":"category","embeddable":true,"href":"https:\/\/cafeprensa.com.ar\/index.php\/wp-json\/wp\/v2\/categories?post=8375"},{"taxonomy":"post_tag","embeddable":true,"href":"https:\/\/cafeprensa.com.ar\/index.php\/wp-json\/wp\/v2\/tags?post=8375"}],"curies":[{"name":"wp","href":"https:\/\/api.w.org\/{rel}","templated":true}]}}