{"id":8385,"date":"2025-05-19T17:30:23","date_gmt":"2025-05-19T15:30:23","guid":{"rendered":"https:\/\/cafeprensa.com.ar\/?p=8385"},"modified":"2025-05-19T17:32:47","modified_gmt":"2025-05-19T15:32:47","slug":"que-es-de-la-vida-del-exdiputado-juan-emilio-ameri-tras-el-escandaloso-video-sexual","status":"publish","type":"post","link":"https:\/\/cafeprensa.com.ar\/index.php\/2025\/05\/19\/que-es-de-la-vida-del-exdiputado-juan-emilio-ameri-tras-el-escandaloso-video-sexual\/","title":{"rendered":"Qu\u00e9 es de la vida del exdiputado Juan Emilio Ameri, tras el escandaloso video sexual"},"content":{"rendered":"<div class=\"content-article-title\">\n<div class=\"wrapper-layout center-content center_story max-width\">\n<div class=\"col-content\">\n<p class=\"article__title font__display\"><span style=\"font-size: 12pt;\">El exfuncionario que tuvo que renunciar a su cargo tras besarle los pechos a quien era su pareja durante una sesi\u00f3n virtual del Congreso.<\/span><\/p>\n<\/div>\n<\/div>\n<\/div>\n<div class=\"common-layout wrapper-layout center-content center_story max-width story article\">\n<div class=\"col-content\">\n<p><img decoding=\"async\" class=\"image image_placeholder\" draggable=\"true\" src=\"https:\/\/www.eltrecetv.com.ar\/resizer\/v2\/https%3A%2F%2Fthumbs.vodgc.net%2FE2E2EC529533C9605593AFA0881EDDD3844-1726064835.jpg?auth=c3edbbc04a6bf2ec944b2a5ca271196611d4d281cc61bce4c5463d22816acfcc&amp;width=767\" alt=\"Video Placeholder\" \/><\/p>\n<div class=\"article__header article__story article__article\">\n<div class=\"article__head\">\n<div class=\"genoa_description font__body-regular\">Qu\u00e9 es de la vida del exdiputado Juan Emilio Ameri, tras el escandaloso video sexual.<\/div>\n<\/div>\n<\/div>\n<div class=\"default-article-color article__body article__article\">\n<p class=\"paragraph font__body-regular\">En el segmento \u201c16 minutos\u201d de\u00a0<a href=\"https:\/\/www.eltrecetv.com.ar\/telenoche\/2024\/09\/09\/asi-esta-hoy-hernan-bello-el-joven-a-quien-una-osa-del-zoologico-de-cutini-le-arranco-un-brazo\/\" target=\"_blank\" rel=\"noopener\"><b>Telenoche<\/b><\/a>, Daniel Malnatti entrevist\u00f3 a\u00a0<b>Juan Emilio Ameri,<\/b> el exdiputado que se hizo famoso por el esc\u00e1ndalo sexual que protagoniz\u00f3 junto a su pareja durante un debate de la C\u00e1mara de Diputados por zoom.<\/p>\n<p><img loading=\"lazy\" decoding=\"async\" class=\"alignnone wp-image-8389 size-full\" src=\"https:\/\/cafeprensa.com.ar\/wp-content\/uploads\/2025\/05\/https___thumbs.vodgc_.net_1-14-yBg2Cb1726029728213-1726029881.avif\" alt=\"\" width=\"767\" height=\"431\" srcset=\"https:\/\/cafeprensa.com.ar\/wp-content\/uploads\/2025\/05\/https___thumbs.vodgc_.net_1-14-yBg2Cb1726029728213-1726029881.avif 767w, https:\/\/cafeprensa.com.ar\/wp-content\/uploads\/2025\/05\/https___thumbs.vodgc_.net_1-14-yBg2Cb1726029728213-1726029881-300x169.avif 300w, https:\/\/cafeprensa.com.ar\/wp-content\/uploads\/2025\/05\/https___thumbs.vodgc_.net_1-14-yBg2Cb1726029728213-1726029881-390x220.avif 390w\" sizes=\"auto, (max-width: 767px) 100vw, 767px\" \/><\/p>\n<p class=\"paragraph font__body-regular\"><i><strong>\u201cEn pandemia todos hac\u00edamos todo por zoom, hasta los diputados. \u00bfTe acordas del \u2018diputeta\u2019?\u201d<\/strong>,<\/i> .<\/p>\n<p class=\"paragraph font__body-regular\"><strong><i>\u201cS\u00ed, asi lo conocimos. Esta es la historia que no trae hoy Daniel Malnatti\u201d<\/i>, sum\u00f3 Nelson Castro, presentando el informe de \u201c16 minutos\u201d. <\/strong>Durante la pandemia,\u00a0<b>Juan Emilio Ameri\u00a0<\/b>protagoniz\u00f3 un esc\u00e1ndalo sexual por el cual se vio obligado a renunciar a su puesto. Adem\u00e1s, la Justicia orden\u00f3 un mes de prisi\u00f3n en suspenso. Actualmente, est\u00e1 trabajando en un negocio familiar pero asegura que no abandona la pol\u00edtica.<\/p>\n<p class=\"paragraph font__body-regular\"><i>\u201cY ahora, \u00bfen qu\u00e9 andas?\u201d,<\/i>\u00a0le pregunt\u00f3 Daniel Malnatti a\u00a0<b>Juan Emilio Ameri <\/b><i>\u201cAc\u00e1, trabajando en el negocio familiar, atendiendo gente, preparando productos\u201d,\u00a0<\/i>afirm\u00f3 el exdiputado que trabaja en una poller\u00eda ubicada en Banfield.<\/p>\n<p><img loading=\"lazy\" decoding=\"async\" class=\"alignnone wp-image-8388 size-large\" src=\"https:\/\/cafeprensa.com.ar\/wp-content\/uploads\/2025\/05\/el-diputado-echado-por-besar-pechos-afirmo-que-trabaja-y-vive-un-drama-no-llego-a-fin-de-mes-2DWODJEAARFABM7OCMEONXJTGA-1024x573.jpg\" alt=\"\" width=\"1024\" height=\"573\" srcset=\"https:\/\/cafeprensa.com.ar\/wp-content\/uploads\/2025\/05\/el-diputado-echado-por-besar-pechos-afirmo-que-trabaja-y-vive-un-drama-no-llego-a-fin-de-mes-2DWODJEAARFABM7OCMEONXJTGA-1024x573.jpg 1024w, https:\/\/cafeprensa.com.ar\/wp-content\/uploads\/2025\/05\/el-diputado-echado-por-besar-pechos-afirmo-que-trabaja-y-vive-un-drama-no-llego-a-fin-de-mes-2DWODJEAARFABM7OCMEONXJTGA-300x168.jpg 300w, https:\/\/cafeprensa.com.ar\/wp-content\/uploads\/2025\/05\/el-diputado-echado-por-besar-pechos-afirmo-que-trabaja-y-vive-un-drama-no-llego-a-fin-de-mes-2DWODJEAARFABM7OCMEONXJTGA-768x430.jpg 768w, https:\/\/cafeprensa.com.ar\/wp-content\/uploads\/2025\/05\/el-diputado-echado-por-besar-pechos-afirmo-que-trabaja-y-vive-un-drama-no-llego-a-fin-de-mes-2DWODJEAARFABM7OCMEONXJTGA.jpg 1440w\" sizes=\"auto, (max-width: 1024px) 100vw, 1024px\" \/><\/p>\n<p class=\"paragraph font__body-regular\"><strong><i>\u201c\u00bfC\u00f3mo fue el paso de la C\u00e1mara de Diputados a la poller\u00eda?\u201d.<\/i><\/strong>\u00a0<strong><i>\u201cHubo un mont\u00f3n de pasos anteriores. Yo renunci\u00e9 a la C\u00e1mara y pas\u00e9 un proceso de meses&#8230;\u201d,<\/i><\/strong>\u00a0cont\u00f3 y agreg\u00f3:\u00a0<strong><i>\u201cLas primeras semanas, mi familia y yo sufrimos un acoso terrible de los medios de comunicaci\u00f3n\u201d. <\/i><\/strong>Por otro lado,\u00a0<b>Ameri<\/b>\u00a0admiti\u00f3:<i><b>\u00a0\u201cLa pas\u00e9 muy mal pero muy mal. Pens\u00e9 muchas maneras de suicidarme y, si no lo hice, fue porque mis compa\u00f1eros se instalaron en mi casa. Sab\u00eda que me hab\u00eda mandado un cagad\u00f3n&#8230;\u201d<\/b><\/i>.\u00a0<i>\u201c\u00bfPor qu\u00e9 te pareci\u00f3 tan grave?\u201d<\/i>, le pregunt\u00f3 el periodista de\u00a0<b>Telenoche<\/b>.<\/p>\n<p class=\"paragraph font__body-regular\"><strong><i>\u201cQuiero aclarar algo: yo nunca me qued\u00e9 con una moneda que no fuera m\u00eda, nunca particip\u00e9 de un hecho de corrupci\u00f3n, nunca. Yo renuncio al toque porque mis viejos me ense\u00f1aron que cuando uno se equivoca, tiene que pagar\u201d,<\/i>\u00a0<\/strong>afirm\u00f3 el exdiputado quien ya no sigue en pareja con la mujer del video.<\/p>\n<p><img loading=\"lazy\" decoding=\"async\" class=\"alignnone wp-image-8387 size-full\" src=\"https:\/\/cafeprensa.com.ar\/wp-content\/uploads\/2025\/05\/65293w790h523c.webp.webp\" alt=\"\" width=\"790\" height=\"523\" srcset=\"https:\/\/cafeprensa.com.ar\/wp-content\/uploads\/2025\/05\/65293w790h523c.webp.webp 790w, https:\/\/cafeprensa.com.ar\/wp-content\/uploads\/2025\/05\/65293w790h523c.webp-300x199.webp 300w, https:\/\/cafeprensa.com.ar\/wp-content\/uploads\/2025\/05\/65293w790h523c.webp-768x508.webp 768w\" sizes=\"auto, (max-width: 790px) 100vw, 790px\" \/><\/p>\n<p class=\"paragraph font__body-regular\"><i><b>\u201cIntentamos seguir pero nos arruinaron\u201d,<\/b><\/i>\u00a0confes\u00f3\u00a0<b>Ameri<\/b>.\u00a0<i>\u201cVos segu\u00eds siendo pol\u00edtico, \u00bfvas a volver?\u201d<\/i>, le consult\u00f3 Daniel Malnatti.\u00a0<i>\u201cNunca me fu\u00ed de la pol\u00edtica. Volver a ocupar un cargo electivo, no. Mi funci\u00f3n en la pol\u00edtica es la formaci\u00f3n de cuadro\u201d<\/i>, aclar\u00f3 el ex diputado que se mantiene activo en la pol\u00edtica.<\/p>\n<\/div>\n<\/div>\n<\/div>\n","protected":false},"excerpt":{"rendered":"<p>El exfuncionario que tuvo que renunciar a su cargo tras besarle los pechos a quien era su pareja durante una sesi\u00f3n virtual del Congreso. Qu\u00e9 es de la vida del exdiputado Juan Emilio Ameri, tras el escandaloso video sexual. En el segmento \u201c16 minutos\u201d de\u00a0Telenoche, Daniel Malnatti entrevist\u00f3 a\u00a0Juan Emilio Ameri, el exdiputado que se &hellip;<\/p>\n","protected":false},"author":2,"featured_media":8386,"comment_status":"open","ping_status":"open","sticky":false,"template":"","format":"standard","meta":{"footnotes":""},"categories":[1636,33],"tags":[1983],"class_list":["post-8385","post","type-post","status-publish","format-standard","has-post-thumbnail","hentry","category-diputados","category-nacionales","tag-juan-emilio-ameri"],"_links":{"self":[{"href":"https:\/\/cafeprensa.com.ar\/index.php\/wp-json\/wp\/v2\/posts\/8385","targetHints":{"allow":["GET"]}}],"collection":[{"href":"https:\/\/cafeprensa.com.ar\/index.php\/wp-json\/wp\/v2\/posts"}],"about":[{"href":"https:\/\/cafeprensa.com.ar\/index.php\/wp-json\/wp\/v2\/types\/post"}],"author":[{"embeddable":true,"href":"https:\/\/cafeprensa.com.ar\/index.php\/wp-json\/wp\/v2\/users\/2"}],"replies":[{"embeddable":true,"href":"https:\/\/cafeprensa.com.ar\/index.php\/wp-json\/wp\/v2\/comments?post=8385"}],"version-history":[{"count":3,"href":"https:\/\/cafeprensa.com.ar\/index.php\/wp-json\/wp\/v2\/posts\/8385\/revisions"}],"predecessor-version":[{"id":8392,"href":"https:\/\/cafeprensa.com.ar\/index.php\/wp-json\/wp\/v2\/posts\/8385\/revisions\/8392"}],"wp:featuredmedia":[{"embeddable":true,"href":"https:\/\/cafeprensa.com.ar\/index.php\/wp-json\/wp\/v2\/media\/8386"}],"wp:attachment":[{"href":"https:\/\/cafeprensa.com.ar\/index.php\/wp-json\/wp\/v2\/media?parent=8385"}],"wp:term":[{"taxonomy":"category","embeddable":true,"href":"https:\/\/cafeprensa.com.ar\/index.php\/wp-json\/wp\/v2\/categories?post=8385"},{"taxonomy":"post_tag","embeddable":true,"href":"https:\/\/cafeprensa.com.ar\/index.php\/wp-json\/wp\/v2\/tags?post=8385"}],"curies":[{"name":"wp","href":"https:\/\/api.w.org\/{rel}","templated":true}]}}