{"id":8401,"date":"2025-05-20T13:16:04","date_gmt":"2025-05-20T11:16:04","guid":{"rendered":"https:\/\/cafeprensa.com.ar\/?p=8401"},"modified":"2025-05-20T13:16:04","modified_gmt":"2025-05-20T11:16:04","slug":"un-tatuaje-confirmaria-que-el-cuerpo-hallado-en-concepcion-es-de-juan-ignacio-miranda","status":"publish","type":"post","link":"https:\/\/cafeprensa.com.ar\/index.php\/2025\/05\/20\/un-tatuaje-confirmaria-que-el-cuerpo-hallado-en-concepcion-es-de-juan-ignacio-miranda\/","title":{"rendered":"Un tatuaje confirmar\u00eda que el cuerpo hallado en Concepci\u00f3n es de Juan Ignacio Miranda"},"content":{"rendered":"<p><strong>A pesar de no estar confirmado, todo indica\u00a0que el cuerpo sin vida hallado este lunes por la tarde en un predio del ingenio La Corona, en la ciudad tucumana de Concepci\u00f3n, pertenece al joven catamarque\u00f1o Juan Ignacio Miranda, de 18 a\u00f1os, quien estaba desaparecido desde el pasado 14 de mayo.<\/strong><\/p>\n<p><img loading=\"lazy\" decoding=\"async\" class=\"alignnone wp-image-8403 size-full\" src=\"https:\/\/cafeprensa.com.ar\/wp-content\/uploads\/2025\/05\/46113_346.webp\" alt=\"\" width=\"480\" height=\"236\" srcset=\"https:\/\/cafeprensa.com.ar\/wp-content\/uploads\/2025\/05\/46113_346.webp 480w, https:\/\/cafeprensa.com.ar\/wp-content\/uploads\/2025\/05\/46113_346-300x148.webp 300w\" sizes=\"auto, (max-width: 480px) 100vw, 480px\" \/><\/p>\n<p>El hallazgo fue realizado por trabajadores que realizaban tareas de limpieza en el lugar. Seg\u00fan los primeros informes, el cuerpo presentaba signos compatibles con un suicidio y, si bien inicialmente no se hab\u00eda confirmado la identidad, un tatuaje en el cuerpo fue clave para reconocer al joven. <strong>La investigaci\u00f3n est\u00e1 a cargo de la fiscal Gabriela Ghilardi, quien inform\u00f3 que el cuerpo ser\u00e1 sometido a una autopsia este martes por la ma\u00f1ana en la Morgue Judicial de San Miguel de Tucum\u00e1n. En el lugar tambi\u00e9n fue encontrado un tel\u00e9fono celular, el cual ser\u00e1 analizado por el Equipo Cient\u00edfico del Ministerio P\u00fablico Fiscal (ECIF) como parte de la investigaci\u00f3n que busca esclarecer las circunstancias de la muerte.<\/strong><\/p>\n<p>Cabe recordar que Juan Ignacio Miranda hab\u00eda enviado un mensaje de despedida a un amigo poco antes de desaparecer, lo que gener\u00f3 una intensa b\u00fasqueda por parte de sus familiares y autoridades. El caso ha causado conmoci\u00f3n tanto en Catamarca como en Tucum\u00e1n, y ahora se espera que la autopsia aporte m\u00e1s detalles sobre lo ocurrido.<\/p>\n","protected":false},"excerpt":{"rendered":"<p>A pesar de no estar confirmado, todo indica\u00a0que el cuerpo sin vida hallado este lunes por la tarde en un predio del ingenio La Corona, en la ciudad tucumana de Concepci\u00f3n, pertenece al joven catamarque\u00f1o Juan Ignacio Miranda, de 18 a\u00f1os, quien estaba desaparecido desde el pasado 14 de mayo. El hallazgo fue realizado por &hellip;<\/p>\n","protected":false},"author":2,"featured_media":8402,"comment_status":"open","ping_status":"open","sticky":false,"template":"","format":"standard","meta":{"footnotes":""},"categories":[34,25],"tags":[379,1984],"class_list":["post-8401","post","type-post","status-publish","format-standard","has-post-thumbnail","hentry","category-locales","category-politica","tag-concepcion","tag-juan-ignacio-miranda"],"_links":{"self":[{"href":"https:\/\/cafeprensa.com.ar\/index.php\/wp-json\/wp\/v2\/posts\/8401","targetHints":{"allow":["GET"]}}],"collection":[{"href":"https:\/\/cafeprensa.com.ar\/index.php\/wp-json\/wp\/v2\/posts"}],"about":[{"href":"https:\/\/cafeprensa.com.ar\/index.php\/wp-json\/wp\/v2\/types\/post"}],"author":[{"embeddable":true,"href":"https:\/\/cafeprensa.com.ar\/index.php\/wp-json\/wp\/v2\/users\/2"}],"replies":[{"embeddable":true,"href":"https:\/\/cafeprensa.com.ar\/index.php\/wp-json\/wp\/v2\/comments?post=8401"}],"version-history":[{"count":1,"href":"https:\/\/cafeprensa.com.ar\/index.php\/wp-json\/wp\/v2\/posts\/8401\/revisions"}],"predecessor-version":[{"id":8404,"href":"https:\/\/cafeprensa.com.ar\/index.php\/wp-json\/wp\/v2\/posts\/8401\/revisions\/8404"}],"wp:featuredmedia":[{"embeddable":true,"href":"https:\/\/cafeprensa.com.ar\/index.php\/wp-json\/wp\/v2\/media\/8402"}],"wp:attachment":[{"href":"https:\/\/cafeprensa.com.ar\/index.php\/wp-json\/wp\/v2\/media?parent=8401"}],"wp:term":[{"taxonomy":"category","embeddable":true,"href":"https:\/\/cafeprensa.com.ar\/index.php\/wp-json\/wp\/v2\/categories?post=8401"},{"taxonomy":"post_tag","embeddable":true,"href":"https:\/\/cafeprensa.com.ar\/index.php\/wp-json\/wp\/v2\/tags?post=8401"}],"curies":[{"name":"wp","href":"https:\/\/api.w.org\/{rel}","templated":true}]}}