{"id":8422,"date":"2025-05-20T17:28:46","date_gmt":"2025-05-20T15:28:46","guid":{"rendered":"https:\/\/cafeprensa.com.ar\/?p=8422"},"modified":"2025-05-20T17:28:46","modified_gmt":"2025-05-20T15:28:46","slug":"un-sector-del-pj-tucumano-pugna-por-sacar-a-los-extrapartidarios-de-la-lista-de-candidatos-a-diputados","status":"publish","type":"post","link":"https:\/\/cafeprensa.com.ar\/index.php\/2025\/05\/20\/un-sector-del-pj-tucumano-pugna-por-sacar-a-los-extrapartidarios-de-la-lista-de-candidatos-a-diputados\/","title":{"rendered":"Un sector del PJ tucumano pugna por sacar a los extrapartidarios de la lista de candidatos a diputados"},"content":{"rendered":"<div class=\"pull-left col-md-6 fotos-containers\">\u00a0A d\u00edas de definir las alianzas, un ala del peronismo busca imponer un art\u00edculo de la carta org\u00e1nica del partido, que impide llevar candidatos que no tengan al menos dos a\u00f1os como afiliados.<\/div>\n<p><b>Con las elecciones nacionales del 26 de octubre en el horizonte, el peronismo tucumano alista los \u00faltimos trazos de su estrategia pol\u00edtica: el frente \u201cPrimero Tucum\u00e1n\u201d se encamina a ser formalizado esta semana con una novedad que marca un giro respecto de las \u00faltimas dos d\u00e9cadas. Por decisi\u00f3n del n\u00facleo jaldista, solo podr\u00e1n integrar las listas de candidatos aquellos dirigentes que est\u00e9n afiliados al Partido Justicialista (PJ) \u2013 Distrito Tucum\u00e1n, con al menos dos a\u00f1os de antig\u00fcedad.<\/b><\/p>\n<p><img loading=\"lazy\" decoding=\"async\" class=\"alignnone wp-image-8427 size-full\" src=\"https:\/\/cafeprensa.com.ar\/wp-content\/uploads\/2025\/05\/730x473_221115121543_26507.jpeg\" alt=\"\" width=\"730\" height=\"473\" srcset=\"https:\/\/cafeprensa.com.ar\/wp-content\/uploads\/2025\/05\/730x473_221115121543_26507.jpeg 730w, https:\/\/cafeprensa.com.ar\/wp-content\/uploads\/2025\/05\/730x473_221115121543_26507-300x194.jpeg 300w\" sizes=\"auto, (max-width: 730px) 100vw, 730px\" \/><\/p>\n<p>El dato fue confirmado por fuentes del justicialismo local con sede en Virgen de la Merced 157, quienes anticiparon que esta condici\u00f3n ser\u00e1 incluida como cl\u00e1usula en la presentaci\u00f3n formal del frente electoral. La decisi\u00f3n no es menor: implica, por ejemplo, que quedar\u00e1n excluidos de las n\u00f3minas figuras relevantes del oficialismo provincial que no militan dentro del PJ, como el ministro de Seguridad,\u00a0<b>Eugenio Ag\u00fcero Gamboa<\/b>, y el titular de Salud,\u00a0<b>Luis Medina Ruiz<\/b>.<\/p>\n<p><img loading=\"lazy\" decoding=\"async\" class=\"alignnone wp-image-8423 size-full\" src=\"https:\/\/cafeprensa.com.ar\/wp-content\/uploads\/2025\/05\/600x400_luis-medina-ruiz-ministro-salud-provincia-969237-203752.webp\" alt=\"\" width=\"600\" height=\"400\" srcset=\"https:\/\/cafeprensa.com.ar\/wp-content\/uploads\/2025\/05\/600x400_luis-medina-ruiz-ministro-salud-provincia-969237-203752.webp 600w, https:\/\/cafeprensa.com.ar\/wp-content\/uploads\/2025\/05\/600x400_luis-medina-ruiz-ministro-salud-provincia-969237-203752-300x200.webp 300w\" sizes=\"auto, (max-width: 600px) 100vw, 600px\" \/><\/p>\n<p>La medida tambi\u00e9n pone en pausa cualquier intento de participaci\u00f3n por parte de socios extrapartidarios, a\u00fan aquellos con peso dentro del armado jaldista. Es el caso de\u00a0<b>Federico Masso<\/b>, ministro de Desarrollo Social y referente de Libres del Sur, quien convoc\u00f3 a un acto este viernes en el Club Belgrano bajo la consigna \u201cPrimero Tucum\u00e1n para construir una provincia con justicia social\u201d. Aunque su espacio est\u00e1 confirmado dentro del frente, \u00e9l no podr\u00e1 integrar las listas si se mantiene firme el cierre a los no afiliados.<\/p>\n<p><img loading=\"lazy\" decoding=\"async\" class=\"alignnone wp-image-8424 size-full\" src=\"https:\/\/cafeprensa.com.ar\/wp-content\/uploads\/2025\/05\/720x405_57360_20150319022453.jpg\" alt=\"\" width=\"720\" height=\"405\" srcset=\"https:\/\/cafeprensa.com.ar\/wp-content\/uploads\/2025\/05\/720x405_57360_20150319022453.jpg 720w, https:\/\/cafeprensa.com.ar\/wp-content\/uploads\/2025\/05\/720x405_57360_20150319022453-300x169.jpg 300w, https:\/\/cafeprensa.com.ar\/wp-content\/uploads\/2025\/05\/720x405_57360_20150319022453-390x220.jpg 390w\" sizes=\"auto, (max-width: 720px) 100vw, 720px\" \/><br \/>\nLo mismo ocurre con\u00a0<b>Ra\u00fal Albarrac\u00edn<\/b>, actual secretario de Gobierno y l\u00edder del partido provincial Restauraci\u00f3n Social. Aunque se perfila como uno de los aportes <strong>\u201cradicales\u201d<\/strong> al nuevo frente, su postulaci\u00f3n quedar\u00eda descartada si se ratifica la exclusividad justicialista.<\/p>\n<p><img loading=\"lazy\" decoding=\"async\" class=\"alignnone wp-image-8425 size-large\" src=\"https:\/\/cafeprensa.com.ar\/wp-content\/uploads\/2025\/05\/WhatsApp-Image-2018-12-27-at-11.46.52-1024x683.jpg\" alt=\"\" width=\"1024\" height=\"683\" srcset=\"https:\/\/cafeprensa.com.ar\/wp-content\/uploads\/2025\/05\/WhatsApp-Image-2018-12-27-at-11.46.52-1024x683.jpg 1024w, https:\/\/cafeprensa.com.ar\/wp-content\/uploads\/2025\/05\/WhatsApp-Image-2018-12-27-at-11.46.52-300x200.jpg 300w, https:\/\/cafeprensa.com.ar\/wp-content\/uploads\/2025\/05\/WhatsApp-Image-2018-12-27-at-11.46.52-768x512.jpg 768w, https:\/\/cafeprensa.com.ar\/wp-content\/uploads\/2025\/05\/WhatsApp-Image-2018-12-27-at-11.46.52.jpg 1244w\" sizes=\"auto, (max-width: 1024px) 100vw, 1024px\" \/><br \/>\nEl oficialismo justific\u00f3 esta decisi\u00f3n apelando a una cl\u00e1usula hist\u00f3rica del PJ tucumano: el art\u00edculo 64 de la Carta Org\u00e1nica, que exige afiliaci\u00f3n de al menos dos a\u00f1os para competir por cargos electivos. Si bien esa regla fue suspendida en elecciones anteriores \u2013como en 2023, cuando el PJ integr\u00f3 el frente Uni\u00f3n por la Patria\u2013, esta vez se aplicar\u00e1 con rigor, seg\u00fan adelantaron armadores del gobernador\u00a0<b>Osvaldo Jaldo<\/b>.<br \/>\n<b><br \/>\nLa decisi\u00f3n tambi\u00e9n impacta en otro terreno pol\u00edtico: las negociaciones con el Partido por la Justicia Social (PJS), que lidera el ex intendente capitalino Germ\u00e1n Alfaro.<\/b>\u00a0Aunque en Casa de Gobierno aseguran que hubo \u201chumo blanco\u201d tras las conversaciones del viernes pasado, a\u00fan no se confirma si la alianza incluir\u00e1 apoyo parlamentario del alfarismo o si, como se especula,\u00a0<b>Beatriz \u00c1vila<\/b> \u2014senadora por el PJS\u2014 acompa\u00f1ar\u00e1 la estrategia jaldista.<\/p>\n<p><img loading=\"lazy\" decoding=\"async\" class=\"alignnone wp-image-8428 size-large\" src=\"https:\/\/cafeprensa.com.ar\/wp-content\/uploads\/2025\/05\/german-alfaro-tucuman-1024x683.jpg\" alt=\"\" width=\"1024\" height=\"683\" srcset=\"https:\/\/cafeprensa.com.ar\/wp-content\/uploads\/2025\/05\/german-alfaro-tucuman-1024x683.jpg 1024w, https:\/\/cafeprensa.com.ar\/wp-content\/uploads\/2025\/05\/german-alfaro-tucuman-300x200.jpg 300w, https:\/\/cafeprensa.com.ar\/wp-content\/uploads\/2025\/05\/german-alfaro-tucuman-768x512.jpg 768w, https:\/\/cafeprensa.com.ar\/wp-content\/uploads\/2025\/05\/german-alfaro-tucuman.jpg 1200w\" sizes=\"auto, (max-width: 1024px) 100vw, 1024px\" \/><br \/>\nEn el plano interno, el cierre del PJ a los extrapartidarios ha sido bien recibido por los sectores m\u00e1s ortodoxos del peronismo. \u201cSe termin\u00f3 el tiempo de abrir la puerta a todos por conveniencia. <strong>Esto ordena, garantiza lealtades y refuerza la identidad justicialista\u201d, sostuvo un consejero partidario consultado por este medio.<\/strong><br \/>\nEl trasfondo de esta movida tambi\u00e9n responde a un an\u00e1lisis electoral: con La Libertad Avanza posicion\u00e1ndose con fuerza en centros urbanos y capitales provinciales, en el jaldismo entienden que el peronismo necesita revalidarse en su base hist\u00f3rica para contrarrestar la ola libertaria. Y una forma de lograrlo, aseguran, es fortaleciendo las estructuras tradicionales del PJ.<br \/>\n<b>Por ahora, la f\u00f3rmula de \u201cPrimero Tucum\u00e1n\u201d parece apostar por un frente amplio en alianzas, pero cerrado en candidaturas. Un camino que podr\u00eda dar ox\u00edgeno al justicialismo para resistir los embates externos, aunque no sin tensiones internas por las aspiraciones truncadas de muchos referentes. Mientras tanto, el reloj electoral ya est\u00e1 en cuenta regresiva.<\/b><\/p>\n","protected":false},"excerpt":{"rendered":"<p>\u00a0A d\u00edas de definir las alianzas, un ala del peronismo busca imponer un art\u00edculo de la carta org\u00e1nica del partido, que impide llevar candidatos que no tengan al menos dos a\u00f1os como afiliados. Con las elecciones nacionales del 26 de octubre en el horizonte, el peronismo tucumano alista los \u00faltimos trazos de su estrategia pol\u00edtica: &hellip;<\/p>\n","protected":false},"author":2,"featured_media":8426,"comment_status":"open","ping_status":"open","sticky":false,"template":"","format":"standard","meta":{"footnotes":""},"categories":[34,25],"tags":[1908,94,590,51,121,498],"class_list":["post-8422","post","type-post","status-publish","format-standard","has-post-thumbnail","hentry","category-locales","category-politica","tag-eugenio-aguero-gamboa","tag-jaldo","tag-luis-medina-ruiz","tag-masso","tag-pj","tag-raul-albarracin"],"_links":{"self":[{"href":"https:\/\/cafeprensa.com.ar\/index.php\/wp-json\/wp\/v2\/posts\/8422","targetHints":{"allow":["GET"]}}],"collection":[{"href":"https:\/\/cafeprensa.com.ar\/index.php\/wp-json\/wp\/v2\/posts"}],"about":[{"href":"https:\/\/cafeprensa.com.ar\/index.php\/wp-json\/wp\/v2\/types\/post"}],"author":[{"embeddable":true,"href":"https:\/\/cafeprensa.com.ar\/index.php\/wp-json\/wp\/v2\/users\/2"}],"replies":[{"embeddable":true,"href":"https:\/\/cafeprensa.com.ar\/index.php\/wp-json\/wp\/v2\/comments?post=8422"}],"version-history":[{"count":1,"href":"https:\/\/cafeprensa.com.ar\/index.php\/wp-json\/wp\/v2\/posts\/8422\/revisions"}],"predecessor-version":[{"id":8429,"href":"https:\/\/cafeprensa.com.ar\/index.php\/wp-json\/wp\/v2\/posts\/8422\/revisions\/8429"}],"wp:featuredmedia":[{"embeddable":true,"href":"https:\/\/cafeprensa.com.ar\/index.php\/wp-json\/wp\/v2\/media\/8426"}],"wp:attachment":[{"href":"https:\/\/cafeprensa.com.ar\/index.php\/wp-json\/wp\/v2\/media?parent=8422"}],"wp:term":[{"taxonomy":"category","embeddable":true,"href":"https:\/\/cafeprensa.com.ar\/index.php\/wp-json\/wp\/v2\/categories?post=8422"},{"taxonomy":"post_tag","embeddable":true,"href":"https:\/\/cafeprensa.com.ar\/index.php\/wp-json\/wp\/v2\/tags?post=8422"}],"curies":[{"name":"wp","href":"https:\/\/api.w.org\/{rel}","templated":true}]}}