{"id":8497,"date":"2025-05-23T12:35:20","date_gmt":"2025-05-23T10:35:20","guid":{"rendered":"https:\/\/cafeprensa.com.ar\/?p=8497"},"modified":"2025-05-23T12:35:20","modified_gmt":"2025-05-23T10:35:20","slug":"escaba-se-perfila-como-nuevo-destino-del-turismo-rural-en-tucuman","status":"publish","type":"post","link":"https:\/\/cafeprensa.com.ar\/index.php\/2025\/05\/23\/escaba-se-perfila-como-nuevo-destino-del-turismo-rural-en-tucuman\/","title":{"rendered":"Escaba se perfila como nuevo destino del turismo rural en Tucum\u00e1n"},"content":{"rendered":"<p style=\"font-style: inherit; font-weight: inherit;\">La Comisi\u00f3n de Turismo de la Legislatura dio dictamen favorable a un proyecto que busca incorporar a la comuna del sur tucumano en la oferta oficial de destinos, en el marco de una ley provincial que promueve el desarrollo tur\u00edstico en zonas rurales. Tambi\u00e9n se declar\u00f3 de inter\u00e9s al <strong>Festival de Animaci\u00f3n Plum de Taf\u00ed del Valle<\/strong>.<\/p>\n<p style=\"font-style: inherit; font-weight: inherit;\"><strong><img loading=\"lazy\" decoding=\"async\" class=\"alignnone wp-image-8499 size-full\" src=\"https:\/\/cafeprensa.com.ar\/wp-content\/uploads\/2025\/05\/img_682f47e98a2f6.jpeg\" alt=\"\" width=\"1280\" height=\"853\" srcset=\"https:\/\/cafeprensa.com.ar\/wp-content\/uploads\/2025\/05\/img_682f47e98a2f6.jpeg 1280w, https:\/\/cafeprensa.com.ar\/wp-content\/uploads\/2025\/05\/img_682f47e98a2f6-300x200.jpeg 300w, https:\/\/cafeprensa.com.ar\/wp-content\/uploads\/2025\/05\/img_682f47e98a2f6-1024x682.jpeg 1024w, https:\/\/cafeprensa.com.ar\/wp-content\/uploads\/2025\/05\/img_682f47e98a2f6-768x512.jpeg 768w\" sizes=\"auto, (max-width: 1280px) 100vw, 1280px\" \/><\/strong><\/p>\n<p style=\"font-style: inherit; font-weight: inherit;\"><strong>La Comisi\u00f3n de Turismo de la Legislatura de Tucum\u00e1n, presidida por el legislador Francisco Serra,<\/strong> emiti\u00f3 dictamen favorable a un proyecto de resoluci\u00f3n impulsado por la parlamentaria Sandra Figueroa. La iniciativa solicita al Poder Ejecutivo que, a trav\u00e9s del <strong>Ente Aut\u00e1rquico Tucum\u00e1n Turismo<\/strong>, se incorpore a la comuna de Escaba, ubicada en el departamento Juan Bautista Alberdi, dentro de la oferta tur\u00edstica oficial de la provincia.La propuesta se enmarca en la<strong> Ley Provincial N.\u00ba 9520, promulgada el 22 de abril de 2022,<\/strong> que establece el Programa de Promoci\u00f3n del Turismo Rural.<strong>\u201d El objetivo es poner en valor el entorno natural de Escaba y contribuir a la diversificaci\u00f3n del mapa tur\u00edstico tucumano\u201d,<\/strong> expres\u00f3 el legislador Serra.<\/p>\n<p><img loading=\"lazy\" decoding=\"async\" class=\"alignnone wp-image-8501 size-large\" src=\"https:\/\/cafeprensa.com.ar\/wp-content\/uploads\/2025\/05\/img_682f47e98dd92-1024x682.jpeg\" alt=\"\" width=\"1024\" height=\"682\" srcset=\"https:\/\/cafeprensa.com.ar\/wp-content\/uploads\/2025\/05\/img_682f47e98dd92-1024x682.jpeg 1024w, https:\/\/cafeprensa.com.ar\/wp-content\/uploads\/2025\/05\/img_682f47e98dd92-300x200.jpeg 300w, https:\/\/cafeprensa.com.ar\/wp-content\/uploads\/2025\/05\/img_682f47e98dd92-768x512.jpeg 768w, https:\/\/cafeprensa.com.ar\/wp-content\/uploads\/2025\/05\/img_682f47e98dd92.jpeg 1280w\" sizes=\"auto, (max-width: 1024px) 100vw, 1024px\" \/><\/p>\n<p style=\"font-style: inherit; font-weight: inherit;\"><strong>\u201cDurante la reuni\u00f3n, tambi\u00e9n aprobamos un proyecto<span style=\"font-style: inherit;\">\u00a0\u00a0<\/span>para que se declare de<span style=\"font-style: inherit;\">\u00a0\u00a0<\/span>inter\u00e9s cultural y tur\u00edstico al Festival Internacional de Cine de Animaci\u00f3n Plum, organizado por la productora Tincazo Cine, que se lleva a cabo anualmente en Taf\u00ed del Valle, por su valioso aporte a la promoci\u00f3n del arte de la animaci\u00f3n y al desarrollo del turismo cultural en la regi\u00f3n<\/strong>\u201d, agreg\u00f3 el parlamentario.<\/p>\n<p><img loading=\"lazy\" decoding=\"async\" class=\"alignnone wp-image-8500 size-large\" src=\"https:\/\/cafeprensa.com.ar\/wp-content\/uploads\/2025\/05\/img_682f47e98b596-1024x682.jpeg\" alt=\"\" width=\"1024\" height=\"682\" srcset=\"https:\/\/cafeprensa.com.ar\/wp-content\/uploads\/2025\/05\/img_682f47e98b596-1024x682.jpeg 1024w, https:\/\/cafeprensa.com.ar\/wp-content\/uploads\/2025\/05\/img_682f47e98b596-300x200.jpeg 300w, https:\/\/cafeprensa.com.ar\/wp-content\/uploads\/2025\/05\/img_682f47e98b596-768x512.jpeg 768w, https:\/\/cafeprensa.com.ar\/wp-content\/uploads\/2025\/05\/img_682f47e98b596.jpeg 1280w\" sizes=\"auto, (max-width: 1024px) 100vw, 1024px\" \/><\/p>\n<p style=\"font-style: inherit; font-weight: inherit;\">Finalmente, Serra inform\u00f3 que tambi\u00e9n se avanz\u00f3 en el an\u00e1lisis del paquete de leyes que ser\u00e1 elevado desde la comisi\u00f3n para su tratamiento en las sesiones previstas, con el objetivo de avanzar en la aprobaci\u00f3n del nuevo Digesto Jur\u00eddico. Participaron del encuentro los legisladores<strong> Agust\u00edn Romano Norri, Silvia El\u00edas de P\u00e9rez, Carlos Ver\u00f3n Guerra y Hugo Ledesma.<\/strong><\/p>\n","protected":false},"excerpt":{"rendered":"<p>La Comisi\u00f3n de Turismo de la Legislatura dio dictamen favorable a un proyecto que busca incorporar a la comuna del sur tucumano en la oferta oficial de destinos, en el marco de una ley provincial que promueve el desarrollo tur\u00edstico en zonas rurales. Tambi\u00e9n se declar\u00f3 de inter\u00e9s al Festival de Animaci\u00f3n Plum de Taf\u00ed &hellip;<\/p>\n","protected":false},"author":2,"featured_media":8498,"comment_status":"open","ping_status":"open","sticky":false,"template":"","format":"standard","meta":{"footnotes":""},"categories":[1611,170],"tags":[447,1999,92],"class_list":["post-8497","post","type-post","status-publish","format-standard","has-post-thumbnail","hentry","category-legislatura-de-tucuman","category-turismo","tag-agustin-romano-norri","tag-carlos-veron-guerra-y-hugo-ledesma","tag-silvia-elias-de-perez"],"_links":{"self":[{"href":"https:\/\/cafeprensa.com.ar\/index.php\/wp-json\/wp\/v2\/posts\/8497","targetHints":{"allow":["GET"]}}],"collection":[{"href":"https:\/\/cafeprensa.com.ar\/index.php\/wp-json\/wp\/v2\/posts"}],"about":[{"href":"https:\/\/cafeprensa.com.ar\/index.php\/wp-json\/wp\/v2\/types\/post"}],"author":[{"embeddable":true,"href":"https:\/\/cafeprensa.com.ar\/index.php\/wp-json\/wp\/v2\/users\/2"}],"replies":[{"embeddable":true,"href":"https:\/\/cafeprensa.com.ar\/index.php\/wp-json\/wp\/v2\/comments?post=8497"}],"version-history":[{"count":1,"href":"https:\/\/cafeprensa.com.ar\/index.php\/wp-json\/wp\/v2\/posts\/8497\/revisions"}],"predecessor-version":[{"id":8502,"href":"https:\/\/cafeprensa.com.ar\/index.php\/wp-json\/wp\/v2\/posts\/8497\/revisions\/8502"}],"wp:featuredmedia":[{"embeddable":true,"href":"https:\/\/cafeprensa.com.ar\/index.php\/wp-json\/wp\/v2\/media\/8498"}],"wp:attachment":[{"href":"https:\/\/cafeprensa.com.ar\/index.php\/wp-json\/wp\/v2\/media?parent=8497"}],"wp:term":[{"taxonomy":"category","embeddable":true,"href":"https:\/\/cafeprensa.com.ar\/index.php\/wp-json\/wp\/v2\/categories?post=8497"},{"taxonomy":"post_tag","embeddable":true,"href":"https:\/\/cafeprensa.com.ar\/index.php\/wp-json\/wp\/v2\/tags?post=8497"}],"curies":[{"name":"wp","href":"https:\/\/api.w.org\/{rel}","templated":true}]}}