{"id":8503,"date":"2025-05-23T12:45:24","date_gmt":"2025-05-23T10:45:24","guid":{"rendered":"https:\/\/cafeprensa.com.ar\/?p=8503"},"modified":"2025-05-23T12:45:24","modified_gmt":"2025-05-23T10:45:24","slug":"duras-criticas-al-gobierno-nacional","status":"publish","type":"post","link":"https:\/\/cafeprensa.com.ar\/index.php\/2025\/05\/23\/duras-criticas-al-gobierno-nacional\/","title":{"rendered":"Duras cr\u00edticas al Gobierno Nacional"},"content":{"rendered":"<div class=\"the-post-header s-head-modern s-head-modern-a has-share-meta-right\">\n<div class=\"post-meta post-meta-a post-meta-left post-meta-single has-below\">\n<p class=\"is-title post-title\">Denuncian desinversi\u00f3n vial y complicidad del gobierno provincial.<\/p>\n<\/div>\n<\/div>\n<div class=\"the-post s-post-modern\">\n<article id=\"post-75379\" class=\"post-75379 post type-post status-publish format-standard has-post-thumbnail category-tucuman category-z4-destacada\">\n<div class=\"post-content-wrap has-share-float\">\n<div class=\"post-content cf entry-content content-spacious\">\n<p><em><strong>\u201cJaldo no reclama ni exige. Se le cae la peluca y se le corre el maquillaje libertario\u201d,<\/strong> ironizan los dirigentes, haciendo referencia a la cercan\u00eda del mandatario tucumano con la Casa Rosada. <\/em><strong>El Movimiento Nacional para la Liberaci\u00f3n emiti\u00f3 un comunicado en el que acusa al presidente Javier Milei de \u201cmalversar fondos\u201d<\/strong> destinados a la infraestructura vial, al tiempo que cuestiona al gobernador Osvaldo Jaldo por su \u201csilencio c\u00f3mplice\u201d ante la paralizaci\u00f3n de obras clave para Tucum\u00e1n.<\/p>\n<p><strong>\u201cMientras Milei env\u00eda $5 mil millones para mantenimiento de caminos terciarios, se paralizan 17 proyectos viales fundamentales para el desarrollo de la provincia\u201d,<\/strong> se\u00f1alaron los referentes del espacio. <strong>Entre los proyectos detenidos, se destacan obras millonarias como la duplicaci\u00f3n de calzada en la Ruta Nacional 38 entre Monteros y Famaill\u00e1 ($11.227 millones) y entre Concepci\u00f3n y Monteros ($13.624 millones), adem\u00e1s de la mejora en accesos estrat\u00e9gicos como el del Aeropuerto Internacional Benjam\u00edn Matienzo.<\/strong><\/p>\n<p>Seg\u00fan el comunicado, el monto total de obras paralizadas asciende a m\u00e1s de $60 mil millones, sin contar la actualizaci\u00f3n por inflaci\u00f3n.<strong> \u201cJaldo no reclama ni exige. Se le cae la peluca y se le corre el maquillaje libertario\u201d,<\/strong> ironizan los dirigentes, haciendo referencia a la cercan\u00eda del mandatario tucumano con la Casa Rosada.<\/p>\n<p><img loading=\"lazy\" decoding=\"async\" class=\"alignnone wp-image-8505 size-full\" src=\"https:\/\/cafeprensa.com.ar\/wp-content\/uploads\/2025\/05\/Enrique-Romero-1024x768-1.jpeg\" alt=\"\" width=\"1024\" height=\"768\" srcset=\"https:\/\/cafeprensa.com.ar\/wp-content\/uploads\/2025\/05\/Enrique-Romero-1024x768-1.jpeg 1024w, https:\/\/cafeprensa.com.ar\/wp-content\/uploads\/2025\/05\/Enrique-Romero-1024x768-1-300x225.jpeg 300w, https:\/\/cafeprensa.com.ar\/wp-content\/uploads\/2025\/05\/Enrique-Romero-1024x768-1-768x576.jpeg 768w\" sizes=\"auto, (max-width: 1024px) 100vw, 1024px\" \/><\/p>\n<p><strong>Recaudaci\u00f3n y distribuci\u00f3n injusta<\/strong><br \/>\nEl documento tambi\u00e9n denuncia el manejo discrecional de los fondos provenientes del Impuesto a los Combustibles L\u00edquidos, creado por la Ley 23.966 para financiar el mantenimiento vial. <strong>En 2024, este tributo recaud\u00f3 $405 mil millones, pero solo $137 mil millones llegaron a Vialidad Nacional. El resto \u2014$267 mil millones\u2014 habr\u00eda sido retenido por el gobierno nacional.<\/strong><\/p>\n<p><strong>\u201cEl resultado es claro: menos mantenimiento, m\u00e1s costos log\u00edsticos y una creciente inseguridad vial\u201d,<\/strong> advierten. En el primer bimestre de 2025, afirman que se repiti\u00f3 la tendencia: de $86 mil millones recaudados, solo se transfirieron $18 mil millones a Vialidad Nacional, apenas un 21%.<\/p>\n<p><strong>\u201cTucum\u00e1n no puede seguir callando\u201d<br \/>\n<\/strong>F<strong>inalmente, los firmantes del comunicado \u2014Gabriel Acosta, Enrique Romero, Mart\u00edn Rodr\u00edguez y Tuta Alderete<\/strong>\u2014 reclamaron una posici\u00f3n firme por parte del gobierno provincial. <strong>\u201cMientras Milei baja todos los contratos de mantenimiento, en Tucum\u00e1n se multiplica la preocupaci\u00f3n por rutas abandonadas, puentes a medio hacer y obras clave paralizadas\u201d,<\/strong> subrayaron.<\/p>\n<p>Y concluyen: <strong>\u201cTucum\u00e1n no puede seguir callando frente a una desinversi\u00f3n que compromete el desarrollo, la seguridad y la conectividad de la provincia\u201d.<\/strong><\/p>\n<\/div>\n<\/div>\n<\/article>\n<\/div>\n","protected":false},"excerpt":{"rendered":"<p>Denuncian desinversi\u00f3n vial y complicidad del gobierno provincial. \u201cJaldo no reclama ni exige. Se le cae la peluca y se le corre el maquillaje libertario\u201d, ironizan los dirigentes, haciendo referencia a la cercan\u00eda del mandatario tucumano con la Casa Rosada. El Movimiento Nacional para la Liberaci\u00f3n emiti\u00f3 un comunicado en el que acusa al presidente &hellip;<\/p>\n","protected":false},"author":2,"featured_media":8504,"comment_status":"open","ping_status":"open","sticky":false,"template":"","format":"standard","meta":{"footnotes":""},"categories":[34,25],"tags":[201,2000,2001],"class_list":["post-8503","post","type-post","status-publish","format-standard","has-post-thumbnail","hentry","category-locales","category-politica","tag-enrique-romero","tag-gabriel-acosta","tag-martin-rodriguez-y-tuta-alderete"],"_links":{"self":[{"href":"https:\/\/cafeprensa.com.ar\/index.php\/wp-json\/wp\/v2\/posts\/8503","targetHints":{"allow":["GET"]}}],"collection":[{"href":"https:\/\/cafeprensa.com.ar\/index.php\/wp-json\/wp\/v2\/posts"}],"about":[{"href":"https:\/\/cafeprensa.com.ar\/index.php\/wp-json\/wp\/v2\/types\/post"}],"author":[{"embeddable":true,"href":"https:\/\/cafeprensa.com.ar\/index.php\/wp-json\/wp\/v2\/users\/2"}],"replies":[{"embeddable":true,"href":"https:\/\/cafeprensa.com.ar\/index.php\/wp-json\/wp\/v2\/comments?post=8503"}],"version-history":[{"count":1,"href":"https:\/\/cafeprensa.com.ar\/index.php\/wp-json\/wp\/v2\/posts\/8503\/revisions"}],"predecessor-version":[{"id":8506,"href":"https:\/\/cafeprensa.com.ar\/index.php\/wp-json\/wp\/v2\/posts\/8503\/revisions\/8506"}],"wp:featuredmedia":[{"embeddable":true,"href":"https:\/\/cafeprensa.com.ar\/index.php\/wp-json\/wp\/v2\/media\/8504"}],"wp:attachment":[{"href":"https:\/\/cafeprensa.com.ar\/index.php\/wp-json\/wp\/v2\/media?parent=8503"}],"wp:term":[{"taxonomy":"category","embeddable":true,"href":"https:\/\/cafeprensa.com.ar\/index.php\/wp-json\/wp\/v2\/categories?post=8503"},{"taxonomy":"post_tag","embeddable":true,"href":"https:\/\/cafeprensa.com.ar\/index.php\/wp-json\/wp\/v2\/tags?post=8503"}],"curies":[{"name":"wp","href":"https:\/\/api.w.org\/{rel}","templated":true}]}}