{"id":8537,"date":"2025-05-23T13:38:55","date_gmt":"2025-05-23T11:38:55","guid":{"rendered":"https:\/\/cafeprensa.com.ar\/?p=8537"},"modified":"2025-05-23T13:42:17","modified_gmt":"2025-05-23T11:42:17","slug":"el-congreso-reune-a-la-dirigencia-de-toda-la-provincia","status":"publish","type":"post","link":"https:\/\/cafeprensa.com.ar\/index.php\/2025\/05\/23\/el-congreso-reune-a-la-dirigencia-de-toda-la-provincia\/","title":{"rendered":"El Congreso re\u00fane a la dirigencia de toda la Provincia."},"content":{"rendered":"<p>El eje central del mismo, adem\u00e1s de la coyuntura nacional y provincial, es ratificar el frente electoral de cara a las elecciones nacionales legislativas de octubre.<\/p>\n<p><i>\u201cLa idea es refrendar lo actuado por el Comit\u00e9 Provincial, que tambi\u00e9n integran entre otros dirigentes destacados de Libres del Sur, el\u00a0<b>Concejal Gast\u00f3n G\u00f3mez<\/b>, el\u00a0<b>Legislador Ernesto G\u00f3mez Rossi<\/b>, la\u00a0<b>Dra. Florencia Guerra<\/b>, actual Directora del Observatorio de la Mujer; en cuanto a reivindicar las pol\u00edticas p\u00fablicas del gobierno de Osvaldo Jaldo, y la decisi\u00f3n de acompa\u00f1arlo en el Frente Electoral en octubre, porque estamos convencidos de que primero est\u00e1 Tucum\u00e1n\u201d<\/i>, explic\u00f3 el titular del espacio y\u00a0<b>Ministro de Desarrollo Social<\/b>\u00a0de la Provincia,\u00a0<b>Federico Masso.\u00a0<\/b><\/p>\n<p>Al respecto, desde\u00a0<b>Libres del Sur<\/b>, destacaron:\u00a0<strong><i>\u00abEl congreso partidario valor\u00f3 que no nos equivocamos en nuestra participaci\u00f3n en el Gobierno de\u00a0Osvaldo Jaldo, como as\u00ed tambi\u00e9n en apoyar y en impulsar las pol\u00edticas p\u00fablicas que se vienen implementando en Tucum\u00e1n desde el 29 de Octubre 2023 a la fecha, de un Estado Provincial Presente y eficiente\u201d<\/i>.<\/strong><\/p>\n<p><strong><i>\u201cEn un contexto Nacional de motosierra, y que no duda en cercenar derechos a millones de argentinos\/as; la provincia los garantiza con un Gobierno que cuida las finanzas p\u00fablicas pero tambi\u00e9n la salud, la educaci\u00f3n, la seguridad, y acompa\u00f1a a los tucumanos m\u00e1s vulnerables\u00bb<\/i><\/strong>, concluyeron.<\/p>\n","protected":false},"excerpt":{"rendered":"<p>El eje central del mismo, adem\u00e1s de la coyuntura nacional y provincial, es ratificar el frente electoral de cara a las elecciones nacionales legislativas de octubre. \u201cLa idea es refrendar lo actuado por el Comit\u00e9 Provincial, que tambi\u00e9n integran entre otros dirigentes destacados de Libres del Sur, el\u00a0Concejal Gast\u00f3n G\u00f3mez, el\u00a0Legislador Ernesto G\u00f3mez Rossi, la\u00a0Dra. &hellip;<\/p>\n","protected":false},"author":2,"featured_media":8538,"comment_status":"open","ping_status":"open","sticky":false,"template":"","format":"standard","meta":{"footnotes":""},"categories":[34,25],"tags":[102,230],"class_list":["post-8537","post","type-post","status-publish","format-standard","has-post-thumbnail","hentry","category-locales","category-politica","tag-congreso","tag-federico-masso"],"_links":{"self":[{"href":"https:\/\/cafeprensa.com.ar\/index.php\/wp-json\/wp\/v2\/posts\/8537","targetHints":{"allow":["GET"]}}],"collection":[{"href":"https:\/\/cafeprensa.com.ar\/index.php\/wp-json\/wp\/v2\/posts"}],"about":[{"href":"https:\/\/cafeprensa.com.ar\/index.php\/wp-json\/wp\/v2\/types\/post"}],"author":[{"embeddable":true,"href":"https:\/\/cafeprensa.com.ar\/index.php\/wp-json\/wp\/v2\/users\/2"}],"replies":[{"embeddable":true,"href":"https:\/\/cafeprensa.com.ar\/index.php\/wp-json\/wp\/v2\/comments?post=8537"}],"version-history":[{"count":1,"href":"https:\/\/cafeprensa.com.ar\/index.php\/wp-json\/wp\/v2\/posts\/8537\/revisions"}],"predecessor-version":[{"id":8539,"href":"https:\/\/cafeprensa.com.ar\/index.php\/wp-json\/wp\/v2\/posts\/8537\/revisions\/8539"}],"wp:featuredmedia":[{"embeddable":true,"href":"https:\/\/cafeprensa.com.ar\/index.php\/wp-json\/wp\/v2\/media\/8538"}],"wp:attachment":[{"href":"https:\/\/cafeprensa.com.ar\/index.php\/wp-json\/wp\/v2\/media?parent=8537"}],"wp:term":[{"taxonomy":"category","embeddable":true,"href":"https:\/\/cafeprensa.com.ar\/index.php\/wp-json\/wp\/v2\/categories?post=8537"},{"taxonomy":"post_tag","embeddable":true,"href":"https:\/\/cafeprensa.com.ar\/index.php\/wp-json\/wp\/v2\/tags?post=8537"}],"curies":[{"name":"wp","href":"https:\/\/api.w.org\/{rel}","templated":true}]}}