{"id":8541,"date":"2025-05-23T14:56:58","date_gmt":"2025-05-23T12:56:58","guid":{"rendered":"https:\/\/cafeprensa.com.ar\/?p=8541"},"modified":"2025-05-23T14:56:58","modified_gmt":"2025-05-23T12:56:58","slug":"la-autopista-buenos-aires-rosario-estara-cortada-por-20-dias-mas","status":"publish","type":"post","link":"https:\/\/cafeprensa.com.ar\/index.php\/2025\/05\/23\/la-autopista-buenos-aires-rosario-estara-cortada-por-20-dias-mas\/","title":{"rendered":"La autopista Buenos Aires-Rosario estar\u00e1 cortada por 20 d\u00edas m\u00e1s"},"content":{"rendered":"<p><span style=\"font-family: arial;\"><b>El feroz temporal que azot\u00f3 la provincia de Buenos Aires el fin de semana pasado, que caus\u00f3 la muerte de al menos cuatro personas, tambi\u00e9n afect\u00f3 la circulaci\u00f3n en una de las principales v\u00edas del pa\u00eds: la autopista Rosario-Buenos Aires, con cortes que se extienden desde hace seis d\u00edas de ambos lados. Seg\u00fan inform\u00f3 la Direcci\u00f3n Nacional de Vialidad (DNV) los obras de normalizaci\u00f3n de la traza podr\u00edan extenderse por lo menos 20 d\u00edas m\u00e1s.<\/b><br \/>\nSeg\u00fan precisaron desde el organismo y la empresa concesionaria Corredores Viales, por medio de un comunicado, ya se iniciaron las tareas de reparaci\u00f3n de sobre aquellos tramos de ruta nacional 9 que se vieron m\u00e1s afectados por el temporal. <\/span><\/p>\n<p><span style=\"font-family: arial;\">Asimismo, anunciaron que se trabaja en la realizaci\u00f3n de un desv\u00edo de tr\u00e1nsito para habilitar el doble sentido de circulaci\u00f3n sobre la calzada mano a Rosario en el km 110.<br \/>\n<strong>Sin embargo, el organismo nacional advirti\u00f3 que el puente sobre el r\u00edo Areco, situado en sentido a Capital Federal, se vio severamente afectado por las abundantes lluvias, ya que \u201cel agua socav\u00f3 el suelo bajo la losa de aproximaci\u00f3n del puente, 6 metros sobre la longitud de la calzada y sobre todo el ancho de la misma\u201d. A ra\u00edz de ello, la DNV aclar\u00f3 que los trabajos de reparaci\u00f3n para volver a habilitar ese tramo -que comprende casi 50 kil\u00f3metros en sentido a la Ciudad y un poco m\u00e1s en sentido opuesto- \u201cdemandar\u00e1n, en un principio, no menos de 20 d\u00edas\u201d.<\/strong><br \/>\n<\/span><\/p>\n<div><span style=\"font-family: arial;\">De acuerdo al comunicado, en los pr\u00f3ximos 10 d\u00edas se realizar\u00e1 la habilitaci\u00f3n de la traza en dos etapas. \u201dEn la primera se podr\u00e1 habilitar la calzada sentido a Rosario en su totalidad para todo el tr\u00e1nsito. Posteriormente, se trabajar\u00e1 en el desv\u00edo a la altura del puente sobre R\u00edo Areco, para poder habilitar la circulaci\u00f3n de veh\u00edculos hacia la Ciudad de Buenos Aires, en la segunda fase. En ese tramo del desv\u00edo, se podr\u00e1 circular por un solo carril en ambos sentidos\u201d, precisaron.<\/span><u><\/u><\/div>\n<p><span style=\"font-family: arial;\"><b><u>Rutas alternativas<\/u><br \/>\n<\/b><\/span><span style=\"font-family: arial;\"><b>\u00a0Camino 1: <\/b>desde Rosario tomar la ruta nacional 9 hasta San Nicol\u00e1s, luego continuar por la ruta nacional 188 hasta Pergamino, la ruta provincial 51 hasta Arrecifes o la ruta provincial 41 hasta San Antonio de Areco; en cualquiera de los tres casos se puede continuar por la ruta nacional 8 hasta CABA<\/span><\/p>\n<p><span style=\"font-family: arial;\"><b>Camino 2:<\/b> desde Rosario tomar la ruta nacional 174 por el puente a Victoria, continuar por la ruta provincial 11 hasta Gualeguay, luego circular por la ruta nacional 12 hasta Z\u00e1rate, donde podr\u00e1 continuar por la ruta nacional 193 o bien continuar por la ruta nacional 9 para llegar a Buenos Aires.<br \/>\n<strong>Los dos caminos podr\u00e1n ser utilizados en ambos sentidos de circulaci\u00f3n y desde la DNV y Corredores Viales recomendaron realizar los recorridos por las rutas nacionales, ya que, seg\u00fan indicaron, las rutas provinciales se encuentran con un gran caudal de tr\u00e1nsito que podr\u00eda generar inconvenientes o atascamientos.<\/strong><br \/>\nEl temporal del fin de semana afect\u00f3 sobre todo al norte de la provincia de Buenos Aires y caus\u00f3 la muerte de al menos cuatro personas y m\u00e1s de 1000 evacuados. A ese n\u00famero deben sumarse aquellas que se autoevacuaron y se alojan en casas de familiares o vecinos.<br \/>\nEl norte de la provincia fue la regi\u00f3n m\u00e1s castigada. <\/span><\/p>\n<p><span style=\"font-family: arial;\">En el municipio de Z\u00e1rate, por ejemplo, se registraron m\u00e1s de 445 mil\u00edmetros de agua ca\u00edda, cuando el promedio habitual para todo mayo ronda los 80. Adem\u00e1s, se produjeron cortes de rutas provinciales y desbordes de arroyos y r\u00edos, que dejaron bajo el agua a granjas y campos.<\/span><\/p>\n","protected":false},"excerpt":{"rendered":"<p>El feroz temporal que azot\u00f3 la provincia de Buenos Aires el fin de semana pasado, que caus\u00f3 la muerte de al menos cuatro personas, tambi\u00e9n afect\u00f3 la circulaci\u00f3n en una de las principales v\u00edas del pa\u00eds: la autopista Rosario-Buenos Aires, con cortes que se extienden desde hace seis d\u00edas de ambos lados. Seg\u00fan inform\u00f3 la &hellip;<\/p>\n","protected":false},"author":2,"featured_media":8542,"comment_status":"open","ping_status":"open","sticky":false,"template":"","format":"standard","meta":{"footnotes":""},"categories":[54],"tags":[2003],"class_list":["post-8541","post","type-post","status-publish","format-standard","has-post-thumbnail","hentry","category-interes-ganeral","tag-autopista-rosario-buenos-aires"],"_links":{"self":[{"href":"https:\/\/cafeprensa.com.ar\/index.php\/wp-json\/wp\/v2\/posts\/8541","targetHints":{"allow":["GET"]}}],"collection":[{"href":"https:\/\/cafeprensa.com.ar\/index.php\/wp-json\/wp\/v2\/posts"}],"about":[{"href":"https:\/\/cafeprensa.com.ar\/index.php\/wp-json\/wp\/v2\/types\/post"}],"author":[{"embeddable":true,"href":"https:\/\/cafeprensa.com.ar\/index.php\/wp-json\/wp\/v2\/users\/2"}],"replies":[{"embeddable":true,"href":"https:\/\/cafeprensa.com.ar\/index.php\/wp-json\/wp\/v2\/comments?post=8541"}],"version-history":[{"count":1,"href":"https:\/\/cafeprensa.com.ar\/index.php\/wp-json\/wp\/v2\/posts\/8541\/revisions"}],"predecessor-version":[{"id":8543,"href":"https:\/\/cafeprensa.com.ar\/index.php\/wp-json\/wp\/v2\/posts\/8541\/revisions\/8543"}],"wp:featuredmedia":[{"embeddable":true,"href":"https:\/\/cafeprensa.com.ar\/index.php\/wp-json\/wp\/v2\/media\/8542"}],"wp:attachment":[{"href":"https:\/\/cafeprensa.com.ar\/index.php\/wp-json\/wp\/v2\/media?parent=8541"}],"wp:term":[{"taxonomy":"category","embeddable":true,"href":"https:\/\/cafeprensa.com.ar\/index.php\/wp-json\/wp\/v2\/categories?post=8541"},{"taxonomy":"post_tag","embeddable":true,"href":"https:\/\/cafeprensa.com.ar\/index.php\/wp-json\/wp\/v2\/tags?post=8541"}],"curies":[{"name":"wp","href":"https:\/\/api.w.org\/{rel}","templated":true}]}}