{"id":8562,"date":"2025-05-29T13:00:38","date_gmt":"2025-05-29T11:00:38","guid":{"rendered":"https:\/\/cafeprensa.com.ar\/?p=8562"},"modified":"2025-05-29T13:00:38","modified_gmt":"2025-05-29T11:00:38","slug":"choferes-de-uber-moto-protestan-en-tucuman","status":"publish","type":"post","link":"https:\/\/cafeprensa.com.ar\/index.php\/2025\/05\/29\/choferes-de-uber-moto-protestan-en-tucuman\/","title":{"rendered":"Choferes de Uber Moto protest\u00e1n en Tucum\u00e1n"},"content":{"rendered":"<p class=\"description separatorlines\">HOY jueves,se concentran en el Parque 9 de Julio y marchar\u00e1n al Concejo Deliberante para exigir que se regule su actividad. <strong>Los choferes de Uber Moto realizar\u00e1n este jueves una protesta en San Miguel de Tucum\u00e1n para exigir que su servicio sea incluido en la ordenanza que el Concejo Deliberante capitalino debatir\u00e1 en los pr\u00f3ximos d\u00edas para regular las plataformas electr\u00f3nicas de transporte.<\/strong><\/p>\n<div class=\"at-vc\">\n<div id=\"vsmcontent\" class=\"content vsmcontent\">\n<h2 data-start=\"903\" data-end=\"955\">\u00abQueremos seguir trabajando y no ser perseguidos\u00bb<\/h2>\n<p data-start=\"957\" data-end=\"1239\"><b>C\u00e9sar Saravia,<\/b>\u00a0referente del sector, expres\u00f3 que el objetivo es llevar un petitorio a los concejales: \u00abNo queremos que al regularizar los autos nos empiecen a &#8216;cazar&#8217; a nosotros y que no nos permitan seguir trabajando.\u00a0<span class=\"highlight\">Queremos una ordenanza que nos beneficie a todos\u00bb, declar\u00f3<\/span>.<\/p>\n<p data-start=\"1241\" data-end=\"1459\">En semanas anteriores, los ediles hab\u00edan anticipado que priorizar\u00edan la regulaci\u00f3n de los veh\u00edculos antes de avanzar con las aplicaciones que usan motos, lo que gener\u00f3 preocupaci\u00f3n entre los trabajadores del rubro.<\/p>\n<h2 data-start=\"1461\" data-end=\"1500\">Canon provincial y no solo municipal<\/h2>\n<p data-start=\"1502\" data-end=\"1781\">Otro de los puntos que generar\u00e1 debate es el posible cobro de un canon a quienes brinden este tipo de servicio. Desde Uber Moto adelantaron que propondr\u00e1n que el arancel tenga alcance provincial, para evitar que las regulaciones queden limitadas solo al \u00e1mbito municipal.<\/p>\n<\/div>\n<\/div>\n","protected":false},"excerpt":{"rendered":"<p>HOY jueves,se concentran en el Parque 9 de Julio y marchar\u00e1n al Concejo Deliberante para exigir que se regule su actividad. Los choferes de Uber Moto realizar\u00e1n este jueves una protesta en San Miguel de Tucum\u00e1n para exigir que su servicio sea incluido en la ordenanza que el Concejo Deliberante capitalino debatir\u00e1 en los pr\u00f3ximos &hellip;<\/p>\n","protected":false},"author":2,"featured_media":8563,"comment_status":"open","ping_status":"open","sticky":false,"template":"","format":"standard","meta":{"footnotes":""},"categories":[54,34],"tags":[443,2011],"class_list":["post-8562","post","type-post","status-publish","format-standard","has-post-thumbnail","hentry","category-interes-ganeral","category-locales","tag-concejo","tag-uber-moto"],"_links":{"self":[{"href":"https:\/\/cafeprensa.com.ar\/index.php\/wp-json\/wp\/v2\/posts\/8562","targetHints":{"allow":["GET"]}}],"collection":[{"href":"https:\/\/cafeprensa.com.ar\/index.php\/wp-json\/wp\/v2\/posts"}],"about":[{"href":"https:\/\/cafeprensa.com.ar\/index.php\/wp-json\/wp\/v2\/types\/post"}],"author":[{"embeddable":true,"href":"https:\/\/cafeprensa.com.ar\/index.php\/wp-json\/wp\/v2\/users\/2"}],"replies":[{"embeddable":true,"href":"https:\/\/cafeprensa.com.ar\/index.php\/wp-json\/wp\/v2\/comments?post=8562"}],"version-history":[{"count":1,"href":"https:\/\/cafeprensa.com.ar\/index.php\/wp-json\/wp\/v2\/posts\/8562\/revisions"}],"predecessor-version":[{"id":8564,"href":"https:\/\/cafeprensa.com.ar\/index.php\/wp-json\/wp\/v2\/posts\/8562\/revisions\/8564"}],"wp:featuredmedia":[{"embeddable":true,"href":"https:\/\/cafeprensa.com.ar\/index.php\/wp-json\/wp\/v2\/media\/8563"}],"wp:attachment":[{"href":"https:\/\/cafeprensa.com.ar\/index.php\/wp-json\/wp\/v2\/media?parent=8562"}],"wp:term":[{"taxonomy":"category","embeddable":true,"href":"https:\/\/cafeprensa.com.ar\/index.php\/wp-json\/wp\/v2\/categories?post=8562"},{"taxonomy":"post_tag","embeddable":true,"href":"https:\/\/cafeprensa.com.ar\/index.php\/wp-json\/wp\/v2\/tags?post=8562"}],"curies":[{"name":"wp","href":"https:\/\/api.w.org\/{rel}","templated":true}]}}