{"id":8589,"date":"2025-05-29T15:46:31","date_gmt":"2025-05-29T13:46:31","guid":{"rendered":"https:\/\/cafeprensa.com.ar\/?p=8589"},"modified":"2025-05-29T15:48:26","modified_gmt":"2025-05-29T13:48:26","slug":"patricia-bullrich-aseguro-que-la-argentina-tiene-la-tasa-de-homicidios-mas-baja-de-su-historia","status":"publish","type":"post","link":"https:\/\/cafeprensa.com.ar\/index.php\/2025\/05\/29\/patricia-bullrich-aseguro-que-la-argentina-tiene-la-tasa-de-homicidios-mas-baja-de-su-historia\/","title":{"rendered":"Patricia Bullrich asegur\u00f3 que la Argentina tiene la tasa de homicidios \u00abm\u00e1s baja de su historia\u00bb"},"content":{"rendered":"<p>La ministra de Seguridad Nacional dijo que las estad\u00edsticas ponen al pa\u00eds como el de mejores n\u00fameros de Am\u00e9rica <strong>\u00aby eso nos da una enorme satisfacci\u00f3n\u00bb.<\/strong><br \/>\nLa ministra de Seguridad Nacional, Patricia Bullrich, afirm\u00f3 esta ma\u00f1ana que la Argentina tiene hoy la tasa de homicidios <strong>\u00abm\u00e1s baja de su historia\u00bb y destac\u00f3 que las estad\u00edsticas ponen al pa\u00eds como el de mejores n\u00fameros de Am\u00e9rica \u00aby eso nos da una enorme satisfacci\u00f3n\u00bb.<\/strong><\/p>\n<p><strong>\u00abComo pa\u00eds estamos teniendo la cifra m\u00e1s baja de homicidios, con un 3,8 cada 100.000 habitantes, somos primero en Am\u00e9rica y eso nos da una enorme satisfacci\u00f3n\u00bb,<\/strong> afirm\u00f3 la ministra en declaraciones al programa \u00abEsta ma\u00f1ana\u00bb que se emite por Radio Rivadavia.<br \/>\nBullrich explic\u00f3 que, si bien<strong> \u00aben este \u00edndice colaboran todas las provincias\u00bb, la fuerte mejora \u00ab<\/strong>se explica en un 90 por ciento por la baja que se produjo por el Plan Bandera\u00bb que se llev\u00f3 a cabo en la ciudad de Rosario, golpeada fuertemente por la actividad del narcotr\u00e1fico, y hoy en retroceso. En este sentido, critic\u00f3 las cifras difundidas por el gobernador bonaerense, Axel Kicillof, y sostuvo que \u00abla Provincia de Buenos Aires est\u00e1 un 0,8 arriba de la baja nacional\u00bb.<\/p>\n<p>La funcionaria lo explic\u00f3 como antesala de una conferencia de prensa que brindar\u00e1 hoy, para referirse al desbaratamiento en la Argentina del denominado \u00abTren de Aragua\u00bb, una organizaci\u00f3n criminal de origen venezolano que esta catalogada como \u00abterrorista\u00bb por el Gobierno argentino. Bullrich sostuvo que se trata de \u00abuna operaci\u00f3n muy importante, porque es la primera vez en la Argentina que se detecta una organizaci\u00f3n paraestatal venezolana como el Tren de Aragua y se la logra desbaratar\u00bb.<\/p>\n<p><strong>\u00abHoy vamos a mostrar los detenidos y c\u00f3mo operaban, qu\u00e9 es lo que hac\u00edan\u00bb, dijo y remarco que \u00abest\u00e1 catalogada como terrorista por su nivel de brutalidad, como en el caso de un militar que mataron en Chile que lo enterraron, lo apalearon y lo pusieron bajo cemento\u00bb<\/strong>.<\/p>\n<p>Asegur\u00f3 que el objetivo del Gobierno nacional es que<strong> \u00abno haya provincias con estad\u00edsticas de homicidio sobre la tasa nacional\u00bb, y se\u00f1al\u00f3 que para eso se va a enviar al Congreso \u00abun proyecto de ley para trabajar m\u00e1s profundamente en los cr\u00edmenes intrafamiliares\u00bb. <\/strong>\u00abEstamos presentado dos leyes que nos faltan. Una que ya no incide tanto que es contra las barras bravas, y la segunda es intrafamiliar y entre v\u00ednculos, los cr\u00edmenes del hogar, que influyen mucho en la tasa nocional\u00bb, subray\u00f3.<br \/>\n<span style=\"font-size: 8pt;\"><strong>Fuente: El Liberal<\/strong><\/span><br \/>\n<span style=\"font-size: 8pt;\"><strong>https:\/\/www.elliberal.com.ar\/nota\/48937\/2025\/05\/patricia-bullrich-aseguro-que-la-argentina-tiene-la-tasa-de-homicidios-mas-baja-de-su-historia<\/strong><\/span><\/p>\n","protected":false},"excerpt":{"rendered":"<p>La ministra de Seguridad Nacional dijo que las estad\u00edsticas ponen al pa\u00eds como el de mejores n\u00fameros de Am\u00e9rica \u00aby eso nos da una enorme satisfacci\u00f3n\u00bb. La ministra de Seguridad Nacional, Patricia Bullrich, afirm\u00f3 esta ma\u00f1ana que la Argentina tiene hoy la tasa de homicidios \u00abm\u00e1s baja de su historia\u00bb y destac\u00f3 que las estad\u00edsticas &hellip;<\/p>\n","protected":false},"author":2,"featured_media":8590,"comment_status":"open","ping_status":"open","sticky":false,"template":"","format":"standard","meta":{"footnotes":""},"categories":[54,33],"tags":[438],"class_list":["post-8589","post","type-post","status-publish","format-standard","has-post-thumbnail","hentry","category-interes-ganeral","category-nacionales","tag-patricia-bullrich"],"_links":{"self":[{"href":"https:\/\/cafeprensa.com.ar\/index.php\/wp-json\/wp\/v2\/posts\/8589","targetHints":{"allow":["GET"]}}],"collection":[{"href":"https:\/\/cafeprensa.com.ar\/index.php\/wp-json\/wp\/v2\/posts"}],"about":[{"href":"https:\/\/cafeprensa.com.ar\/index.php\/wp-json\/wp\/v2\/types\/post"}],"author":[{"embeddable":true,"href":"https:\/\/cafeprensa.com.ar\/index.php\/wp-json\/wp\/v2\/users\/2"}],"replies":[{"embeddable":true,"href":"https:\/\/cafeprensa.com.ar\/index.php\/wp-json\/wp\/v2\/comments?post=8589"}],"version-history":[{"count":3,"href":"https:\/\/cafeprensa.com.ar\/index.php\/wp-json\/wp\/v2\/posts\/8589\/revisions"}],"predecessor-version":[{"id":8593,"href":"https:\/\/cafeprensa.com.ar\/index.php\/wp-json\/wp\/v2\/posts\/8589\/revisions\/8593"}],"wp:featuredmedia":[{"embeddable":true,"href":"https:\/\/cafeprensa.com.ar\/index.php\/wp-json\/wp\/v2\/media\/8590"}],"wp:attachment":[{"href":"https:\/\/cafeprensa.com.ar\/index.php\/wp-json\/wp\/v2\/media?parent=8589"}],"wp:term":[{"taxonomy":"category","embeddable":true,"href":"https:\/\/cafeprensa.com.ar\/index.php\/wp-json\/wp\/v2\/categories?post=8589"},{"taxonomy":"post_tag","embeddable":true,"href":"https:\/\/cafeprensa.com.ar\/index.php\/wp-json\/wp\/v2\/tags?post=8589"}],"curies":[{"name":"wp","href":"https:\/\/api.w.org\/{rel}","templated":true}]}}