{"id":8633,"date":"2025-06-02T13:17:11","date_gmt":"2025-06-02T11:17:11","guid":{"rendered":"https:\/\/cafeprensa.com.ar\/?p=8633"},"modified":"2025-06-02T13:17:31","modified_gmt":"2025-06-02T11:17:31","slug":"seis-condenados-por-la-ruta-del-dinero-k-deben-presentarse-hoy-en-comodoro-py","status":"publish","type":"post","link":"https:\/\/cafeprensa.com.ar\/index.php\/2025\/06\/02\/seis-condenados-por-la-ruta-del-dinero-k-deben-presentarse-hoy-en-comodoro-py\/","title":{"rendered":"Seis condenados por \u201cla Ruta del Dinero K\u201d deben presentarse hoy en Comodoro Py"},"content":{"rendered":"<div class=\"content-article-title\">\n<div class=\"wrapper-layout center-content center_story max-width\">\n<div class=\"col-content\">\n<p class=\"article__title font__display\">Quedar\u00e1n detenidos. Se trata de Fabi\u00e1n Rossi, Julio Mendoza, Juan Alberto De Rasis, C\u00e9sar Fern\u00e1ndez, Carlos Molinari y Eduardo Castro. La semana pasada la Corte orden\u00f3 que se efectivicen sus arrestos.<\/p>\n<\/div>\n<\/div>\n<\/div>\n<div class=\"common-layout wrapper-layout center-content center_story max-width story article\">\n<div class=\"col-content\">\n<p>Seis condenados en la causa conocida como \u00ab<b>La Ruta del Dinero K\u00bb<\/b>\u00a0deben presentarse en los tribunales federales de Comodoro Py para quedar\u00a0<b>detenidos.<\/b> Se trata de<strong> Fabi\u00e1n Rossi, Julio Mendoza, Juan Alberto De Rasis, C\u00e9sar Fern\u00e1ndez, Carlos Molinari y Eduardo Castro.<\/strong> La orden fue a partir del fallo de la\u00a0<a title=\"https:\/\/tn.com.ar\/politica\/2025\/05\/29\/ruta-del-dinero-k-la-corte-suprema-confirmo-la-condena-de-lazaro-baez-por-haber-lavado-55-millones-de-dolares\/\" href=\"https:\/\/tn.com.ar\/politica\/2025\/05\/29\/ruta-del-dinero-k-la-corte-suprema-confirmo-la-condena-de-lazaro-baez-por-haber-lavado-55-millones-de-dolares\/\" target=\"_self\" rel=\"\"><b>Corte Suprema<\/b><\/a>\u00a0de la semana pasada, que confirm\u00f3 las sentencias por el delito de lavado de dinero. La medida fue pedida por el fiscal, Abel C\u00f3rdoba. Los condenados ser\u00e1n detenidos y luego alojados en una unidad del Servicio Penitenciario Federal. Ninguno de ellos estuvo preso antes.<\/p>\n<div class=\"default-article-color article__body article__article\">\n<p><img loading=\"lazy\" decoding=\"async\" class=\"alignnone wp-image-8635 size-large\" src=\"https:\/\/cafeprensa.com.ar\/wp-content\/uploads\/2025\/06\/el-dinero-ilicito-era-trasladado-a-la-rosadita-en-bolsos-foto-captura-RBGPYAUDY5FDBASDEHTWSQKHDI-1024x574.avif\" alt=\"\" width=\"1024\" height=\"574\" srcset=\"https:\/\/cafeprensa.com.ar\/wp-content\/uploads\/2025\/06\/el-dinero-ilicito-era-trasladado-a-la-rosadita-en-bolsos-foto-captura-RBGPYAUDY5FDBASDEHTWSQKHDI-1024x574.avif 1024w, https:\/\/cafeprensa.com.ar\/wp-content\/uploads\/2025\/06\/el-dinero-ilicito-era-trasladado-a-la-rosadita-en-bolsos-foto-captura-RBGPYAUDY5FDBASDEHTWSQKHDI-300x168.avif 300w, https:\/\/cafeprensa.com.ar\/wp-content\/uploads\/2025\/06\/el-dinero-ilicito-era-trasladado-a-la-rosadita-en-bolsos-foto-captura-RBGPYAUDY5FDBASDEHTWSQKHDI-768x430.avif 768w, https:\/\/cafeprensa.com.ar\/wp-content\/uploads\/2025\/06\/el-dinero-ilicito-era-trasladado-a-la-rosadita-en-bolsos-foto-captura-RBGPYAUDY5FDBASDEHTWSQKHDI-390x220.avif 390w, https:\/\/cafeprensa.com.ar\/wp-content\/uploads\/2025\/06\/el-dinero-ilicito-era-trasladado-a-la-rosadita-en-bolsos-foto-captura-RBGPYAUDY5FDBASDEHTWSQKHDI.avif 1440w\" sizes=\"auto, (max-width: 1024px) 100vw, 1024px\" \/><\/p>\n<p class=\"paragraph font__body-regular\">El juzgado igualmente debe ahora\u00a0<b>analizar la situaci\u00f3n de cada uno,<\/b>\u00a0ya que varios de ellos presentaron certificados m\u00e9dicos para cumplir la condena bajo el esquema de\u00a0<b>prisi\u00f3n domiciliaria.\u00a0<\/b>Algunos tienen m\u00e1s de 70 a\u00f1os, lo que habilita a la Justicia a otorgarles el beneficio. El juez,\u00a0<b>N\u00e9stor Costabel,<\/b>\u00a0integrante del Tribunal Oral Federal 4 (TOF 4), que estuvo a cargo del juicio, notific\u00f3 a los condenados a que se presenten hoy a las 10:30 \u201cpara hacer\u00a0<b>efectivas\u00a0<\/b>sus detenciones\u201d.<\/p>\n<p class=\"paragraph font__body-regular\">Entre las sentencias confirmadas est\u00e1 la del principal condenado, el empresario K,\u00a0<a title=\"https:\/\/tn.com.ar\/politica\/2024\/08\/26\/juicio-por-la-compra-del-campo-el-entrevero-condenaron-a-lazaro-baez-y-leonardo-farina-por-lavado-de-dinero\/\" href=\"https:\/\/tn.com.ar\/politica\/2024\/08\/26\/juicio-por-la-compra-del-campo-el-entrevero-condenaron-a-lazaro-baez-y-leonardo-farina-por-lavado-de-dinero\/\" target=\"_self\" rel=\"\"><b>L\u00e1zaro B\u00e1ez<\/b><\/a><b>,<\/b> que actualmente cumple prisi\u00f3n domiciliaria a partir de una condena por lavado de dinero por la compra del campo<strong> \u201cEl Entrevero\u201d.<\/strong> Los condenados recibieron penas de prisi\u00f3n por tener distintos grados de participaci\u00f3n en la maniobra que permiti\u00f3 a B\u00e1ez a<b>\u00a0lavar 55 millones de d\u00f3lares<\/b>\u00a0a trav\u00e9s de la financiera S.G.I, popularmente conocida como \u201cLa Rosadita\u201d.<\/p>\n<p class=\"font--primary font__display\"><strong>Las claves de la causa de La Ruta del Dinero K<\/strong><\/p>\n<ul class=\"ul__list list\">\n<li class=\"list__item\">La causa comenz\u00f3 en 2013 luego de un informe period\u00edstico en el programa\u00a0<a title=\"https:\/\/tn.com.ar\/politica\/2025\/05\/29\/la-ruta-del-dinero-k-el-informe-de-ppt-que-destapo-el-caso-de-corrupcion-mas-escandaloso-del-kirchnerismo\/\" href=\"https:\/\/tn.com.ar\/politica\/2025\/05\/29\/la-ruta-del-dinero-k-el-informe-de-ppt-que-destapo-el-caso-de-corrupcion-mas-escandaloso-del-kirchnerismo\/\" target=\"_self\" rel=\"\"><i>Periodismo Para Todos<\/i>\u00a0(PPT)<\/a>\u00a0de Jorge Lanata, por\u00a0<i>eltrece,<\/i>\u00a0en donde se aseguraba que el empresario B\u00e1ez, amigo de<b>\u00a0N\u00e9stor Kirchner\u00a0<\/b>y uno de los\u00a0<b>principales proveedores<\/b>\u00a0de la obra p\u00fablica en la provincia de Santa Cruz, hab\u00eda sacado del pa\u00eds 55 millones de d\u00f3lares con maniobras financieras a cuentas en Suiza.<\/li>\n<li class=\"list__item\">El programa incluy\u00f3 las declaraciones de<b>\u00a0Federico Elaskar<\/b>\u00a0y de<b>\u00a0Leonardo Fari\u00f1a,\u00a0<\/b>en<\/li>\n<li class=\"list__item\">c\u00e1mara oculta.<\/li>\n<li class=\"list__item\">El juez federal,\u00a0<b>Sebasti\u00e1n Casanello,<\/b>\u00a0orden\u00f3 en abril del 2016 la detenci\u00f3n de L\u00e1zaro B\u00e1ez y de su contador, Daniel P\u00e9rez Gad\u00edn. por temor a que fugara. En aquel momento tambi\u00e9n fue arrestado el abogado, Jorge Chueco, cuando huy\u00f3 hacia Paraguay.<\/li>\n<li class=\"list__item\">La instrucci\u00f3n determin\u00f3 que existi\u00f3 una\u00a0<b>organizaci\u00f3n criminal\u00a0<\/b>que entre los meses de diciembre del 2010 y abril del 2013 realiz\u00f3 maniobras de lavado de dinero implicados principalmente del manejo de la empresa Austral Construcciones que dirig\u00eda B\u00e1ez, a trav\u00e9s de la financiera SGI mediante un entramado que funcion\u00f3 en el pa\u00eds y en el exterior y que logr\u00f3 la expatriaci\u00f3n de fondos de origen il\u00edcito y su posterior reingreso por un total de\u00a0<b>US$54.872.866,69.<\/b><\/li>\n<li class=\"list__item\">Seg\u00fan se estableci\u00f3, el dinero depositado en el extranjero llegaba a las cuentas de diversos bancos internacionales \u2013generalmente con bajos controles fiscales- a nombre de otras personas jur\u00eddicas.<\/li>\n<li class=\"list__item\">Luego se compraron bonos de deuda p\u00fablica que despu\u00e9s se liquidaron en la plaza local, simulando una supuesta inversi\u00f3n multimillonaria de una empresa fiduciaria suiza para adquirir acciones de la empresa Austral Construcci\u00f3n S.A. (ACSA). Finalmente, la Corte Suprema confirm\u00f3 la condena por lavado de activos.<\/li>\n<\/ul>\n<\/div>\n<p>&nbsp;<\/p>\n<\/div>\n<aside class=\"col-right-rail right-rail\">\n<div class=\"brick_most-read brick_menor\"><\/div>\n<\/aside>\n<\/div>\n<div class=\"wrapper-layout center-content max-width article-footer\">\n<div class=\"related_articles\">\n<div class=\"main-content\">\n<article class=\"card__container card__vertical\" data-testid=\"card\">\n<div class=\"card__body\"><\/div>\n<\/article>\n<\/div>\n<\/div>\n<\/div>\n","protected":false},"excerpt":{"rendered":"<p>Quedar\u00e1n detenidos. Se trata de Fabi\u00e1n Rossi, Julio Mendoza, Juan Alberto De Rasis, C\u00e9sar Fern\u00e1ndez, Carlos Molinari y Eduardo Castro. La semana pasada la Corte orden\u00f3 que se efectivicen sus arrestos. Seis condenados en la causa conocida como \u00abLa Ruta del Dinero K\u00bb\u00a0deben presentarse en los tribunales federales de Comodoro Py para quedar\u00a0detenidos. Se trata &hellip;<\/p>\n","protected":false},"author":2,"featured_media":8634,"comment_status":"open","ping_status":"open","sticky":false,"template":"","format":"standard","meta":{"footnotes":""},"categories":[47,33],"tags":[2022,2021,2023,2018,2020,2019,1950],"class_list":["post-8633","post","type-post","status-publish","format-standard","has-post-thumbnail","hentry","category-justicia","category-nacionales","tag-carlos-molinari-y-eduardo-castro","tag-cesar-fernandez","tag-comodoro-py","tag-fabian-rossi","tag-juan-alberto-de-rasis","tag-julio-mendoza","tag-ruta-del-dinero-k"],"_links":{"self":[{"href":"https:\/\/cafeprensa.com.ar\/index.php\/wp-json\/wp\/v2\/posts\/8633","targetHints":{"allow":["GET"]}}],"collection":[{"href":"https:\/\/cafeprensa.com.ar\/index.php\/wp-json\/wp\/v2\/posts"}],"about":[{"href":"https:\/\/cafeprensa.com.ar\/index.php\/wp-json\/wp\/v2\/types\/post"}],"author":[{"embeddable":true,"href":"https:\/\/cafeprensa.com.ar\/index.php\/wp-json\/wp\/v2\/users\/2"}],"replies":[{"embeddable":true,"href":"https:\/\/cafeprensa.com.ar\/index.php\/wp-json\/wp\/v2\/comments?post=8633"}],"version-history":[{"count":2,"href":"https:\/\/cafeprensa.com.ar\/index.php\/wp-json\/wp\/v2\/posts\/8633\/revisions"}],"predecessor-version":[{"id":8637,"href":"https:\/\/cafeprensa.com.ar\/index.php\/wp-json\/wp\/v2\/posts\/8633\/revisions\/8637"}],"wp:featuredmedia":[{"embeddable":true,"href":"https:\/\/cafeprensa.com.ar\/index.php\/wp-json\/wp\/v2\/media\/8634"}],"wp:attachment":[{"href":"https:\/\/cafeprensa.com.ar\/index.php\/wp-json\/wp\/v2\/media?parent=8633"}],"wp:term":[{"taxonomy":"category","embeddable":true,"href":"https:\/\/cafeprensa.com.ar\/index.php\/wp-json\/wp\/v2\/categories?post=8633"},{"taxonomy":"post_tag","embeddable":true,"href":"https:\/\/cafeprensa.com.ar\/index.php\/wp-json\/wp\/v2\/tags?post=8633"}],"curies":[{"name":"wp","href":"https:\/\/api.w.org\/{rel}","templated":true}]}}