{"id":8762,"date":"2025-06-04T13:57:15","date_gmt":"2025-06-04T11:57:15","guid":{"rendered":"https:\/\/cafeprensa.com.ar\/?p=8762"},"modified":"2025-06-04T13:58:18","modified_gmt":"2025-06-04T11:58:18","slug":"ruta-del-dinero-k-el-fiscal-pidio-que-lazaro-baez-vuelva-a-la-carcel-para-cumplir-su-condena","status":"publish","type":"post","link":"https:\/\/cafeprensa.com.ar\/index.php\/2025\/06\/04\/ruta-del-dinero-k-el-fiscal-pidio-que-lazaro-baez-vuelva-a-la-carcel-para-cumplir-su-condena\/","title":{"rendered":"\u00abRuta del dinero K\u00bb: el fiscal pidi\u00f3 que L\u00e1zaro B\u00e1ez vuelva a la c\u00e1rcel para cumplir su condena"},"content":{"rendered":"<div class=\"article__header max-width-md\">\n<p class=\"article__headline\">El empresario acusado de lavar m\u00e1s de 55 millones de d\u00f3lares se encuentra cumpliendo prisi\u00f3n domiciliaria en una de las estancias que tiene en la Patagonia. <strong>El fiscal federal Abel C\u00f3rdoba solicit\u00f3 este martes 3 de junio que\u00a0<a href=\"https:\/\/www.perfil.com\/noticias\/politica\/por-que-la-condena-a-lazaro-baez-puede-perjudicar-a-cristina-kirchner.phtml\" target=\"_blank\" rel=\"noopener\">L\u00e1zaro B\u00e1ez<\/a>\u00a0vuelva a la c\u00e1rcel para cumplir la condena de 10 a\u00f1os de prisi\u00f3n que le impusieron por\u00a0<a href=\"https:\/\/www.perfil.com\/noticias\/politica\/ruta-del-dinero-k-seis-condenados-quedan-detenidos-hoy-y-avanza-la-investigacion-contra-cristina-kirchner.phtml\" target=\"_blank\" rel=\"noopener\">lavado de dinero<\/a><\/strong>\u00a0en la famosa causa sobre\u00a0<a href=\"https:\/\/www.perfil.com\/noticias\/actualidad\/ruta-del-dinero-k-la-corte-suprema-dejo-firme-la-condena-a-diez-anos-contra-lazaro-baez.phtml\" target=\"_blank\" rel=\"noopener\"><strong>\u00abLa ruta del dinero K\u00bb<\/strong><\/a>.<\/p>\n<\/div>\n<div class=\"col-fluid col-fluid-max col-fluid--clip\">\n<div class=\"article__main max-width-md\">\n<div class=\"article__wrapper\">\n<div id=\"article-content\" class=\"article__content standard\">\n<p><img loading=\"lazy\" decoding=\"async\" class=\"alignnone wp-image-8763 size-large\" src=\"https:\/\/cafeprensa.com.ar\/wp-content\/uploads\/2025\/06\/0b1408ad-bd25-44c9-b64d-583385353d7c_16-9-discover-aspect-ratio_default_0-1024x576.jpg\" alt=\"\" width=\"1024\" height=\"576\" srcset=\"https:\/\/cafeprensa.com.ar\/wp-content\/uploads\/2025\/06\/0b1408ad-bd25-44c9-b64d-583385353d7c_16-9-discover-aspect-ratio_default_0-1024x576.jpg 1024w, https:\/\/cafeprensa.com.ar\/wp-content\/uploads\/2025\/06\/0b1408ad-bd25-44c9-b64d-583385353d7c_16-9-discover-aspect-ratio_default_0-300x169.jpg 300w, https:\/\/cafeprensa.com.ar\/wp-content\/uploads\/2025\/06\/0b1408ad-bd25-44c9-b64d-583385353d7c_16-9-discover-aspect-ratio_default_0-768x432.jpg 768w, https:\/\/cafeprensa.com.ar\/wp-content\/uploads\/2025\/06\/0b1408ad-bd25-44c9-b64d-583385353d7c_16-9-discover-aspect-ratio_default_0-390x220.jpg 390w, https:\/\/cafeprensa.com.ar\/wp-content\/uploads\/2025\/06\/0b1408ad-bd25-44c9-b64d-583385353d7c_16-9-discover-aspect-ratio_default_0.jpg 1200w\" sizes=\"auto, (max-width: 1024px) 100vw, 1024px\" \/><\/p>\n<p>B\u00e1ez se encuentra con arresto domiciliario en una de las estancias que posee en la Patagonia. Su condena qued\u00f3 firme luego de que la Corte Suprema de Justicia rechazara todos los recursos legales de sus abogados. C\u00f3rdoba present\u00f3 un escrito al Tribunal Oral Federal 4 donde pide\u00a0<strong>que se compute el tiempo que lleva detenido B\u00e1ez y solicita que lo que le resta cumplir lo haga tras las rejas<\/strong>. El juez Norberto Costabel ser\u00e1 quien decida si se aplica esta medida o no. El empresario estuvo detenido en la c\u00e1rcel federal de Ezeiza del 5 de abril de 2016 al 12 de diciembre de 2019, cuando fue liberado tras cumplir 3 a\u00f1os de prisi\u00f3n preventiva sin condena.\u00a0<strong>El computo de Costabel es que B\u00e1ez estuvo preso 3 a\u00f1os, 6 meses y 8 d\u00edas,\u00a0<\/strong>por ese motivo,<strong>\u00a0de su condena a 10 a\u00f1os de prisi\u00f3n, le faltar\u00edan cumplir 6 a\u00f1os, 6 meses y 22 d\u00edas<\/strong>.<\/p>\n<div>\n<figure class=\"image pointer\" data-order=\"1\"><picture><source srcset=\"https:\/\/fotos.perfil.com\/\/2025\/06\/02\/440\/0\/lazaro-baez-2034759.jpg?webp\" media=\"(max-width: 440px)\" \/><source srcset=\"https:\/\/fotos.perfil.com\/\/2025\/06\/02\/712\/0\/lazaro-baez-2034759.jpg?webp\" media=\"(max-width: 1019px)\" \/><img decoding=\"async\" src=\"https:\/\/fotos.perfil.com\/\/2025\/06\/02\/900\/0\/lazaro-baez-2034759.jpg?webp\" alt=\"Lazaro Baez\" \/><\/picture><figcaption>Caption<\/figcaption><\/figure>\n<\/div>\n<p>El fiscal tambi\u00e9n solicit\u00f3 que vayan a la c\u00e1rcel Jorge Chueco y Daniel P\u00e9rez Gad\u00edn, el abogado y el contador del empresario, respectivamente, cuyas condenas son de 6 a\u00f1os de prisi\u00f3n. <strong>En el caso de Mart\u00edn B\u00e1ez, hijo del millonario, C\u00f3rdoba acept\u00f3 que se disponga su libertad condicional<\/strong>: \u201cHabiendo quedado firme la condena dictada contra Mart\u00edn Antonio B\u00e1ez, y siendo que oportunamente se le concedi\u00f3 la excarcelaci\u00f3n en los t\u00e9rminos del art. 317 inc. 5, solicito se convierta la misma en libertad condicional (art. 13 y ccdtes del CP)\u201d, expres\u00f3 el fiscal.<\/p>\n<p>Tras el fallo de la Corte Suprema confirmando las penas de los principales involucrados en \u00abLa ruta del dinero K\u00bb,\u00a0<strong>el lunes 2 de junio se presentaron y quedaron detenidos Fabi\u00e1n Rossi<\/strong>, ex titular de la financiera SGI, m\u00e1s conocido por ser el ex marido de la vedette Iliana Calabr\u00f3, figura del \u00abCantando por un sue\u00f1o\u00bb;\u00a0<strong>Carlos Molinari<\/strong>, empresario del sector inmobiliario;\u00a0<strong>C\u00e9sar Fern\u00e1ndez<\/strong>, s\u00edndico de Austral;<strong>\u00a0Eduardo Castro<\/strong>, apoderado de compa\u00f1\u00edas relacionadas con el lavado de dinero; y\u00a0<strong>Juan Alberto de Rasis<\/strong>, de la empresa suiza usada para el lavado.<\/p>\n<div>\n<figure class=\"image pointer\" data-order=\"2\"><picture><source srcset=\"https:\/\/fotos.perfil.com\/\/2025\/05\/30\/440\/0\/fabian-rossi-exapoderado-de-la-financiera-sgi-2033655.jpg?webp\" media=\"(max-width: 440px)\" \/><source srcset=\"https:\/\/fotos.perfil.com\/\/2025\/05\/30\/712\/0\/fabian-rossi-exapoderado-de-la-financiera-sgi-2033655.jpg?webp\" media=\"(max-width: 1019px)\" \/><img decoding=\"async\" src=\"https:\/\/fotos.perfil.com\/\/2025\/05\/30\/900\/0\/fabian-rossi-exapoderado-de-la-financiera-sgi-2033655.jpg?webp\" alt=\"Fabi\u00e1n Rossi, exapoderado de la financiera SGI\" \/><\/picture><figcaption>Fabi\u00e1n Rossi, ex marido de Iliana Calabr\u00f3<\/figcaption><\/figure>\n<\/div>\n<p>Todos ellos permanecer\u00e1n detenidos en la Superintendencia de Investigaciones Federales de la Polic\u00eda Federal hasta que la justicia resuelva los pedidos de prisi\u00f3n domiciliaria que solicitaron por cuestiones de edad o salud, un tr\u00e1mite que puede demorar entre 7 y 14 d\u00edas.<\/p>\n<p><strong>Julio Mendoza<\/strong>, ex gerente de Austral Construcciones, sentenciado a 5 a\u00f1os de prisi\u00f3n, no pudo presentarse porque se encuentra internado desde el viernes 30 de mayo por una descompensaci\u00f3n que sufri\u00f3. Para evitar una fuga, la Justicia puso un polic\u00eda de guardia junto a la puerta de la habitaci\u00f3n de la cl\u00ednica de Resistencia, Chaco, donde recibe atenci\u00f3n m\u00e9dica. <strong>El juez Costabel ya empez\u00f3 a estudiar los pedidos de arresto domiciliario<\/strong>\u00a0y analizar\u00e1 los informes m\u00e9dicos que presentaron los detenidos junto a los estudios que realizar\u00e1n las autoridades del Servicio Penitenciario Federal.<\/p>\n<div>\n<figure class=\"image pointer\" data-order=\"3\"><picture><source srcset=\"https:\/\/fotos.perfil.com\/\/2025\/06\/02\/440\/0\/ruta-del-dinero-k-20250602-2034715.jpg?webp\" media=\"(max-width: 440px)\" \/><source srcset=\"https:\/\/fotos.perfil.com\/\/2025\/06\/02\/712\/0\/ruta-del-dinero-k-20250602-2034715.jpg?webp\" media=\"(max-width: 1019px)\" \/><img decoding=\"async\" src=\"https:\/\/fotos.perfil.com\/\/2025\/06\/02\/900\/0\/ruta-del-dinero-k-20250602-2034715.jpg?webp\" alt=\"Ruta del dinero K 20250602\" \/><\/picture><figcaption>Im\u00e1genes del programa de Jorge Lanata que mostraba c\u00f3mo se contaba el dinero en \u00abLa ruta del dinero K\u00bb<\/figcaption><\/figure>\n<\/div>\n<h2>El fallo de la Corte<\/h2>\n<p>El 29 de mayo la Corte Suprema de Justicia dej\u00f3 firme la pena de diez a\u00f1os de prisi\u00f3n contra L\u00e1zaro B\u00e1ez por lavado de dinero y determin\u00f3 que blanque\u00f3 millones de d\u00f3lares. Votaron por confirmar la condena Horacio Rosatti, Ricardo Lorezentti y dos conjueces. En disidencia vot\u00f3 Carlos Rosenkrantz, que pidi\u00f3 enviar el caso a la Procuraci\u00f3n. <strong>Este caso es recordado, especialmente, por las im\u00e1genes que present\u00f3 el periodista Jorge Lanata en su programa de televisi\u00f3n, donde se ve\u00eda a los principales acusados contando pilas de d\u00f3lares en \u201cLa Rosadita\u201d, la financiera clandestina de Puerto Madero que se encargaba de blanquear el dinero.<\/strong><\/p>\n<p>El juez Casanello orden\u00f3 en abril del 2016 la detenci\u00f3n de L\u00e1zaro B\u00e1ez y de su contador P\u00e9rez Gad\u00edn. En ese momento tambi\u00e9n fue arrestado el abogado Chueco.<\/p>\n<div>\n<figure class=\"image pointer\" data-order=\"4\"><picture><source srcset=\"https:\/\/fotos.perfil.com\/\/2023\/11\/23\/440\/0\/leonardo-farina-por-la-ruta-del-dinero-k-1704928.jpg?webp\" media=\"(max-width: 440px)\" \/><source srcset=\"https:\/\/fotos.perfil.com\/\/2023\/11\/23\/712\/0\/leonardo-farina-por-la-ruta-del-dinero-k-1704928.jpg?webp\" media=\"(max-width: 1019px)\" \/><img decoding=\"async\" src=\"https:\/\/fotos.perfil.com\/\/2023\/11\/23\/900\/0\/leonardo-farina-por-la-ruta-del-dinero-k-1704928.jpg?webp\" alt=\"Leonardo Fari\u00f1a por \" \/><\/picture><figcaption>Leonardo Fari\u00f1a<\/figcaption><\/figure>\n<\/div>\n<p>La instrucci\u00f3n estableci\u00f3 la existencia de<strong>\u00a0una organizaci\u00f3n criminal que, entre diciembre de 2010 y abril de 2013, lav\u00f3 dinero proveniente de la empresa Austral Construcciones (propiedad de B\u00e1ez<\/strong>) a trav\u00e9s de la financiera SGI, que sacaba los fondos de origen il\u00edcito de Argentina y luego los reingresaba. <strong>El 26 de febrero de 2021, el Tribunal Oral Federal 4, a cargo de los jueces Costabel, Adriana Palliotti y Gabriela L\u00f3pez I\u00f1iguez, conden\u00f3 a L\u00e1zaro B\u00e1ez por lavado de activos agravado. Tambi\u00e9n recibieron penas los cuatro hijos del empresario (Mart\u00edn, Leandro, Melina y Luciana), P\u00e9rez Gad\u00edn, Federico Elaskar y Leonardo Fari\u00f1a, conocido por su casamiento con la modelo Karina Jelinek.<\/strong><\/p>\n<p><span style=\"font-size: 8pt;\"><strong>FUENTE; PERFIL<\/strong><\/span><\/p>\n<\/div>\n<\/div>\n<\/div>\n<\/div>\n","protected":false},"excerpt":{"rendered":"<p>El empresario acusado de lavar m\u00e1s de 55 millones de d\u00f3lares se encuentra cumpliendo prisi\u00f3n domiciliaria en una de las estancias que tiene en la Patagonia. El fiscal federal Abel C\u00f3rdoba solicit\u00f3 este martes 3 de junio que\u00a0L\u00e1zaro B\u00e1ez\u00a0vuelva a la c\u00e1rcel para cumplir la condena de 10 a\u00f1os de prisi\u00f3n que le impusieron por\u00a0lavado &hellip;<\/p>\n","protected":false},"author":2,"featured_media":8765,"comment_status":"open","ping_status":"open","sticky":false,"template":"","format":"standard","meta":{"footnotes":""},"categories":[47,33],"tags":[1950],"class_list":["post-8762","post","type-post","status-publish","format-standard","has-post-thumbnail","hentry","category-justicia","category-nacionales","tag-ruta-del-dinero-k"],"_links":{"self":[{"href":"https:\/\/cafeprensa.com.ar\/index.php\/wp-json\/wp\/v2\/posts\/8762","targetHints":{"allow":["GET"]}}],"collection":[{"href":"https:\/\/cafeprensa.com.ar\/index.php\/wp-json\/wp\/v2\/posts"}],"about":[{"href":"https:\/\/cafeprensa.com.ar\/index.php\/wp-json\/wp\/v2\/types\/post"}],"author":[{"embeddable":true,"href":"https:\/\/cafeprensa.com.ar\/index.php\/wp-json\/wp\/v2\/users\/2"}],"replies":[{"embeddable":true,"href":"https:\/\/cafeprensa.com.ar\/index.php\/wp-json\/wp\/v2\/comments?post=8762"}],"version-history":[{"count":2,"href":"https:\/\/cafeprensa.com.ar\/index.php\/wp-json\/wp\/v2\/posts\/8762\/revisions"}],"predecessor-version":[{"id":8767,"href":"https:\/\/cafeprensa.com.ar\/index.php\/wp-json\/wp\/v2\/posts\/8762\/revisions\/8767"}],"wp:featuredmedia":[{"embeddable":true,"href":"https:\/\/cafeprensa.com.ar\/index.php\/wp-json\/wp\/v2\/media\/8765"}],"wp:attachment":[{"href":"https:\/\/cafeprensa.com.ar\/index.php\/wp-json\/wp\/v2\/media?parent=8762"}],"wp:term":[{"taxonomy":"category","embeddable":true,"href":"https:\/\/cafeprensa.com.ar\/index.php\/wp-json\/wp\/v2\/categories?post=8762"},{"taxonomy":"post_tag","embeddable":true,"href":"https:\/\/cafeprensa.com.ar\/index.php\/wp-json\/wp\/v2\/tags?post=8762"}],"curies":[{"name":"wp","href":"https:\/\/api.w.org\/{rel}","templated":true}]}}