{"id":8768,"date":"2025-06-04T20:31:46","date_gmt":"2025-06-04T18:31:46","guid":{"rendered":"https:\/\/cafeprensa.com.ar\/?p=8768"},"modified":"2025-06-04T20:31:46","modified_gmt":"2025-06-04T18:31:46","slug":"los-empresarios-del-transporte-estan-cosechando-lo-que-sembraron","status":"publish","type":"post","link":"https:\/\/cafeprensa.com.ar\/index.php\/2025\/06\/04\/los-empresarios-del-transporte-estan-cosechando-lo-que-sembraron\/","title":{"rendered":"Los empresarios del transporte est\u00e1n cosechando lo que sembraron"},"content":{"rendered":"<div dir=\"auto\">El concejal capitalino Carlos Arnedo, del bloque Acci\u00f3n Vecinal, carg\u00f3 contra los empresarios del transporte por la crisis que atraviesa el sector ante la fuerte disminuci\u00f3n de la cantidad de pasajeros que utilizan el servicio.<\/div>\n<div dir=\"auto\"><img loading=\"lazy\" decoding=\"async\" class=\"alignnone wp-image-8773 size-full\" src=\"https:\/\/cafeprensa.com.ar\/wp-content\/uploads\/2025\/06\/arnedo.jpeg\" alt=\"\" width=\"780\" height=\"470\" srcset=\"https:\/\/cafeprensa.com.ar\/wp-content\/uploads\/2025\/06\/arnedo.jpeg 780w, https:\/\/cafeprensa.com.ar\/wp-content\/uploads\/2025\/06\/arnedo-300x181.jpeg 300w, https:\/\/cafeprensa.com.ar\/wp-content\/uploads\/2025\/06\/arnedo-768x463.jpeg 768w\" sizes=\"auto, (max-width: 780px) 100vw, 780px\" \/><\/div>\n<div dir=\"auto\"><strong>\u201cLos empresarios est\u00e1n cosechando lo que sembraron durante d\u00e9cadas de haber manejado el transporte p\u00fablico de pasajeros como un monopolio. La ca\u00edda de m\u00e1s de un 40% en la cantidad de usuarios es consecuencia del hartazgo que siente la gente por el mal servicio, las unidades deplorables, la baja frecuencia y un boleto caro. A los empresarios la pijoter\u00eda les sali\u00f3 cara\u201d,<\/strong> expres\u00f3.<\/div>\n<div dir=\"auto\"><img loading=\"lazy\" decoding=\"async\" class=\"alignnone wp-image-8769 size-large\" src=\"https:\/\/cafeprensa.com.ar\/wp-content\/uploads\/2025\/06\/241023125253_81692-1024x682.jpeg\" alt=\"\" width=\"1024\" height=\"682\" srcset=\"https:\/\/cafeprensa.com.ar\/wp-content\/uploads\/2025\/06\/241023125253_81692-1024x682.jpeg 1024w, https:\/\/cafeprensa.com.ar\/wp-content\/uploads\/2025\/06\/241023125253_81692-300x200.jpeg 300w, https:\/\/cafeprensa.com.ar\/wp-content\/uploads\/2025\/06\/241023125253_81692-768x511.jpeg 768w, https:\/\/cafeprensa.com.ar\/wp-content\/uploads\/2025\/06\/241023125253_81692.jpeg 1280w\" sizes=\"auto, (max-width: 1024px) 100vw, 1024px\" \/><\/div>\n<div dir=\"auto\"><\/div>\n<div dir=\"auto\">Por otra parte, el edil sostuvo que <strong>\u201cacusar a las aplicaciones digitales de haber afectado al servicio de colectivos habla del cinismo y la caradurez con que se manejan estos personajes. Para AETAT, la culpa siempre es de otro\u201d. \u201cNo me sorprender\u00eda que un d\u00eda de estos salgan a culpar tambi\u00e9n a Uber moto por los colectivos que se prenden fuego, o que quedan varados a mitad de la calle, o que se van destartalando en el camino. Es vergonzoso\u201d, remarc\u00f3.<\/strong><\/div>\n<div dir=\"auto\"><\/div>\n<div dir=\"auto\">En ese sentido, argument\u00f3 que <strong>\u201clos empresarios cobran casi 5 mil millones en concepto de subsidios y ni un peso se vio reflejado en el servicio. Es l\u00f3gico que cada vez m\u00e1s personas elijan las plataformas digitales. Brindan un servicio m\u00e1s eficiente, m\u00e1s seguro, y sobre todo, econ\u00f3mico\u201d<\/strong>. \u201cEl \u00e9xito de las aplicaciones como Uber, Uber moto, y dem\u00e1s, as\u00ed como el declive del servicio de colectivos, se explica por la simple ley de oferta y demanda\u201d, se\u00f1al\u00f3.<\/div>\n<div dir=\"auto\"><img loading=\"lazy\" decoding=\"async\" class=\"alignnone wp-image-8772 size-large\" src=\"https:\/\/cafeprensa.com.ar\/wp-content\/uploads\/2025\/06\/tucuman-colectivo-pagos-1024x576.jpg\" alt=\"\" width=\"1024\" height=\"576\" srcset=\"https:\/\/cafeprensa.com.ar\/wp-content\/uploads\/2025\/06\/tucuman-colectivo-pagos-1024x576.jpg 1024w, https:\/\/cafeprensa.com.ar\/wp-content\/uploads\/2025\/06\/tucuman-colectivo-pagos-300x169.jpg 300w, https:\/\/cafeprensa.com.ar\/wp-content\/uploads\/2025\/06\/tucuman-colectivo-pagos-768x432.jpg 768w, https:\/\/cafeprensa.com.ar\/wp-content\/uploads\/2025\/06\/tucuman-colectivo-pagos-1536x864.jpg 1536w, https:\/\/cafeprensa.com.ar\/wp-content\/uploads\/2025\/06\/tucuman-colectivo-pagos-390x220.jpg 390w, https:\/\/cafeprensa.com.ar\/wp-content\/uploads\/2025\/06\/tucuman-colectivo-pagos.jpg 1800w\" sizes=\"auto, (max-width: 1024px) 100vw, 1024px\" \/><\/div>\n<div dir=\"auto\"><\/div>\n<div dir=\"auto\">Asimismo, el concejal consider\u00f3 una <strong>\u201cgran casualidad que Aetat haya salido justo ahora a cargar contra uber moto, mientras tratamos la regularizaci\u00f3n de las plataformas digitales de transporte. Uber moto est\u00e1 hace a\u00f1os, pero reci\u00e9n ahora que estamos m\u00e1s cerca de regularizar el servicio, los empresarios del transporte salen a quejarse\u201d. Y advirti\u00f3: \u201cEspero que no intenten boicotear a las aplicaciones como intentaron boicotear la Sube en su momento. Estos personajes, con tal de defender sus intereses particulares, pasan por encima de quien sea\u201d.<\/strong><\/div>\n<div dir=\"auto\"><img loading=\"lazy\" decoding=\"async\" class=\"alignnone wp-image-8771 size-full\" src=\"https:\/\/cafeprensa.com.ar\/wp-content\/uploads\/2025\/06\/servicio-colectivos-tucuman-imagen-ilustrativa-archivo-la-gaceta-942542-081347-scaled-e1676055393986-1024x577-1.webp\" alt=\"\" width=\"1024\" height=\"577\" srcset=\"https:\/\/cafeprensa.com.ar\/wp-content\/uploads\/2025\/06\/servicio-colectivos-tucuman-imagen-ilustrativa-archivo-la-gaceta-942542-081347-scaled-e1676055393986-1024x577-1.webp 1024w, https:\/\/cafeprensa.com.ar\/wp-content\/uploads\/2025\/06\/servicio-colectivos-tucuman-imagen-ilustrativa-archivo-la-gaceta-942542-081347-scaled-e1676055393986-1024x577-1-300x169.webp 300w, https:\/\/cafeprensa.com.ar\/wp-content\/uploads\/2025\/06\/servicio-colectivos-tucuman-imagen-ilustrativa-archivo-la-gaceta-942542-081347-scaled-e1676055393986-1024x577-1-768x433.webp 768w, https:\/\/cafeprensa.com.ar\/wp-content\/uploads\/2025\/06\/servicio-colectivos-tucuman-imagen-ilustrativa-archivo-la-gaceta-942542-081347-scaled-e1676055393986-1024x577-1-390x220.webp 390w\" sizes=\"auto, (max-width: 1024px) 100vw, 1024px\" \/><\/div>\n<div dir=\"auto\">Finalmente Arnedo insisti\u00f3 en que<strong> \u201clas plataformas digitales de transporte han llegado para quedarse. Los usuarios las han escogido, y nuestro deber es sacar una ordenanza cuanto antes que permita una competencia leal entre los distintos servicios de transporte, tal y como propuse en dos proyectos de ordenanza\u201d. \u201cA quien debemos priorizar es al usuario, no al empresariado\u201d,<\/strong> concluy\u00f3.<\/div>\n","protected":false},"excerpt":{"rendered":"<p>El concejal capitalino Carlos Arnedo, del bloque Acci\u00f3n Vecinal, carg\u00f3 contra los empresarios del transporte por la crisis que atraviesa el sector ante la fuerte disminuci\u00f3n de la cantidad de pasajeros que utilizan el servicio. \u201cLos empresarios est\u00e1n cosechando lo que sembraron durante d\u00e9cadas de haber manejado el transporte p\u00fablico de pasajeros como un monopolio. &hellip;<\/p>\n","protected":false},"author":2,"featured_media":8770,"comment_status":"open","ping_status":"open","sticky":false,"template":"","format":"standard","meta":{"footnotes":""},"categories":[1707,34],"tags":[],"class_list":["post-8768","post","type-post","status-publish","format-standard","has-post-thumbnail","hentry","category-concejales-de-tucuman","category-locales"],"_links":{"self":[{"href":"https:\/\/cafeprensa.com.ar\/index.php\/wp-json\/wp\/v2\/posts\/8768","targetHints":{"allow":["GET"]}}],"collection":[{"href":"https:\/\/cafeprensa.com.ar\/index.php\/wp-json\/wp\/v2\/posts"}],"about":[{"href":"https:\/\/cafeprensa.com.ar\/index.php\/wp-json\/wp\/v2\/types\/post"}],"author":[{"embeddable":true,"href":"https:\/\/cafeprensa.com.ar\/index.php\/wp-json\/wp\/v2\/users\/2"}],"replies":[{"embeddable":true,"href":"https:\/\/cafeprensa.com.ar\/index.php\/wp-json\/wp\/v2\/comments?post=8768"}],"version-history":[{"count":1,"href":"https:\/\/cafeprensa.com.ar\/index.php\/wp-json\/wp\/v2\/posts\/8768\/revisions"}],"predecessor-version":[{"id":8774,"href":"https:\/\/cafeprensa.com.ar\/index.php\/wp-json\/wp\/v2\/posts\/8768\/revisions\/8774"}],"wp:featuredmedia":[{"embeddable":true,"href":"https:\/\/cafeprensa.com.ar\/index.php\/wp-json\/wp\/v2\/media\/8770"}],"wp:attachment":[{"href":"https:\/\/cafeprensa.com.ar\/index.php\/wp-json\/wp\/v2\/media?parent=8768"}],"wp:term":[{"taxonomy":"category","embeddable":true,"href":"https:\/\/cafeprensa.com.ar\/index.php\/wp-json\/wp\/v2\/categories?post=8768"},{"taxonomy":"post_tag","embeddable":true,"href":"https:\/\/cafeprensa.com.ar\/index.php\/wp-json\/wp\/v2\/tags?post=8768"}],"curies":[{"name":"wp","href":"https:\/\/api.w.org\/{rel}","templated":true}]}}