{"id":8805,"date":"2025-06-05T15:05:39","date_gmt":"2025-06-05T13:05:39","guid":{"rendered":"https:\/\/cafeprensa.com.ar\/?p=8805"},"modified":"2025-06-05T15:13:26","modified_gmt":"2025-06-05T13:13:26","slug":"diez-anos-de-ni-una-menos","status":"publish","type":"post","link":"https:\/\/cafeprensa.com.ar\/index.php\/2025\/06\/05\/diez-anos-de-ni-una-menos\/","title":{"rendered":"Diez a\u00f1os de Ni Una Menos"},"content":{"rendered":"<div class=\"td-post-header\">\n<header class=\"td-post-title\">\n<p class=\"entry-title\">Jornada de concientizaci\u00f3n sobre la violencia contra las mujeres. <strong>A partir del 2015, el 3 de junio se ha convertido en una fecha de reflexi\u00f3n y manifestaci\u00f3n colectiva en repudio de las violencias por razones de g\u00e9nero<\/strong>, y hoy se cumplen 10 a\u00f1os de la primera marcha. En Tucum\u00e1n, esta lucha es encabezada por el Ministerio de Desarrollo Social, que conduce\u00a0<strong>Federico Masso<\/strong>, a trav\u00e9s del Observatorio de la Mujer. En este marco,\u00a0<strong>se realiz\u00f3 una actividad de prevenci\u00f3n, reflexi\u00f3n, y visibilizaci\u00f3n de la problem\u00e1tica a trav\u00e9s de stands informativos<\/strong>, que se ubicaron en <strong>Centro de Salud Zen\u00f3n Santill\u00e1n.<\/strong> Estuvieron presentes junto al Ministro, la secretaria de la Mujer,\u00a0<strong>Noelia Barros<\/strong>; la directora de Observatorio,\u00a0<strong>Florencia Guerra<\/strong>; y la directora de Promoci\u00f3n y Protecci\u00f3n de los Derechos de las Mujeres,\u00a0<strong>Florencia Villagra<\/strong>, adem\u00e1s de otros funcionarios del Ministerio y agentes del \u00e1rea.<\/p>\n<\/header>\n<\/div>\n<div class=\"td-post-content\">\n<p>Al respecto,\u00a0<strong>Masso<\/strong>\u00a0expres\u00f3: \u201cPara nosotros significa una fecha que nos interpela, y en primer lugar quiero destacar y agradecer la labor de todo personal del <strong>Observatorio de la Mujer<\/strong>, que a diario le tienden una mano a esa tucumana que nos necesita, y adem\u00e1s destacar la labor conjunta con las organizaciones de la sociedad civil\u201d.<\/p>\n<blockquote><p><strong><img loading=\"lazy\" decoding=\"async\" class=\"wp-image-52896 alignleft td-animation-stack-type0-2\" src=\"http:\/\/mdstuc.gob.ar\/wp-content\/uploads\/2025\/06\/5-2.jpg\" sizes=\"auto, (max-width: 495px) 100vw, 495px\" srcset=\"https:\/\/mdstuc.gob.ar\/wp-content\/uploads\/2025\/06\/5-2.jpg 2048w, https:\/\/mdstuc.gob.ar\/wp-content\/uploads\/2025\/06\/5-2-768x512.jpg 768w, https:\/\/mdstuc.gob.ar\/wp-content\/uploads\/2025\/06\/5-2-696x464.jpg 696w, https:\/\/mdstuc.gob.ar\/wp-content\/uploads\/2025\/06\/5-2-1068x712.jpg 1068w, https:\/\/mdstuc.gob.ar\/wp-content\/uploads\/2025\/06\/5-2-630x420.jpg 630w\" alt=\"\" width=\"495\" height=\"330\" \/>\u201cResulta fundamental trabajar en equipo, ya que es mediante el esfuerzo conjunto como se debe abordar esta problem\u00e1tica estructural. En Tucum\u00e1n se han priorizado las pol\u00edticas p\u00fablicas en salud, educaci\u00f3n y desarrollo social, garantizando por ejemplo el pago de sueldos y aguinaldos a los empleados p\u00fablicos, y quiero decirles que continuaremos poniendo todo de nosotros para mejorar las condiciones laborales del personal del Observatorio y de todos los empleados de nuestra cartera\u201d<\/strong>, cerr\u00f3 el funcionario.<\/p><\/blockquote>\n<p>Por su parte,\u00a0<strong>Barros\u00a0<\/strong>agreg\u00f3: \u201cPara nosotros era muy importante hoy poder organizar esta actividad desde el Observatorio, ya que sabemos que es a trav\u00e9s de el que atendemos espec\u00edficamente la violencia de g\u00e9nero.\u00a0<strong>Desde que asumimos la gesti\u00f3n, hemos venido trabajando en pol\u00edticas p\u00fablicas que realmente puedan tener un impacto en la comunidad, y si bien sabemos que tenemos un contexto adverso, en la Provincia se ha tomado la decisi\u00f3n, desde el gobernador hasta nuestro ministro, de poder sostener esta \u00e1rea<\/strong>, y adem\u00e1s brindarnos los recursos necesarios para poder ayudar a todas las mujeres que asistimos\u201d.<\/p>\n<blockquote><p><strong><img loading=\"lazy\" decoding=\"async\" class=\"wp-image-52897 alignright td-animation-stack-type0-2\" src=\"http:\/\/mdstuc.gob.ar\/wp-content\/uploads\/2025\/06\/6-2.jpg\" sizes=\"auto, (max-width: 492px) 100vw, 492px\" srcset=\"https:\/\/mdstuc.gob.ar\/wp-content\/uploads\/2025\/06\/6-2.jpg 2048w, https:\/\/mdstuc.gob.ar\/wp-content\/uploads\/2025\/06\/6-2-768x512.jpg 768w, https:\/\/mdstuc.gob.ar\/wp-content\/uploads\/2025\/06\/6-2-696x464.jpg 696w, https:\/\/mdstuc.gob.ar\/wp-content\/uploads\/2025\/06\/6-2-1068x712.jpg 1068w, https:\/\/mdstuc.gob.ar\/wp-content\/uploads\/2025\/06\/6-2-630x420.jpg 630w\" alt=\"\" width=\"492\" height=\"328\" \/>A<\/strong>\u00a0su turno, Guerra destac\u00f3:<strong>\u00a0\u201cEsto reafirma nuestro compromiso para con las mujeres y para con la lucha contra la violencia de g\u00e9nero, en una fecha tan importante donde se conmemoran los 10 a\u00f1os de Ni Una Menos, movimiento que revolucion\u00f3 la visibilizaci\u00f3n de la violencia de g\u00e9nero y el pedido de justicia, adem\u00e1s de la manera de decir basta. Quiero resaltar por \u00faltimo el trabajo que se viene realizando desde la Provincia, apostando a pol\u00edticas p\u00fablicas sobre la problem\u00e1tica y a atender las necesidades de la gente\u201d.<\/strong><\/p><\/blockquote>\n<p>Para cerrar,\u00a0<strong>Villagra<\/strong>\u00a0comparti\u00f3: \u201cPara nosotros hoy como organismo en la provincia de Tucum\u00e1n, poder hacer una jornada para sensibilizar, tomar conciencia, y charlar tambi\u00e9n con las mujeres, es muy importante, sobre todo para recordarles que no est\u00e1n solas en esta lucha.\u00a0<strong>Si bien el contexto nacional es adverso en lo presupuestario para este tipo de tem\u00e1ticas, en nuestra provincia se han conservado los organismos que acompa\u00f1an y que cuidan a las mujeres<\/strong>, y eso la verdad para nosotros es clave\u201d.<\/p>\n<p><img loading=\"lazy\" decoding=\"async\" class=\"alignnone wp-image-8807 size-full\" src=\"https:\/\/cafeprensa.com.ar\/wp-content\/uploads\/2025\/06\/8-2-630x420-1.jpg\" alt=\"\" width=\"630\" height=\"420\" srcset=\"https:\/\/cafeprensa.com.ar\/wp-content\/uploads\/2025\/06\/8-2-630x420-1.jpg 630w, https:\/\/cafeprensa.com.ar\/wp-content\/uploads\/2025\/06\/8-2-630x420-1-300x200.jpg 300w\" sizes=\"auto, (max-width: 630px) 100vw, 630px\" \/><\/p>\n<p>&nbsp;<\/p>\n<p>Desde el Gobierno de Tucum\u00e1n, que encabeza\u00a0<strong>Osvaldo Jaldo<\/strong>, destacaron este tipo de acciones, y ratificaron el compromiso para continuar promoviendo jornadas conmemorativas que refuercen el trabajo de prevenci\u00f3n y el efectivo abordaje de la violencias de g\u00e9nero, adem\u00e1s del acompa\u00f1amiento y la asistencia a las v\u00edctimas.<\/p>\n<\/div>\n","protected":false},"excerpt":{"rendered":"<p>Jornada de concientizaci\u00f3n sobre la violencia contra las mujeres. A partir del 2015, el 3 de junio se ha convertido en una fecha de reflexi\u00f3n y manifestaci\u00f3n colectiva en repudio de las violencias por razones de g\u00e9nero, y hoy se cumplen 10 a\u00f1os de la primera marcha. En Tucum\u00e1n, esta lucha es encabezada por el &hellip;<\/p>\n","protected":false},"author":2,"featured_media":8806,"comment_status":"open","ping_status":"open","sticky":false,"template":"","format":"standard","meta":{"footnotes":""},"categories":[54,34],"tags":[230],"class_list":["post-8805","post","type-post","status-publish","format-standard","has-post-thumbnail","hentry","category-interes-ganeral","category-locales","tag-federico-masso"],"_links":{"self":[{"href":"https:\/\/cafeprensa.com.ar\/index.php\/wp-json\/wp\/v2\/posts\/8805","targetHints":{"allow":["GET"]}}],"collection":[{"href":"https:\/\/cafeprensa.com.ar\/index.php\/wp-json\/wp\/v2\/posts"}],"about":[{"href":"https:\/\/cafeprensa.com.ar\/index.php\/wp-json\/wp\/v2\/types\/post"}],"author":[{"embeddable":true,"href":"https:\/\/cafeprensa.com.ar\/index.php\/wp-json\/wp\/v2\/users\/2"}],"replies":[{"embeddable":true,"href":"https:\/\/cafeprensa.com.ar\/index.php\/wp-json\/wp\/v2\/comments?post=8805"}],"version-history":[{"count":3,"href":"https:\/\/cafeprensa.com.ar\/index.php\/wp-json\/wp\/v2\/posts\/8805\/revisions"}],"predecessor-version":[{"id":8810,"href":"https:\/\/cafeprensa.com.ar\/index.php\/wp-json\/wp\/v2\/posts\/8805\/revisions\/8810"}],"wp:featuredmedia":[{"embeddable":true,"href":"https:\/\/cafeprensa.com.ar\/index.php\/wp-json\/wp\/v2\/media\/8806"}],"wp:attachment":[{"href":"https:\/\/cafeprensa.com.ar\/index.php\/wp-json\/wp\/v2\/media?parent=8805"}],"wp:term":[{"taxonomy":"category","embeddable":true,"href":"https:\/\/cafeprensa.com.ar\/index.php\/wp-json\/wp\/v2\/categories?post=8805"},{"taxonomy":"post_tag","embeddable":true,"href":"https:\/\/cafeprensa.com.ar\/index.php\/wp-json\/wp\/v2\/tags?post=8805"}],"curies":[{"name":"wp","href":"https:\/\/api.w.org\/{rel}","templated":true}]}}