{"id":8811,"date":"2025-06-05T15:30:58","date_gmt":"2025-06-05T13:30:58","guid":{"rendered":"https:\/\/cafeprensa.com.ar\/?p=8811"},"modified":"2025-06-05T15:46:28","modified_gmt":"2025-06-05T13:46:28","slug":"estafa-y-desalojo","status":"publish","type":"post","link":"https:\/\/cafeprensa.com.ar\/index.php\/2025\/06\/05\/estafa-y-desalojo\/","title":{"rendered":"Estafa y desalojo"},"content":{"rendered":"<div class=\"content-article-title\">\n<div class=\"wrapper-layout center-content center_story max-width\">\n<div class=\"col-content\">\n<p class=\"article__title font__display\"><strong>Conflicto judicial entre Abel Pintos y una pareja por la compra de unas tierras en Mendoza. <\/strong><\/p>\n<p class=\"article__title font__display\">El cantante hab\u00eda adquirido <strong>m\u00e1s de 90 hect\u00e1reas<\/strong> para producir olivos, pero descubri\u00f3 que un matrimonio estaba ocupando una parte del lote. La pareja asegura que lo compraron l\u00edcitamente. <strong>\u201cNos quedamos sin nada\u201d<\/strong>. Una <b>familia mendocina<\/b>\u00a0<b>invirti\u00f3 todos sus ahorros en un terreno\u00a0<\/b>para construir su casa. Lo compraron, se instalaron, lo alambraron y hasta pusieron un port\u00f3n. Pero meses despu\u00e9s, lleg\u00f3 la peor sorpresa:<b>\u00a0esas tierras ya hab\u00edan sido vendidas al cantante\u00a0<\/b><b>Abel Pintos<\/b> y a su socio. Tras una batalla judicial, fueron desalojados y acusados de usurpaci\u00f3n. El origen de esta historia se remonta a fines de 2022, cuando el banco HSBC, que era el acreedor de una <b>empresa quebrada llamada Olive Grove<\/b>, era due\u00f1o de 93 hect\u00e1reas ubicadas en San Francisco, un distrito rural de Lavalle, en la provincia de Mendoza, y las puso a la venta.<\/p>\n<\/div>\n<\/div>\n<\/div>\n<div class=\"common-layout wrapper-layout center-content center_story max-width story article\">\n<div class=\"col-content\">\n<div class=\"default-article-color article__body article__article\">\n<p class=\"paragraph font__body-regular\">El terreno, sin actividad y aparentemente deshabitado, llam\u00f3 la atenci\u00f3n del empresario y socio de Pintos. La idea era\u00a0<b>desarrollar un proyecto productivo<\/b>\u00a0vinculado a frutos secos y olivos, replicando un modelo que ambos ya llevaban adelante en la provincia de Buenos Aires. As\u00ed fue como arrancaron las conversaciones con el banco, y antes de que terminara el a\u00f1o,\u00a0<b>firmaron un compromiso de compraventa<\/b>. Reci\u00e9n\u00a0<b>el 13 de junio de 2024 se formaliz\u00f3 la escritura<\/b>. Para entonces, la propiedad ya estaba registrada a nombre de ambos. Sin embargo, algo cambi\u00f3 el curso de los planes: una pareja compr\u00f3 un terreno que forma parte de esas tierras.<\/p>\n<p class=\"font--primary font__display\"><em><strong>A<\/strong><strong>s\u00ed empez\u00f3 el drama de la familia que fue estafada en Mendoza<\/strong><\/em><\/p>\n<p class=\"paragraph font__body-regular\">Cuatro meses antes, en febrero,\u00a0<b>Alberto \u201cTito\u201d Angulo y su esposa Y\u00e9sica Ferreira<\/b>, una pareja de bajos recursos que hacen changas para mantener a sus cuatro hijos,<b>\u00a0compraron un terreno de 1500 metros\u00a0<\/b>cuadrados dentro de esas mismas tierras, por un monto total de $1.500.000.<\/p>\n<figure class=\"\" data-testid=\"figure-testid\">\n<div class=\"aspect_ratio__container\"><picture class=\"responsive-image\"><source srcset=\"https:\/\/tn.com.ar\/resizer\/v2\/el-emprendimiento-cuestionado-fue-llamado-el-placer-de-los-olivos-foto-tn-KYDWUA3CYJD3PKFPRN5MMXKF7I.png?auth=b2efd07e79c522b00d9c0db2cee7951b801dbfc920f820238ddb6916594595ec&amp;width=767\" type=\"image\/jpg\" media=\"(max-width: 728px)\" \/><source srcset=\"https:\/\/tn.com.ar\/resizer\/v2\/el-emprendimiento-cuestionado-fue-llamado-el-placer-de-los-olivos-foto-tn-KYDWUA3CYJD3PKFPRN5MMXKF7I.png?auth=b2efd07e79c522b00d9c0db2cee7951b801dbfc920f820238ddb6916594595ec&amp;width=1023\" type=\"image\/jpg\" media=\"(max-width: 1023px)\" \/><source srcset=\"https:\/\/tn.com.ar\/resizer\/v2\/el-emprendimiento-cuestionado-fue-llamado-el-placer-de-los-olivos-foto-tn-KYDWUA3CYJD3PKFPRN5MMXKF7I.png?auth=b2efd07e79c522b00d9c0db2cee7951b801dbfc920f820238ddb6916594595ec&amp;width=1440\" type=\"image\/jpg\" \/><img loading=\"lazy\" decoding=\"async\" class=\"image content-image image_placeholder\" src=\"https:\/\/tn.com.ar\/resizer\/v2\/el-emprendimiento-cuestionado-fue-llamado-el-placer-de-los-olivos-foto-tn-KYDWUA3CYJD3PKFPRN5MMXKF7I.png?auth=b2efd07e79c522b00d9c0db2cee7951b801dbfc920f820238ddb6916594595ec&amp;width=767\" alt=\"El emprendimiento cuestionado fue llamado &quot;El placer de los Olivos&quot;. (Foto: TN)\" width=\"767\" height=\"1087\" data-testid=\"loading-testid\" \/><\/picture><\/div><figcaption class=\"caption_image\" data-testid=\"figcaption-testid\">\n<div class=\"image_caption \"><em><strong>El emprendimiento cuestionado fue llamado \u00abEl placer de los Olivos\u00bb.\u00a0<\/strong><\/em><\/div>\n<\/figcaption><\/figure>\n<p class=\"paragraph font__body-regular\">Lo hicieron de buena fe, tras ver una publicaci\u00f3n de Facebook que promocionaba lotes en un emprendimiento llamado\u00a0<b>\u201cPlacer de Olivos\u201d<\/b>. Seg\u00fan cont\u00f3 el hombre , ahorraron durante a\u00f1os y sumaron una indemnizaci\u00f3n que cobr\u00f3 por un accidente laboral.<\/p>\n<figure class=\"\" data-testid=\"figure-testid\">\n<div class=\"aspect_ratio__container\"><picture class=\"responsive-image\"><source srcset=\"https:\/\/tn.com.ar\/resizer\/v2\/el-documento-que-firmo-el-matrimonio-que-fue-estafado-por-morales-foto-tn-ZUZWPTNQQBAEPMON67C4LX75OI.png?auth=57a3020c9e3c828049f4a1f753fa7e2902f8e48b5466572bb8d8904dc52b3593&amp;width=767\" type=\"image\/jpg\" media=\"(max-width: 728px)\" \/><source srcset=\"https:\/\/tn.com.ar\/resizer\/v2\/el-documento-que-firmo-el-matrimonio-que-fue-estafado-por-morales-foto-tn-ZUZWPTNQQBAEPMON67C4LX75OI.png?auth=57a3020c9e3c828049f4a1f753fa7e2902f8e48b5466572bb8d8904dc52b3593&amp;width=1023\" type=\"image\/jpg\" media=\"(max-width: 1023px)\" \/><source srcset=\"https:\/\/tn.com.ar\/resizer\/v2\/el-documento-que-firmo-el-matrimonio-que-fue-estafado-por-morales-foto-tn-ZUZWPTNQQBAEPMON67C4LX75OI.png?auth=57a3020c9e3c828049f4a1f753fa7e2902f8e48b5466572bb8d8904dc52b3593&amp;width=1440\" type=\"image\/jpg\" \/><img loading=\"lazy\" decoding=\"async\" class=\"image content-image image_placeholder\" src=\"https:\/\/tn.com.ar\/resizer\/v2\/el-documento-que-firmo-el-matrimonio-que-fue-estafado-por-morales-foto-tn-ZUZWPTNQQBAEPMON67C4LX75OI.png?auth=57a3020c9e3c828049f4a1f753fa7e2902f8e48b5466572bb8d8904dc52b3593&amp;width=767\" alt=\"El documento que firm\u00f3 el matrimonio que fue estafado por Morales. (Foto: TN)\" width=\"767\" height=\"1087\" data-testid=\"loading-testid\" \/><\/picture><\/div><figcaption class=\"caption_image\" data-testid=\"figcaption-testid\">\n<div class=\"image_caption \"><em><strong>El documento que firm\u00f3 el matrimonio que fue estafado por Morales.\u00a0<\/strong><\/em><\/div>\n<\/figcaption><\/figure>\n<p class=\"paragraph font__body-regular\">El vendedor era\u00a0<b>Rafael Morales<\/b>, una persona que dijo que hab\u00eda trabajado para Olive Grove y que llevaba m\u00e1s de 20 a\u00f1os viviendo all\u00ed sin que nadie le disputara la posesi\u00f3n. Incluso, les dijo que ten\u00eda los papeles y<b>\u00a0les hizo firmar una cesi\u00f3n de derechos posesorios\u00a0<\/b>ante una escribana y le dio los planos del lugar. El matrimonio, contento por tener su propiedad, les hizo varias transferencias a trav\u00e9s de Mercado Pago hasta completar el monto que les hab\u00eda pedido. As\u00ed, se cerr\u00f3 el trato. Pero todo result\u00f3 ser mentira.<\/p>\n<figure class=\"\" data-testid=\"figure-testid\">\n<div class=\"aspect_ratio__container\"><picture class=\"responsive-image\"><source srcset=\"https:\/\/tn.com.ar\/resizer\/v2\/el-protocolo-notarial-que-presento-morales-antes-de-ceder-sus-derechos-sobre-el-lote-foto-tn-NV2EF233SRFRHAAQDLTLX2NAPY.png?auth=1ac7b311962e1ad3e39f9cf500c3e8be4956e115635bedf6c521cb04251319c5&amp;width=767\" type=\"image\/jpg\" media=\"(max-width: 728px)\" \/><source srcset=\"https:\/\/tn.com.ar\/resizer\/v2\/el-protocolo-notarial-que-presento-morales-antes-de-ceder-sus-derechos-sobre-el-lote-foto-tn-NV2EF233SRFRHAAQDLTLX2NAPY.png?auth=1ac7b311962e1ad3e39f9cf500c3e8be4956e115635bedf6c521cb04251319c5&amp;width=1023\" type=\"image\/jpg\" media=\"(max-width: 1023px)\" \/><source srcset=\"https:\/\/tn.com.ar\/resizer\/v2\/el-protocolo-notarial-que-presento-morales-antes-de-ceder-sus-derechos-sobre-el-lote-foto-tn-NV2EF233SRFRHAAQDLTLX2NAPY.png?auth=1ac7b311962e1ad3e39f9cf500c3e8be4956e115635bedf6c521cb04251319c5&amp;width=1440\" type=\"image\/jpg\" \/><img loading=\"lazy\" decoding=\"async\" class=\"image content-image image_placeholder\" src=\"https:\/\/tn.com.ar\/resizer\/v2\/el-protocolo-notarial-que-presento-morales-antes-de-ceder-sus-derechos-sobre-el-lote-foto-tn-NV2EF233SRFRHAAQDLTLX2NAPY.png?auth=1ac7b311962e1ad3e39f9cf500c3e8be4956e115635bedf6c521cb04251319c5&amp;width=767\" alt=\"El protocolo notarial que present\u00f3 Morales antes de ceder sus derechos sobre el lote. (Foto: TN)\" width=\"767\" height=\"1087\" data-testid=\"loading-testid\" \/><\/picture><\/div><figcaption class=\"caption_image\" data-testid=\"figcaption-testid\">\n<div class=\"image_caption \"><em><strong>El protocolo notarial que present\u00f3 Morales antes de ceder sus derechos sobre el lote.\u00a0<\/strong><\/em><\/div>\n<\/figcaption><\/figure>\n<p class=\"paragraph font__body-regular\">El conflicto estall\u00f3 cuando\u00a0<b>Abel Pintos<\/b>, de gira por San Juan para participar de la Fiesta del Sol en noviembre de 2024,\u00a0<b>decidi\u00f3 visitar sus nuevas tierras junto a su socio<\/b>. Tambi\u00e9n estuvo presente el intendente de Lavalle, Edgardo Gonz\u00e1lez. Al recorrer el predio, se encontraron con la familia que les aseguraba haber comprado los lotes a Morales. Al parecer, mientras el banco y los socios del emprendimiento avanzaban hacia la compra formal y la escrituraci\u00f3n, \u00e9l ya hab\u00eda hecho su negocio. Esa doble v\u00eda gener\u00f3 una\u00a0<b>superposici\u00f3n que deriv\u00f3 en un esc\u00e1ndalo judicial<\/b>.<\/p>\n<p class=\"paragraph font__body-regular\">Pintos y Gonz\u00e1lez iniciaron una\u00a0<b>denuncia penal que recay\u00f3 en la fiscal\u00eda de Juan Carlos Alessandra<\/b>, quien imput\u00f3 al matrimonio por usurpaci\u00f3n de inmueble y pidi\u00f3 una orden de desalojo que fue avalada por el Juzgado Penal Colegiado N\u00b01 de Mendoza. Despu\u00e9s de meses de tironeos legales, lleg\u00f3 el desenlace. El mi\u00e9rcoles 28 de mayo, entre las 9 y las 18, personal judicial y policial\u00a0<b>concret\u00f3 el desalojo de Angulo, Ferreira y sus cuatro hijos<\/b>, de 15, 13, 10 y 5 a\u00f1os. Hoy viven en el terreno de un amigo, que les ofreci\u00f3 venderles un lote, pero no tienen medios econ\u00f3micos para pagarlo. En medio de la pol\u00e9mica, Alberto Angulo\u00a0cont\u00f3 el drama que est\u00e1n viviendo. \u201c<b>Nosotros no cometimos ning\u00fan delito<\/b>. Compramos en buena ley el terreno. Tenemos todos los documentos y los comprobantes de las transferencias que lo demuestran y ahora nos quedamos sin nada\u201d, dijo.<\/p>\n<figure class=\"\" data-testid=\"figure-testid\">\n<div class=\"aspect_ratio__container\"><picture class=\"responsive-image\"><source srcset=\"https:\/\/tn.com.ar\/resizer\/v2\/la-casa-que-habia-construido-el-matrimonio-y-donde-vivia-con-sus-hijos-menores-foto-tn-R2LHEFM3CZDL7EWXVDRFI6AEQY.png?auth=1cf2b812204935a87f8981a22a5d59c2c8c51afdf51d6d22d21efbbc74bc9d94&amp;width=767\" type=\"image\/jpg\" media=\"(max-width: 728px)\" \/><source srcset=\"https:\/\/tn.com.ar\/resizer\/v2\/la-casa-que-habia-construido-el-matrimonio-y-donde-vivia-con-sus-hijos-menores-foto-tn-R2LHEFM3CZDL7EWXVDRFI6AEQY.png?auth=1cf2b812204935a87f8981a22a5d59c2c8c51afdf51d6d22d21efbbc74bc9d94&amp;width=1023\" type=\"image\/jpg\" media=\"(max-width: 1023px)\" \/><source srcset=\"https:\/\/tn.com.ar\/resizer\/v2\/la-casa-que-habia-construido-el-matrimonio-y-donde-vivia-con-sus-hijos-menores-foto-tn-R2LHEFM3CZDL7EWXVDRFI6AEQY.png?auth=1cf2b812204935a87f8981a22a5d59c2c8c51afdf51d6d22d21efbbc74bc9d94&amp;width=1440\" type=\"image\/jpg\" \/><img loading=\"lazy\" decoding=\"async\" class=\"image content-image image_placeholder\" src=\"https:\/\/tn.com.ar\/resizer\/v2\/la-casa-que-habia-construido-el-matrimonio-y-donde-vivia-con-sus-hijos-menores-foto-tn-R2LHEFM3CZDL7EWXVDRFI6AEQY.png?auth=1cf2b812204935a87f8981a22a5d59c2c8c51afdf51d6d22d21efbbc74bc9d94&amp;width=767\" alt=\"La casa que hab\u00eda construido el matrimonio y donde viv\u00eda con sus hijos menores. (Foto: TN)\" width=\"767\" height=\"430\" data-testid=\"loading-testid\" \/><\/picture><\/div><figcaption class=\"caption_image\" data-testid=\"figcaption-testid\">\n<div class=\"image_caption \"><em><strong>La casa que hab\u00eda construido el matrimonio y donde viv\u00eda con sus hijos menores.\u00a0<\/strong><\/em><\/div>\n<\/figcaption><\/figure>\n<p class=\"paragraph font__body-regular\">\u201cSinceramente,\u00a0<b>estamos muy perjudicados\u00a0<\/b>porque no ten\u00edamos otro lugar propio para irnos. Estamos viviendo en una casilla que nos prestaron y nos dieron la posibilidad de comprar un terreno ac\u00e1 al lado, pero yo me qued\u00e9 sin trabajo con todo este problema y no tengo ingresos\u201d, agreg\u00f3. En ese contexto, revel\u00f3: <strong>\u201cNos estamos acomodando y levantando m\u00e1s paredes, porque lo que nos prestaron es solo una pieza chica, donde entraron las camas no m\u00e1s\u201d.<\/strong> Lo que quiere la familia es que retiren la denuncia o que la Justicia entienda que ellos actuaron l\u00edcitamente. En ese contexto, el jueves 5 de junio fue citado a una audiencia en el Juzgado, donde podr\u00edan dictarle el sobreseimiento.<\/p>\n<p class=\"paragraph font__body-regular\">En tanto,\u00a0<b>se abri\u00f3 una investigaci\u00f3n para dar con el paradero de Morales<\/b>, la persona que vendi\u00f3 los derechos de esas tierras sin ser el propietario ni tener ning\u00fan aval sobre ellas. <strong>\u201cHace dos meses no sabemos nada de \u00e9l\u201d<\/strong>, cont\u00f3 Angulo. Desde el entorno de Abel Pintos se limitaron a confirmar que todo el procedimiento fue legal, que el artista no estuvo involucrado personalmente y que el emprendimiento seguir\u00e1 adelante.\u00a0<b>El cantante no quiso hacer declaraciones<\/b>, pero dej\u00f3 en manos de su abogado la defensa de su inversi\u00f3n.\u00a0<b>\u201cEl caso para nosotros est\u00e1 resuelto<\/b>\u201d, asegur\u00f3 una fuente cercana a Pintos.<\/p>\n<\/div>\n<p>&nbsp;<\/p>\n<\/div>\n<\/div>\n","protected":false},"excerpt":{"rendered":"<p>Conflicto judicial entre Abel Pintos y una pareja por la compra de unas tierras en Mendoza. El cantante hab\u00eda adquirido m\u00e1s de 90 hect\u00e1reas para producir olivos, pero descubri\u00f3 que un matrimonio estaba ocupando una parte del lote. La pareja asegura que lo compraron l\u00edcitamente. \u201cNos quedamos sin nada\u201d. Una familia mendocina\u00a0invirti\u00f3 todos sus ahorros &hellip;<\/p>\n","protected":false},"author":2,"featured_media":8812,"comment_status":"open","ping_status":"open","sticky":false,"template":"","format":"standard","meta":{"footnotes":""},"categories":[47,33],"tags":[2047,85],"class_list":["post-8811","post","type-post","status-publish","format-standard","has-post-thumbnail","hentry","category-justicia","category-nacionales","tag-abel-pintos","tag-mendoza"],"_links":{"self":[{"href":"https:\/\/cafeprensa.com.ar\/index.php\/wp-json\/wp\/v2\/posts\/8811","targetHints":{"allow":["GET"]}}],"collection":[{"href":"https:\/\/cafeprensa.com.ar\/index.php\/wp-json\/wp\/v2\/posts"}],"about":[{"href":"https:\/\/cafeprensa.com.ar\/index.php\/wp-json\/wp\/v2\/types\/post"}],"author":[{"embeddable":true,"href":"https:\/\/cafeprensa.com.ar\/index.php\/wp-json\/wp\/v2\/users\/2"}],"replies":[{"embeddable":true,"href":"https:\/\/cafeprensa.com.ar\/index.php\/wp-json\/wp\/v2\/comments?post=8811"}],"version-history":[{"count":2,"href":"https:\/\/cafeprensa.com.ar\/index.php\/wp-json\/wp\/v2\/posts\/8811\/revisions"}],"predecessor-version":[{"id":8814,"href":"https:\/\/cafeprensa.com.ar\/index.php\/wp-json\/wp\/v2\/posts\/8811\/revisions\/8814"}],"wp:featuredmedia":[{"embeddable":true,"href":"https:\/\/cafeprensa.com.ar\/index.php\/wp-json\/wp\/v2\/media\/8812"}],"wp:attachment":[{"href":"https:\/\/cafeprensa.com.ar\/index.php\/wp-json\/wp\/v2\/media?parent=8811"}],"wp:term":[{"taxonomy":"category","embeddable":true,"href":"https:\/\/cafeprensa.com.ar\/index.php\/wp-json\/wp\/v2\/categories?post=8811"},{"taxonomy":"post_tag","embeddable":true,"href":"https:\/\/cafeprensa.com.ar\/index.php\/wp-json\/wp\/v2\/tags?post=8811"}],"curies":[{"name":"wp","href":"https:\/\/api.w.org\/{rel}","templated":true}]}}