{"id":8821,"date":"2025-06-06T12:52:49","date_gmt":"2025-06-06T10:52:49","guid":{"rendered":"https:\/\/cafeprensa.com.ar\/?p=8821"},"modified":"2025-06-06T12:52:49","modified_gmt":"2025-06-06T10:52:49","slug":"seguimos-sembrando-conciencia-ambiental-desde-cada-espacio","status":"publish","type":"post","link":"https:\/\/cafeprensa.com.ar\/index.php\/2025\/06\/06\/seguimos-sembrando-conciencia-ambiental-desde-cada-espacio\/","title":{"rendered":"\u201cSeguimos sembrando conciencia ambiental desde cada espacio\u201d"},"content":{"rendered":"<div>\n<div class=\"bajadaVerNoticia\">En el marco del D\u00eda Mundial del Medioambiente el secretario de Gobierno particip\u00f3 de la <strong>Expo Ambiental organizada en la Extensi\u00f3n \u00c1ulica de la Universidad Nacional de Tucum\u00e1n (UNT) de Concepci\u00f3n<\/strong> y destac\u00f3 el compromiso con la educaci\u00f3n ecol\u00f3gica: <strong>\u201cTrabajamos junto a la comunidad por un futuro m\u00e1s verde y solidario\u201d.<\/strong><\/div>\n<\/div>\n<div class=\"cuerpoVerNoticia\">\n<div>Durante la jornada, se exhibieron iniciativas clave como, la forestaci\u00f3n comunitaria, elaboraci\u00f3n de bombas de semillas y compostaje domiciliario y escolar. Estas pr\u00e1cticas tambi\u00e9n se implementan en escuelas, promoviendo la educaci\u00f3n ambiental junto a estudiantes y docentes.<\/p>\n<div>El trabajo articulado con la\u00a0<strong>Fundaci\u00f3n Forestar<\/strong> reforz\u00f3 el compromiso institucional con el ambiente, al igual que la participaci\u00f3n de representantes de Parques Nacionales, quienes brindaron informaci\u00f3n sobre la biodiversidad y la importancia de proteger nuestros recursos naturales.<\/p>\n<div>Uno de los momentos m\u00e1s emotivos fue la exposici\u00f3n de la artista pl\u00e1stica\u00a0<strong>Mariela Belloto<\/strong>, cuyas obras dedicadas a la <strong>Madre Tierra<\/strong> invitaron a reflexionar sobre la conexi\u00f3n entre el arte y la ecolog\u00eda.<\/p>\n<div>\u201cSeguimos sembrando conciencia ambiental desde cada espacio, trabajando junto a la comunidad por un futuro m\u00e1s verde y solidario\u201d, expres\u00f3\u00a0<strong>Ra\u00fal Albarrac\u00edn<\/strong>\u00a0al cierre del evento.<\/div>\n<\/div>\n<\/div>\n<\/div>\n<\/div>\n","protected":false},"excerpt":{"rendered":"<p>En el marco del D\u00eda Mundial del Medioambiente el secretario de Gobierno particip\u00f3 de la Expo Ambiental organizada en la Extensi\u00f3n \u00c1ulica de la Universidad Nacional de Tucum\u00e1n (UNT) de Concepci\u00f3n y destac\u00f3 el compromiso con la educaci\u00f3n ecol\u00f3gica: \u201cTrabajamos junto a la comunidad por un futuro m\u00e1s verde y solidario\u201d. Durante la jornada, se &hellip;<\/p>\n","protected":false},"author":2,"featured_media":8822,"comment_status":"open","ping_status":"open","sticky":false,"template":"","format":"standard","meta":{"footnotes":""},"categories":[54,34],"tags":[498],"class_list":["post-8821","post","type-post","status-publish","format-standard","has-post-thumbnail","hentry","category-interes-ganeral","category-locales","tag-raul-albarracin"],"_links":{"self":[{"href":"https:\/\/cafeprensa.com.ar\/index.php\/wp-json\/wp\/v2\/posts\/8821","targetHints":{"allow":["GET"]}}],"collection":[{"href":"https:\/\/cafeprensa.com.ar\/index.php\/wp-json\/wp\/v2\/posts"}],"about":[{"href":"https:\/\/cafeprensa.com.ar\/index.php\/wp-json\/wp\/v2\/types\/post"}],"author":[{"embeddable":true,"href":"https:\/\/cafeprensa.com.ar\/index.php\/wp-json\/wp\/v2\/users\/2"}],"replies":[{"embeddable":true,"href":"https:\/\/cafeprensa.com.ar\/index.php\/wp-json\/wp\/v2\/comments?post=8821"}],"version-history":[{"count":1,"href":"https:\/\/cafeprensa.com.ar\/index.php\/wp-json\/wp\/v2\/posts\/8821\/revisions"}],"predecessor-version":[{"id":8823,"href":"https:\/\/cafeprensa.com.ar\/index.php\/wp-json\/wp\/v2\/posts\/8821\/revisions\/8823"}],"wp:featuredmedia":[{"embeddable":true,"href":"https:\/\/cafeprensa.com.ar\/index.php\/wp-json\/wp\/v2\/media\/8822"}],"wp:attachment":[{"href":"https:\/\/cafeprensa.com.ar\/index.php\/wp-json\/wp\/v2\/media?parent=8821"}],"wp:term":[{"taxonomy":"category","embeddable":true,"href":"https:\/\/cafeprensa.com.ar\/index.php\/wp-json\/wp\/v2\/categories?post=8821"},{"taxonomy":"post_tag","embeddable":true,"href":"https:\/\/cafeprensa.com.ar\/index.php\/wp-json\/wp\/v2\/tags?post=8821"}],"curies":[{"name":"wp","href":"https:\/\/api.w.org\/{rel}","templated":true}]}}