{"id":8857,"date":"2025-06-07T22:22:36","date_gmt":"2025-06-07T20:22:36","guid":{"rendered":"https:\/\/cafeprensa.com.ar\/?p=8857"},"modified":"2025-06-07T22:28:15","modified_gmt":"2025-06-07T20:28:15","slug":"cano-agustin-romano-norri-seria-un-buen-presidente-para-la-ucr","status":"publish","type":"post","link":"https:\/\/cafeprensa.com.ar\/index.php\/2025\/06\/07\/cano-agustin-romano-norri-seria-un-buen-presidente-para-la-ucr\/","title":{"rendered":"Cano: \u00abAgust\u00edn Romano Norri ser\u00eda un buen presidente para la UCR\u00bb"},"content":{"rendered":"<p>El legislador <strong>Jos\u00e9 Cano<\/strong> se refiri\u00f3 al audio viral que involucrar\u00eda a funcionarios de la localidad en la presunta venta de drogas. Adem\u00e1s, analiz\u00f3 c\u00f3mo se encuentra el partido radical de cara a las elecciones de octubre y qui\u00e9n podr\u00eda ser el pr\u00f3ximo presidente en la UCR Tucum\u00e1n.<\/p>\n<p>\u00abEn el \u00faltimo tiempo recib\u00ed informes sobre temas que tienen que ver con la venta de droga en Alberdi. En base a denuncias y al nuevo evento (de p\u00fablico conocimiento), hicimos la denuncia en el Juzgado Federal, poniendo a disposici\u00f3n de la justicia, lo que se hizo viral\u00bb, detall\u00f3 el legislador radical. \u00abEl doble crimen en Or\u00e1n tiene de protagonista al que se encuentra en la denuncia del audio. S\u00ed la polic\u00eda hubiese actuado, no hubiera pasado esto, era un empleado municipal que trabajaba con el secretario de gobierno. En esa denuncia de 2023 cay\u00f3 a los que est\u00e1n presos en Salta y cayeron dos vinculados al intendente de Alberdi\u00bb, agreg\u00f3 respecto a los implicados.<\/p>\n<p>\u00abEs una cosa de una promiscuidad que demuestra una anomia. Lo de (Roque \u00abChipi\u00bb) Jim\u00e9nez son los bolsos de Jos\u00e9 L\u00f3pez, porque todos saben lo que pasa en Alberdi\u00bb, se\u00f1al\u00f3 sobre la situaci\u00f3n. \u00abJaldo est\u00e1 tomando iniciativa, se puso el tema de la seguridad en el hombro, uno ve que hay acciones, pero el problema es que todo lo que se hace en la provincia parece que no lleg\u00f3 a Alberdi, va a terminar mal la historia de esta ciudad, porque el entorno del intendente pelea entre ellos como si fueran banda para blanquear recursos\u00bb, continu\u00f3.<\/p>\n<p>\u00abEl estado es bastante ineficiente para prevenir que un joven caiga en la droga y sobre todo para recuperarlo. Hoy la ciudadan\u00eda est\u00e1 harta de esta situaci\u00f3n. Quiero creer que es falso, pero a m\u00ed lo que me dicen de distintas fuentes es que el que est\u00e1 preso seguir\u00eda cobrando desde el municipio, esto ser\u00eda un hecho de mucha gravedad\u00bb, agreg\u00f3.\u00a0 Sin embargo, Cano expres\u00f3 que ante esta cuesti\u00f3n Jaldo \u00abdebe tomar las decisiones que tenga que tomar\u00bb, en base al esc\u00e1ndalo ocurrido en Alberdi.<\/p>\n<h4>Interna Radical<\/h4>\n<p>Cano se refiri\u00f3 a diferentes radicales tucumanos en el contexto pol\u00edtico actual. Por un lado, opin\u00f3 sobre las intenciones de <strong>Mariano Campero<\/strong> de ser gobernador en 2027. El legislador radical destac\u00f3 la gesti\u00f3n de Campero como intendente de Yerba Buena, \u00abpero lo que se dice (sobre sus anhelos de ser gobernador) tiene que estar acompa\u00f1ado con acciones concretas. Tiene que poner los pies sobre la tierra\u00bb. En este sentido ejemplific\u00f3 su experiencia de candidato de gobernador en 2015: \u00abPuse lo que tuve que poner y me prepar\u00e9 para eso, ocurri\u00f3 lo que ocurri\u00f3 en 2015 pero no quita el apoyo al objetivo, la alternancia permite esto. A Tucum\u00e1n lo gobierna el mismo signo pol\u00edtico desde hace m\u00e1s de 30 a\u00f1os\u00bb.<\/p>\n<p>En esta l\u00ednea destac\u00f3 el perfil de <strong>Roberto S\u00e1nchez<\/strong> como candidato a gobernador. \u00abHizo una muy buena gesti\u00f3n en Concepci\u00f3n es una persona austera, (&#8230;) pero tuvo errores como la falta de comunicaci\u00f3n con Alfaro. Roberto es el mejor candidato, porque no es el juego de la OCA, porque no hay apego a la construcci\u00f3n colectiva\u00bb. \u00abHay que empezar a laburar sin tirar por la borda un dirigente que lo conoce en la provincia, porque es buen candidato para la cuesti\u00f3n electoral, y debemos generar una construcci\u00f3n colectiva\u00bb, analiz\u00f3<\/p>\n<p>Por otro lado, se refiri\u00f3 a qui\u00e9n podr\u00eda presidir el partido radical en Tucum\u00e1n. \u00ab<strong>Agust\u00edn Romano Norri<\/strong> ser\u00eda un buen presidente del UCR, pero no se hizo de manera correcta el procedimiento de interna\u00bb. En esta l\u00ednea analiz\u00f3 que el espacio se encuentra en \u00abuna instancia de hablar y de integrar el partido. No se puede seguir tolerando que se gobierne sin presupuesto\u00bb.<\/p>\n<h4>Ping Pong<\/h4>\n<p>Cano respondi\u00f3 a las preguntas de esta secci\u00f3n y destac\u00f3 que una de las personas que manifest\u00f3 querer ser presidente de la UCR es Agust\u00edn Romano Norri. Adem\u00e1s, se\u00f1al\u00f3 que \u00abCampero est\u00e1 convencido de hacer un seguidismo del gobierno en lugar de acompa\u00f1ar\u00bb.\u00a0 Adem\u00e1s, respondi\u00f3 que lleva presentados 180 proyectos.<\/p>\n<p>Respecto a si volver\u00eda ser candidato a gobernador, Cano respondi\u00f3 que \u00aben pol\u00edtica no hay que hacer futurolog\u00eda, pero si me veo rearmando en 2027 un espacio que sea alternativa. Le critico a Macri y a Bullrich desarmar un espacio con capacidad de Gobernar y alternancia\u00bb. Finalmente, expres\u00f3 que \u00abS\u00e1nchez no es el \u00fanico candidato de la UCR, pero hoy es la mejor opci\u00f3n para la c\u00e1mara de diputados\u00bb.<\/p>\n<p>&nbsp;<\/p>\n<p>&nbsp;<\/p>\n<p>&nbsp;<\/p>\n<p>&nbsp;<\/p>\n<p>&nbsp;<\/p>\n<p>&nbsp;<\/p>\n","protected":false},"excerpt":{"rendered":"<p>El legislador Jos\u00e9 Cano se refiri\u00f3 al audio viral que involucrar\u00eda a funcionarios de la localidad en la presunta venta de drogas. Adem\u00e1s, analiz\u00f3 c\u00f3mo se encuentra el partido radical de cara a las elecciones de octubre y qui\u00e9n podr\u00eda ser el pr\u00f3ximo presidente en la UCR Tucum\u00e1n. \u00abEn el \u00faltimo tiempo recib\u00ed informes sobre &hellip;<\/p>\n","protected":false},"author":2,"featured_media":8863,"comment_status":"open","ping_status":"open","sticky":false,"template":"","format":"standard","meta":{"footnotes":""},"categories":[34],"tags":[447,985,2053,264,1809,1055,265,493,160],"class_list":["post-8857","post","type-post","status-publish","format-standard","has-post-thumbnail","hentry","category-locales","tag-agustin-romano-norri","tag-alberdi","tag-denuncia","tag-jose-cano","tag-legislatura-tucuman","tag-mariano-campero","tag-osvaldo-jaldo","tag-roberto-sanchez","tag-tucuman"],"_links":{"self":[{"href":"https:\/\/cafeprensa.com.ar\/index.php\/wp-json\/wp\/v2\/posts\/8857","targetHints":{"allow":["GET"]}}],"collection":[{"href":"https:\/\/cafeprensa.com.ar\/index.php\/wp-json\/wp\/v2\/posts"}],"about":[{"href":"https:\/\/cafeprensa.com.ar\/index.php\/wp-json\/wp\/v2\/types\/post"}],"author":[{"embeddable":true,"href":"https:\/\/cafeprensa.com.ar\/index.php\/wp-json\/wp\/v2\/users\/2"}],"replies":[{"embeddable":true,"href":"https:\/\/cafeprensa.com.ar\/index.php\/wp-json\/wp\/v2\/comments?post=8857"}],"version-history":[{"count":4,"href":"https:\/\/cafeprensa.com.ar\/index.php\/wp-json\/wp\/v2\/posts\/8857\/revisions"}],"predecessor-version":[{"id":8865,"href":"https:\/\/cafeprensa.com.ar\/index.php\/wp-json\/wp\/v2\/posts\/8857\/revisions\/8865"}],"wp:featuredmedia":[{"embeddable":true,"href":"https:\/\/cafeprensa.com.ar\/index.php\/wp-json\/wp\/v2\/media\/8863"}],"wp:attachment":[{"href":"https:\/\/cafeprensa.com.ar\/index.php\/wp-json\/wp\/v2\/media?parent=8857"}],"wp:term":[{"taxonomy":"category","embeddable":true,"href":"https:\/\/cafeprensa.com.ar\/index.php\/wp-json\/wp\/v2\/categories?post=8857"},{"taxonomy":"post_tag","embeddable":true,"href":"https:\/\/cafeprensa.com.ar\/index.php\/wp-json\/wp\/v2\/tags?post=8857"}],"curies":[{"name":"wp","href":"https:\/\/api.w.org\/{rel}","templated":true}]}}