{"id":8995,"date":"2025-06-12T14:49:43","date_gmt":"2025-06-12T12:49:43","guid":{"rendered":"https:\/\/cafeprensa.com.ar\/?p=8995"},"modified":"2025-06-12T14:50:25","modified_gmt":"2025-06-12T12:50:25","slug":"jose-lopez-osvaldo-morelli-una-historia-que-no-debe-repetirse","status":"publish","type":"post","link":"https:\/\/cafeprensa.com.ar\/index.php\/2025\/06\/12\/jose-lopez-osvaldo-morelli-una-historia-que-no-debe-repetirse\/","title":{"rendered":"Jos\u00e9 Lopez-Osvaldo Morelli una historia que no debe repetirse."},"content":{"rendered":"<div class=\"lay --apertura\">\n<div class=\"row\">\n<div class=\"col-12\">\n<p class=\"com-title --font-primary --sixxl --font-extra\">El \u201chu\u00e9sped de honor\u201d del ex-intendente Osavaldo Morelli. Dej\u00f3 obras incompletas y sobrefacturadas en su ciudad natal.<\/p>\n<\/div>\n<\/div>\n<\/div>\n<div class=\"lay-sidebar\">\n<div class=\"sidebar__main\">\n<div class=\"row\">\n<div class=\"col-12 \">\n<div>\n<section class=\"mod-opening\">\n<div class=\"content-media\">\n<section id=\"W7NTPJAP7NE67LRKKFJY2TJDQQ\" class=\"mod-media \" role=\"button\">\n<figure class=\"mod-figure --horizontal\" role=\"button\">\n<div class=\"placeholder \">\n<div class=\"com-image\"><picture><source srcset=\"https:\/\/www.lanacion.com.ar\/resizer\/v2\/alumno-y-profesor-osvaldo-morelli-y-jose-lopez-W7NTPJAP7NE67LRKKFJY2TJDQQ.jpg?auth=7e0811c45da3707fedb42ee93eed6868b5d96a2c5e25fa08d00ddcda2be04a15&amp;width=880&amp;height=586&amp;quality=70&amp;smart=true\" media=\"(min-width: 768px)\" \/><img loading=\"lazy\" decoding=\"async\" class=\"image flex com-image --cover\" src=\"https:\/\/www.lanacion.com.ar\/resizer\/v2\/alumno-y-profesor-osvaldo-morelli-y-jose-lopez-W7NTPJAP7NE67LRKKFJY2TJDQQ.jpg?auth=7e0811c45da3707fedb42ee93eed6868b5d96a2c5e25fa08d00ddcda2be04a15&amp;width=420&amp;height=280&amp;quality=70&amp;smart=true\" alt=\"Alumno y profesor: Osvaldo Morelli y Jos\u00e9 L\u00f3pez tras la firma del acuerdo para hacer la terminal en Concepci\u00f3n\" width=\"768\" height=\"513\" \/><\/picture><\/div>\n<\/div><figcaption class=\"mod-figcaption\"><span style=\"font-size: 8pt;\"><strong><span class=\"com-text --caption --twoxs\">Alumno y profesor: Osvaldo Morelli y Jos\u00e9 L\u00f3pez tras la firma del acuerdo para hacer la terminal en Concepci\u00f3n.<\/span><\/strong><\/span><\/figcaption><\/figure>\n<\/section>\n<\/div>\n<\/section>\n<\/div>\n<\/div>\n<\/div>\n<section class=\"cuerpo__nota\">\n<div class=\"row\">\n<div class=\"col-deskxl-10 offset-deskxl-1 col-desksm-11\">\n<div class=\"row\">\n<div class=\"col-12\">\n<p class=\"com-paragraph --s\"><strong>\u00abDecl\u00e1rese Hu\u00e9sped de Honor de la ciudad de\u00a0Concepci\u00f3n\u00a0, mientras dure su permanencia en la misma, al se\u00f1or Secretario de Obras P\u00fablicas de la Naci\u00f3n, Ing.\u00a0Jos\u00e9 Francisco L\u00f3pez\u00a0, dese\u00e1ndole una grata estad\u00eda\u00bb,<\/strong> reza el primero de los cinco art\u00edculos del decreto 131\/10 que lleva la firma de <strong>Osvaldo Morelli<\/strong>, exintendente de la <strong>\u00abPerla del sur\u00bb<\/strong> tucumana y que, junto a L\u00f3pez fue denunciado por el sobreprecio y adulteraci\u00f3n de certificados de obras para la terminal de colectivos de la ciudad, que reci\u00e9n vio su fin con la llegada del <strong>ex-intendente Ronerto Sanchez.-<\/strong><\/p>\n<p class=\"com-paragraph --s\">La fecha del decreto no es menor: fue el <strong>9 de julio de 2010<\/strong>, d\u00eda en que tambi\u00e9n recibi\u00f3 la mayor distinci\u00f3n que brinda la localidad situada 76 kil\u00f3metros al sudoeste de la capital provincial:<strong> \u00abPremio Libertad\u00bb<\/strong>. Se trata de una replica de la estatua de la libertad que se alza en la <strong>plaza Mitre en el centro de la Ciudad,<\/strong> y que se otorga a los <strong>\u00abconciudadanos o instituciones que merit\u00faen reconocimiento de la sociedad y el Gobierno Municipal, por sus destacadas aptitudes y virtudes en el desempe\u00f1o de actividades individuales y colectivas en diferentes campos\u00bb<\/strong>, seg\u00fan argument\u00f3 Morelli en el documento.<\/p>\n<div class=\"content-media\">\n<section class=\"mod-media --zoom \" role=\"button\">\n<figure class=\"mod-figure \" role=\"button\">\n<div class=\"placeholder \">\n<div class=\"com-image\"><picture><source srcset=\"https:\/\/resizer.glanacion.com\/resizer\/v2\/lopez-al-momento-de-recibir-la-estatuilla-del-3YP3NC7V7ZF5RLRMOJ7BT5VXVE.jpg?auth=323449b0e5d9767fbef1b9c07c69db50bb52ccb2428b762cc99aa89efccf3f12&amp;width=780&amp;height=520&amp;quality=70&amp;smart=true\" media=\"(min-width: 768px)\" \/><img loading=\"lazy\" decoding=\"async\" class=\"image flex com-image --cover\" src=\"https:\/\/resizer.glanacion.com\/resizer\/v2\/lopez-al-momento-de-recibir-la-estatuilla-del-3YP3NC7V7ZF5RLRMOJ7BT5VXVE.jpg?auth=323449b0e5d9767fbef1b9c07c69db50bb52ccb2428b762cc99aa89efccf3f12&amp;width=420&amp;height=280&amp;quality=70&amp;smart=true\" alt=\"L\u00f3pez al momento de recibir la estatuilla del premio &quot;Libertad&quot; ante la atenta mirada de Osvaldo Morelli\" width=\"2000\" height=\"1333\" \/><\/picture><\/div>\n<\/div><figcaption class=\"mod-figcaption\"><strong><span style=\"font-size: 8pt;\"><span class=\"com-text --caption --twoxs\">L\u00f3pez al momento de recibir la estatuilla del premio \u00abLibertad\u00bb ante la atenta mirada de Osvaldo Morelli<\/span><span class=\"com-text --credit --twoxs\">Captura de TV &#8211;\u00a0<\/span><\/span><\/strong><\/figcaption><\/figure>\n<\/section>\n<\/div>\n<p class=\"com-paragraph --s\">La historia de L\u00f3pez, el hombre que adquiri\u00f3 fama mundial al ser descubierto <strong>infraganti cuando intentaba ocultar bolsos con 9 millones de d\u00f3lares en un convento de General Rodr\u00edguez<\/strong>, tambi\u00e9n dej\u00f3 su huella en la tierra que lo vio nacer y lo form\u00f3 antes de que <strong>emigrara a Santa Cruz para hacer carrera pol\u00edtica de la mano de N\u00e9stor Kirchner.<\/strong><\/p>\n<div class=\"content-media\">\n<section class=\"mod-media --zoom \" role=\"button\">\n<figure class=\"mod-figure \" role=\"button\">\n<div class=\"placeholder \">\n<div class=\"com-image\"><picture><source srcset=\"https:\/\/resizer.glanacion.com\/resizer\/v2\/el-9-de-julio-de-2010-jose-lopez-es-declarado-543VBDRD6ZFB7OIRNJWUTO2JXA.jpg?auth=2d1c9382a496c1f36aa7f7b9feab2d46aeea44b92ad2778802a0d820efc8d40e&amp;width=780&amp;height=1170&amp;quality=70&amp;smart=true\" media=\"(min-width: 768px)\" \/><img loading=\"lazy\" decoding=\"async\" class=\"image flex com-image --cover\" src=\"https:\/\/resizer.glanacion.com\/resizer\/v2\/el-9-de-julio-de-2010-jose-lopez-es-declarado-543VBDRD6ZFB7OIRNJWUTO2JXA.jpg?auth=2d1c9382a496c1f36aa7f7b9feab2d46aeea44b92ad2778802a0d820efc8d40e&amp;width=420&amp;height=630&amp;quality=70&amp;smart=true\" alt=\"El 9 de julio de 2010, Jos\u00e9 L\u00f3pez es declarado &quot;Hu\u00e9sped de Honor&quot; en la ciudad que lo vio nacer\" width=\"1333\" height=\"2000\" \/><\/picture><\/div>\n<\/div><figcaption class=\"mod-figcaption\"><span style=\"font-size: 8pt;\"><strong><span class=\"com-text --caption --twoxs\">El 9 de julio de 2010, Jos\u00e9 L\u00f3pez es declarado \u00abHu\u00e9sped de Honor\u00bb en la ciudad que lo vio nacer<\/span><\/strong><\/span><\/figcaption><\/figure>\n<\/section>\n<\/div>\n<div class=\"content-media\">\n<section class=\"mod-media --zoom \" role=\"button\">\n<figure class=\"mod-figure \" role=\"button\">\n<div class=\"placeholder \">\n<div class=\"com-image\"><picture><source srcset=\"https:\/\/resizer.glanacion.com\/resizer\/v2\/parte-de-los-argumentos-de-morelli-para-darle-la-IYWLCX7Z5VHNXJZFS7XGBD3RJI.jpg?auth=8e14e7b3ffd4c686c6c36762e8cabe247d4f83d6bccd2648cd48fa766e6d67c0&amp;width=780&amp;height=1170&amp;quality=70&amp;smart=true\" media=\"(min-width: 768px)\" \/><img loading=\"lazy\" decoding=\"async\" class=\"image flex com-image --cover\" src=\"https:\/\/resizer.glanacion.com\/resizer\/v2\/parte-de-los-argumentos-de-morelli-para-darle-la-IYWLCX7Z5VHNXJZFS7XGBD3RJI.jpg?auth=8e14e7b3ffd4c686c6c36762e8cabe247d4f83d6bccd2648cd48fa766e6d67c0&amp;width=420&amp;height=630&amp;quality=70&amp;smart=true\" alt=\"Parte de los argumentos de Morelli para darle la doble distinci\u00f3n a L\u00f3pez\" width=\"1333\" height=\"2000\" \/><\/picture><\/div>\n<\/div><figcaption class=\"mod-figcaption\"><span style=\"font-size: 8pt;\"><strong><span class=\"com-text --caption --twoxs\">Parte de los argumentos de Morelli para darle la doble distinci\u00f3n a L\u00f3pez<\/span><\/strong><\/span><\/figcaption><\/figure>\n<\/section>\n<\/div>\n<div class=\"content-media\">\n<section class=\"mod-media --zoom \" role=\"button\">\n<figure class=\"mod-figure \" role=\"button\">\n<div class=\"placeholder \">\n<div class=\"com-image\"><picture><source srcset=\"https:\/\/resizer.glanacion.com\/resizer\/v2\/HT2VWGQIPVDAPF27KYRM77FD6Y.jpg?auth=6a89d6c29270439d43ef753868ab300a4675a82f1ca6e4a32fc922525b346f2c&amp;width=780&amp;height=1170&amp;quality=70&amp;smart=true\" media=\"(min-width: 768px)\" \/><img loading=\"lazy\" decoding=\"async\" class=\"image flex com-image --cover\" src=\"https:\/\/resizer.glanacion.com\/resizer\/v2\/HT2VWGQIPVDAPF27KYRM77FD6Y.jpg?auth=6a89d6c29270439d43ef753868ab300a4675a82f1ca6e4a32fc922525b346f2c&amp;width=420&amp;height=630&amp;quality=70&amp;smart=true\" alt=\"\" width=\"1333\" height=\"2000\" \/><\/picture><\/div>\n<\/div>\n<\/figure>\n<\/section>\n<\/div>\n<p class=\"com-paragraph --s\">La terminal, que se presupuest\u00f3 en 30 millones de pesos y cost\u00f3 finalmente 45, no es la \u00fanica obra del ahora <strong>\u00abarrepentido\u00bb<\/strong> exsecretario de Obras P\u00fablicas que est\u00e1 en los cajones de la justicia tucumana sin avances.<\/p>\n<p class=\"com-paragraph --s\"><strong>\u00bfPor qu\u00e9? Qui\u00e9n est\u00e1 al frente de los fiscales en Tucum\u00e1n es Edmundo Jimenez<\/strong>, el hist\u00f3rico Secretario de Gobierno del exgobernador Jos\u00e9 Alperovich , quien le dio un puesto clave en la Justicia meses antes de abandonar su cargo.<\/p>\n<div class=\"content-media cursor-pointer\">\n<section class=\"mod-media ratio-16-9\">\n<figure class=\"mod-video\">\n<div class=\"video-player bg-black ratio-16-9\">\n<div id=\"facade-XToB8oVx\" class=\"content-facade-jw relative bg-black ratio-16-9\"><picture><source srcset=\"https:\/\/resizer.glanacion.com\/resizer\/v2\/https%3A%2F%2Fcdn.jwplayer.com%2Fv2%2Fmedia%2FXToB8oVx%2Fposter.jpg%3Fwidth%3D720?auth=c0839bbf0aa3dd309ec0b07d6f757474ef95a2669fbd68f7ee562101393004bb&amp;width=480&amp;quality=70&amp;smart=false\" media=\"(max-width: 767px)\" \/><img decoding=\"async\" class=\"image flex com-image --cover\" src=\"https:\/\/resizer.glanacion.com\/resizer\/v2\/https%3A%2F%2Fcdn.jwplayer.com%2Fv2%2Fmedia%2FXToB8oVx%2Fposter.jpg%3Fwidth%3D720?auth=c0839bbf0aa3dd309ec0b07d6f757474ef95a2669fbd68f7ee562101393004bb&amp;width=720&amp;quality=70&amp;smart=false\" alt=\"Jos\u00e9 L\u00f3pez en Concepci\u00f3n recibe el premio 'Libertad' y es declarado 'Huesped de Honor' (2010)\" \/><\/picture><\/div>\n<div><\/div>\n<div class=\"content-facade-jw relative bg-black ratio-16-9\"><span style=\"font-size: 24px; font-weight: bold;\">La \u00abYaciret\u00e1\u00bb de la \u00abPerla del Sur\u00bb<\/span><\/div>\n<\/div>\n<\/figure>\n<\/section>\n<\/div>\n<p class=\"com-paragraph --s\">A Concepci\u00f3n se la conoce como <strong>\u00abLa Perla del Sur\u00bb<\/strong> y es la <strong>segunda ciudad en importancia en la provincia.<\/strong> Cuenta con tribunales propios y es cabecera de la di\u00f3cesis a cargo del sur de Tucum\u00e1n. A pesar de ser el municipio m\u00e1s grande y poblado, carec\u00eda de una terminal de \u00f3mnibus acorde a sus necesidades.<\/p>\n<p class=\"com-paragraph --s\">Ya en marzo de 2004, en el primero de los tres mandatos consecutivos al frente de\u00a0Concepci\u00f3n\u00a0, <strong>Morelli dec\u00eda que se comenzar\u00eda con el proceso para elegir el lugar donde pod\u00eda levantarse la terminal.<\/strong> Un a\u00f1o despu\u00e9s, frente a los concejales, indicaba que se hab\u00eda elegido el lugar y que se llamaba a concurso para presentar ideas de c\u00f3mo deber\u00eda ser la terminal. <strong>Hubo 36 propuestas y, tras conocerse la ganadora, el intendente inform\u00f3 que se destinar\u00edan dos millones de pesos (655 mil d\u00f3lares al cambio de ese a\u00f1o)<\/strong> para llevar adelante la primera etapa de la <strong>\u00abEstaci\u00f3n de Transferencia de Pasajeros para la Ciudad de Concepci\u00f3n\u00bb.<\/strong><\/p>\n<div class=\"content-media\">\n<section class=\"mod-media --zoom \" role=\"button\">\n<figure class=\"mod-figure \" role=\"button\">\n<div class=\"placeholder \">\n<div class=\"com-image\"><picture><source srcset=\"https:\/\/resizer.glanacion.com\/resizer\/v2\/lopez-sostiene-una-de-las-hojas-mientras-morelli-CU63KNAHONGUJLKZNLPQIADSAU.jpg?auth=2d994e2ed02f9835369986d4eba72a5b93bc6fdafe7449425af3dee2693a7fb2&amp;width=780&amp;height=520&amp;quality=70&amp;smart=true\" media=\"(min-width: 768px)\" \/><img loading=\"lazy\" decoding=\"async\" class=\"image flex com-image --cover\" src=\"https:\/\/resizer.glanacion.com\/resizer\/v2\/lopez-sostiene-una-de-las-hojas-mientras-morelli-CU63KNAHONGUJLKZNLPQIADSAU.jpg?auth=2d994e2ed02f9835369986d4eba72a5b93bc6fdafe7449425af3dee2693a7fb2&amp;width=420&amp;height=280&amp;quality=70&amp;smart=true\" alt=\"L\u00f3pez sostiene una de las hojas mientras Morelli firma el convenio en medio de la terminal en construcci\u00f3n\" width=\"2000\" height=\"1333\" \/><\/picture><\/div>\n<\/div><figcaption class=\"mod-figcaption\"><span style=\"font-size: 8pt;\"><strong><span class=\"com-text --caption --twoxs\">L\u00f3pez sostiene una de las hojas mientras Morelli firma el convenio en medio de la terminal en construcci\u00f3n<\/span><\/strong><\/span><\/figcaption><\/figure>\n<\/section>\n<\/div>\n<p class=\"com-paragraph --s\"><strong>Todo se fren\u00f3 cuando aparecieron empresarios dispuestos a pagar la construcci\u00f3n si se les daba la concesi\u00f3n de la terminal por 30 a\u00f1os.<\/strong> Esto no prosper\u00f3 y en 2008 reci\u00e9n se liberaron los 2 millones de pesos anunciados en 2005 (576.368,87 d\u00f3lares al cambio de 2008). El casi nulo avance de la obra, que se intentaba hacer con fondos propios, <strong>dio un vuelco de 180 grados el 13 de abril de 2014 cuando el \u00abHu\u00e9sped de Honor\u00bb retribuy\u00f3 la distinci\u00f3n con 15.047.739 pesos (1.756.887,21 d\u00f3lares)<\/strong> para que se hiciera la primera de las dos etapas de la terminal en un plazo de tres meses.<\/p>\n<p class=\"com-paragraph --s\">Parado sobre el play\u00f3n que, en la actualidad usan los colectivos que arriban a la terminal inaugurada hace pocos meses, L\u00f3pez dec\u00eda: <strong>\u00abLa terminal es la cara visible de una ciudad y Concepci\u00f3n la tendr\u00e1 en esta obra en que asumimos el compromiso de finalizarla lo antes posible\u00bb<\/strong>. Adem\u00e1s, destacaba la pronta inauguraci\u00f3n de la \u00abtraves\u00eda urbana\u00bb, que unir\u00eda la ruta nacional 38 con la provincial 65 y que triplic\u00f3 su precio en los cinco a\u00f1os que demor\u00f3 su construcci\u00f3n.<\/p>\n<div class=\"content-media\">\n<section class=\"mod-media --zoom \" role=\"button\">\n<figure class=\"mod-figure \" role=\"button\">\n<div class=\"placeholder \">\n<div class=\"com-image\"><picture><source srcset=\"https:\/\/resizer.glanacion.com\/resizer\/v2\/alperovich-tambien-destaco-las-obras-que-lopez-73ORPDIFDJG4FOPOWT62WGWWWI.jpg?auth=cdd078530846fb78fc299b64ec847bbea27562062153f3307d12df9eb52caca5&amp;width=780&amp;height=520&amp;quality=70&amp;smart=true\" media=\"(min-width: 768px)\" \/><img loading=\"lazy\" decoding=\"async\" class=\"image flex com-image --cover\" src=\"https:\/\/resizer.glanacion.com\/resizer\/v2\/alperovich-tambien-destaco-las-obras-que-lopez-73ORPDIFDJG4FOPOWT62WGWWWI.jpg?auth=cdd078530846fb78fc299b64ec847bbea27562062153f3307d12df9eb52caca5&amp;width=420&amp;height=280&amp;quality=70&amp;smart=true\" alt=\"Alperovich tambi\u00e9n destac\u00f3 las obras que L\u00f3pez gestionaba para su ciudad natal\" width=\"2000\" height=\"1333\" \/><\/picture><\/div>\n<\/div><figcaption class=\"mod-figcaption\"><span style=\"font-size: 8pt;\"><strong><span class=\"com-text --caption --twoxs\">Alperovich tambi\u00e9n destac\u00f3 las obras que L\u00f3pez gestionaba para su ciudad natal.<\/span><\/strong><\/span><\/figcaption><\/figure>\n<\/section>\n<\/div>\n<p class=\"com-paragraph --s\">A su lado Morelli, quien hab\u00eda sido profesor de L\u00f3pez en el secundario t\u00e9cnico, agregaba:<strong> \u00abAfortunadamente Concepci\u00f3n cristaliza un anhelo. Ahora esto ser\u00e1 posible con la ayuda de la Naci\u00f3n\u00bb<\/strong>. Tambi\u00e9n presente en el acto, Alperovich a\u00f1adir\u00eda que tanto con la \u00abtraves\u00eda urbana\u00bb, como con la terminal Concepci\u00f3n volver\u00eda a ser <strong>\u00abla Perla del Sur\u00bb. <\/strong>Un mes despu\u00e9s de la firma, seg\u00fan consta en la denuncia que<strong> present\u00f3 el ex-intendente Roberto S\u00e1nchez (Cambiemos), Morelli designaba como \u00abresponsable t\u00e9cnico de la obra\u00bb a su hijo, tambi\u00e9n arquitecto, Franco Morelli.<\/strong> Este joven profesional fue quien firm\u00f3 los certificados de avances de obra, que nunca existieron, pero adem\u00e1s figur\u00f3 como uno de los due\u00f1os de una de las cooperativas que contrat\u00f3 el municipio para llevar adelante parte de las obras en la terminal. <strong>Es decir, Morelli (hijo) se deb\u00eda controlar y certificar a s\u00ed mismo.<\/strong><\/p>\n<div class=\"com-embed --html\">\n<div class=\"contenido-externo\">\n<div id=\"anexo-ON7XCHDSFVFUVFH5XDWLYATOHQ-0\" class=\"com-anexo pym\"><iframe loading=\"lazy\" id=\"lntools_generic-obras-de-la-municipalidad-de-concepcion\" src=\"https:\/\/especialeslntools.lanacion.com.ar\/generic-obras-de-la-municipalidad-de-concepcion\/index.html?initialWidth=733&amp;childId=anexo-ON7XCHDSFVFUVFH5XDWLYATOHQ-0&amp;parentTitle=L%C3%B3pez%2C%20el%20%E2%80%9Chu%C3%A9sped%20de%20honor%E2%80%9D%20que%20en%20su%20ciudad%20natal%20dej%C3%B3%20obras%20sobrefacturadas%20-%20LA%20NACION&amp;parentUrl=https%3A%2F%2Fwww.lanacion.com.ar%2Fpolitica%2Fjose-lopez-huesped-honor-dejo-obras-incompletas-nid2164663%2F\" width=\"100%\" height=\"454px\" frameborder=\"0\" marginheight=\"0\" scrolling=\"no\" data-mce-fragment=\"1\"><\/iframe><\/div>\n<\/div>\n<\/div>\n<div class=\"content-media\">\n<section class=\"mod-media --zoom \" role=\"button\">\n<figure class=\"mod-figure \" role=\"button\">\n<div class=\"placeholder \">\n<div class=\"com-image\"><picture><source srcset=\"https:\/\/resizer.glanacion.com\/resizer\/v2\/el-acta-con-la-firma-de-morelli-padre-en-la-que-QMMDS7TR45G3TN36ZFZPKQUAFY.jpg?auth=6c3fbad4c4298874f622a2a1c144ea55a793291f382ed61669aedc2cbd47a699&amp;width=780&amp;height=1170&amp;quality=70&amp;smart=true\" media=\"(min-width: 768px)\" \/><img loading=\"lazy\" decoding=\"async\" class=\"image flex com-image --cover\" src=\"https:\/\/resizer.glanacion.com\/resizer\/v2\/el-acta-con-la-firma-de-morelli-padre-en-la-que-QMMDS7TR45G3TN36ZFZPKQUAFY.jpg?auth=6c3fbad4c4298874f622a2a1c144ea55a793291f382ed61669aedc2cbd47a699&amp;width=420&amp;height=630&amp;quality=70&amp;smart=true\" alt=\"El acta con la firma de Morelli (padre) en la que avala los informes de avances de la obra\" width=\"1333\" height=\"2000\" \/><\/picture><\/div>\n<\/div><figcaption class=\"mod-figcaption\"><span style=\"font-size: 8pt;\"><strong><span class=\"com-text --caption --twoxs\">El acta con la firma de Morelli (padre) en la que avala los informes de avances de la obra<\/span><\/strong><\/span><\/figcaption><\/figure>\n<\/section>\n<\/div>\n<p class=\"com-paragraph --s\">Ya en 2015, cuando hab\u00edan pasado nueve meses desde que la etapa 1 de la obra deb\u00eda estar terminada y se hab\u00edan girado los <strong>m\u00e1s de 15 millones de pesos<\/strong>, se pidi\u00f3 el dinero para la segunda y \u00faltima parte:\u00a0<strong>Morelli transitaba sus \u00faltimos meses\u00a0al frente del municipio y, ante la imposibilidad legal de ser reelecto, postulaba a su hijo Franco, quien controlaba y constru\u00eda parte de la obra, para que sea su sucesor.<\/strong><\/p>\n<p class=\"com-paragraph --s\">Ocho semanas antes de las elecciones tucumanas y tres meses despu\u00e9s de una nueva visita del <strong>\u00abHu\u00e9sped de Honor\u00bb, que adem\u00e1s aspiraba a gobernar su provincia natal, la secretar\u00eda de Obras P\u00fablicas de la Naci\u00f3n emiti\u00f3 la resoluci\u00f3n 1044, con fecha 29 de junio, en la que se aprob\u00f3 la transferencia de $15.204.232,02 (1.673.553,33 d\u00f3lares al cambio oficial del d\u00eda).<\/strong> El destino de esos fondos, al <strong>d\u00eda de hoy, es un misterio.<\/strong><\/p>\n<div class=\"content-media\">\n<section class=\"mod-media --zoom \" role=\"button\">\n<figure class=\"mod-figure \" role=\"button\">\n<div class=\"placeholder \">\n<div class=\"com-image\"><picture><source srcset=\"https:\/\/resizer.glanacion.com\/resizer\/v2\/una-imagen-de-google-streetview-de-la-terminal-en-RHXSJHCXXBGKZAJLUNA56EAH5Q.jpg?auth=c4fe46150b2750a233e2f7e20802d754165f08dbafdef90201dc9730b60bb5cc&amp;width=780&amp;height=520&amp;quality=70&amp;smart=true\" media=\"(min-width: 768px)\" \/><img loading=\"lazy\" decoding=\"async\" class=\"image flex com-image --cover\" src=\"https:\/\/resizer.glanacion.com\/resizer\/v2\/una-imagen-de-google-streetview-de-la-terminal-en-RHXSJHCXXBGKZAJLUNA56EAH5Q.jpg?auth=c4fe46150b2750a233e2f7e20802d754165f08dbafdef90201dc9730b60bb5cc&amp;width=420&amp;height=280&amp;quality=70&amp;smart=true\" alt=\"Una imagen de Google StreetView de la terminal en el 2015 sin la cerca y rejas que, seg\u00fan los avances de obra, se hab\u00edan concretado\" width=\"2000\" height=\"1333\" \/><\/picture><\/div>\n<\/div><figcaption class=\"mod-figcaption\"><span style=\"font-size: 8pt;\"><strong><span class=\"com-text --caption --twoxs\">Una imagen de Google StreetView de la terminal en el 2015 sin la cerca y rejas que, seg\u00fan los avances de obra, se hab\u00edan concretado<\/span><\/strong><\/span><\/figcaption><\/figure>\n<\/section>\n<\/div>\n<p class=\"com-paragraph --s\">Con el cambio de gobierno, tras la ajustada derrota del hijo de Morelli,<strong> S\u00e1nchez denunci\u00f3 que se adulteraron los certificados y, por ejemplo, los artefactos sanitarios y grifer\u00edas que se hab\u00edan informado como comprados, no estaban.<\/strong> Tampoco estaba parte de la carpinter\u00eda met\u00e1lica certificada y se detect\u00f3 un sobreprecio de cuatro veces en la <strong>\u00abalcantarilla de acceso\u00bb de 100m2 que en el mercado cuesta menos de 200 mil pesos y se hab\u00eda facturado en 800 mil.<\/strong><\/p>\n<p class=\"com-paragraph --s\">Pero lo m\u00e1s grave y visible llegar\u00eda con el \u00faltimo certificado de <strong>avance de esos primeros 15 millones.<\/strong> Seg\u00fan la denuncia y la documentaci\u00f3n a la que accedi\u00f3 El diario <span style=\"font-size: 8pt;\"><strong>LA NACI\u00d3N<\/strong><\/span>, la cerca perimetral y reja met\u00e1lica de 1.301metros, pagada $1.055.111, <strong>nunca se hizo. Pero s\u00ed se cobr\u00f3.<\/strong><\/p>\n<h2 class=\"com-title --font-primary --xl --font-extra\">La traves\u00eda urbana que se pag\u00f3 cuatro veces m\u00e1s<\/h2>\n<p class=\"com-paragraph --s\"><strong>El 20 de septiembre de 2016, la Direcci\u00f3n de Vialidad Nacional (DVN), que depend\u00eda de L\u00f3pez,<\/strong> hab\u00eda firmado un acuerdo <strong>con Morelli para financiar la Traves\u00eda Urbana en septiembre de 2009.<\/strong><\/p>\n<p class=\"com-paragraph --s\">La obra consist\u00eda en un empalme entre la renovada <strong>ruta nacional 38 y la provincial 65<\/strong>, por donde se ingresa a la terminal de colectivos. En detalle, la obra consist\u00eda en una v\u00eda de ingreso a la ciudad de seis carriles sobre la 38 y una rotonda para articular el tr\u00e1nsito con la 65. <strong>La obra se presupuest\u00f3 en $ 44,8 millones y se adjudic\u00f3 a la empresa Green SA. Se paut\u00f3 su finalizaci\u00f3n para octubre de 2012.<\/strong><\/p>\n<p class=\"com-paragraph --s\">Lo que vino despu\u00e9s fueron <strong>10 decretos que autorizaron aumentos<\/strong>, readecuaci\u00f3n de precios y la postergaci\u00f3n de los plazos. <strong>Para fines de 2012 se hab\u00edan girado casi $60 millones, hacia fines de 2013 la cifra ascend\u00eda a casi $86 millones, para noviembre de 2014 ya estaba en $128 millones y en abril de 2015 se alcanzaron los $145 millones. <\/strong>Sin embargo, la obra qued\u00f3 inconclusa <strong>a la salida de Morelli<\/strong> y se habilit\u00f3 parcialmente. Con el cambio de autoridades, <strong>Green SA. reclam\u00f3 una millonaria deuda: $ 33,8 millones por pagos tard\u00edas e intereses. Adem\u00e1s, intim\u00f3 por carta documento que se giren $4,5 millones m\u00e1s, por el pago final de la obra. El n\u00famero final: $182 millones.<\/strong><\/p>\n<h2 class=\"com-title --font-primary --xl --font-extra\">El homenaje del \u00abHu\u00e9sped\u00bb al Intendente<\/h2>\n<p class=\"com-paragraph --s\">Con la derrota consumada y a pocos d\u00edas de que <strong>S\u00e1nchez asumiera la intendencia, Jos\u00e9 L\u00f3pez volvi\u00f3 a su Concepci\u00f3n natal y homenaje\u00f3 a su exprofesor y saliente intendente.<\/strong> \u00abEsto es un reconocimiento al se\u00f1or intendente de esta ciudad, por su labor desarrollada <strong>en el periodo 2003-2015<\/strong> que permiti\u00f3 realizar la mayor inversi\u00f3n en obras p\u00fablicas en Tucum\u00e1n\u00bb, <strong>asegur\u00f3 el ingeniero en la ma\u00f1ana del 3 de octubre de 2015.<\/strong><\/p>\n<p class=\"com-paragraph --s\">\u00abAc\u00e1 se realiz\u00f3 la inversi\u00f3n mas importante en la historia de la provincia, desde la Secretaria de Obras P\u00fablicas.\u00a0<strong>Estamos hablando de 3.500 millones de d\u00f3lares,<\/strong> y eso se hizo porque hay un proyecto pol\u00edtico, no por magia. Este es un sencillo pero justo homenaje a un gran funcionario y mejor persona\u00bb, <strong>dijo el hombre que ocho meses despu\u00e9s ser\u00eda descubierto mientras revoleaba bolsos millonarios en un convento de General Rodr\u00edguez..<\/strong><\/p>\n<div class=\"content-media\">\n<section class=\"mod-media --zoom \" role=\"button\">\n<figure class=\"mod-figure \" role=\"button\">\n<div class=\"placeholder \">\n<div class=\"com-image\"><picture><source srcset=\"https:\/\/resizer.glanacion.com\/resizer\/v2\/la-emotiva-despedida-y-homenaje-de-lopez-a-C44NBOIKKVEQVJIG2FGJHXGPLM.jpg?auth=b8fce72202d36406758c4fba46cd15a89084f217a50e1fd4e9db9423868ee980&amp;width=780&amp;height=520&amp;quality=70&amp;smart=true\" media=\"(min-width: 768px)\" \/><img loading=\"lazy\" decoding=\"async\" class=\"image flex com-image --cover\" src=\"https:\/\/resizer.glanacion.com\/resizer\/v2\/la-emotiva-despedida-y-homenaje-de-lopez-a-C44NBOIKKVEQVJIG2FGJHXGPLM.jpg?auth=b8fce72202d36406758c4fba46cd15a89084f217a50e1fd4e9db9423868ee980&amp;width=420&amp;height=280&amp;quality=70&amp;smart=true\" alt=\"La emotiva despedida y homenaje de L\u00f3pez a Morelli a pocos d\u00edas del final de su mandatado de 12 a\u00f1os al frente del municipio\" width=\"2000\" height=\"1333\" \/><\/picture><\/div>\n<\/div><figcaption class=\"mod-figcaption\"><strong><span class=\"com-text --caption --twoxs\" style=\"font-size: 8pt;\">La emotiva despedida y homenaje de L\u00f3pez a Morelli a pocos d\u00edas del final de su mandatado de 12 a\u00f1os al frente del municipio.<\/span><\/strong><\/figcaption><\/figure>\n<\/section>\n<\/div>\n<p class=\"com-paragraph --s\">Morelli no se qued\u00f3 atr\u00e1s y le agradeci\u00f3:<strong> \u00abHemos intentado desde el inicio de este proyecto pol\u00edtico insertar a vecinos de la periferia, lo que habla de una pol\u00edtica de inclusi\u00f3n, generosa, con el fin de ayudar al que menos tiene\u00bb. <\/strong>\u00abLo importante es entender que el Gobierno Nacional est\u00e1 en todas partes. No dej\u00f3 a nadie excluido en materia de obras y en el \u00e1rea social. Se hizo un trabajo de grandeza con los m\u00e1s humildes. Por ah\u00ed descuid\u00e9 un poquito el centro de la ciudad, pero entend\u00ed que los barrios deb\u00edan tener la prioridad.<strong> Ac\u00e1 ning\u00fan gobernante puede hacer todo, sino no habr\u00eda m\u00e1s intendentes. Por suerte esta historia continua, espero que sea para bien, y seguramente con Daniel Scioli vamos a seguir creciendo\u00bb, dijo Morelli. Faltaban 22 d\u00edas para que el kirchnerismo perdiera la primera vuelta en manos del macrismo y 53 para el balotaje que desembocar\u00eda en la llegada de Cambiemos al poder.<\/strong><\/p>\n<div class=\"content-media\">\n<section class=\"mod-media --zoom \" role=\"button\">\n<figure class=\"mod-figure \" role=\"button\">\n<div class=\"placeholder \">\n<div class=\"com-image\"><picture><source srcset=\"https:\/\/resizer.glanacion.com\/resizer\/v2\/en-la-actualidad-morelli-es-legislador-por-el-PLB4LSXC4FGWPAMHW7D3MWO35I.jpg?auth=a2b9d802d91f4349132a6dfa74c0a3e9b3a43289a19cb2c153b217bad862d70a&amp;width=780&amp;height=520&amp;quality=70&amp;smart=true\" media=\"(min-width: 768px)\" \/><img loading=\"lazy\" decoding=\"async\" class=\"image flex com-image --cover\" src=\"https:\/\/resizer.glanacion.com\/resizer\/v2\/en-la-actualidad-morelli-es-legislador-por-el-PLB4LSXC4FGWPAMHW7D3MWO35I.jpg?auth=a2b9d802d91f4349132a6dfa74c0a3e9b3a43289a19cb2c153b217bad862d70a&amp;width=420&amp;height=280&amp;quality=70&amp;smart=true\" alt=\"En la actualidad Morelli es legislador por el oficialismo en la c\u00e1mara tucumana; en cambio L\u00f3pez, estuvi preso y ahora declar\u00f3 como &quot;arrepentido&quot; en la causa por los cuadernos de las coimas\" width=\"2000\" height=\"1333\" \/><\/picture><\/div>\n<\/div><figcaption class=\"mod-figcaption\"><span style=\"font-size: 8pt;\"><strong><span class=\"com-text --caption --twoxs\">En la actualidad Morelli es legislador por el oficialismo en la c\u00e1mara tucumana; en cambio L\u00f3pez, estuvi preso y ahora declar\u00f3 como \u00abarrepentido\u00bb en la causa por los cuadernos de las coimas.\u00a0<\/span><\/strong><\/span><\/figcaption>&nbsp;<\/figure>\n<\/section>\n<\/div>\n<section class=\"container-center-100 mb-40\">\n<div class=\"grid grid-cols-2_m gap-12 py-16 py-12_m\">\n<div class=\"flex flex-column gap-4\">\n<div class=\"flex flex-column brand-color\">\n<div class=\"row\">\n<div class=\"flex flex-column flex-wrap gap-16 w-100 flex-row_m ai-center_m ai-start\">\n<div class=\"flex inline-flex ai-center gap-12\">\n<div class=\"flex j-center py-4 flex-column-reverse gap-8 py-4 text-neutral-light-600\"><strong><span style=\"font-size: 8pt;\">Por\u00a0Jos\u00e9 Mar\u00eda Costa &#8211; 24 de agosto de 2018.-<\/span><\/strong><\/div>\n<\/div>\n<\/div>\n<\/div>\n<\/div>\n<\/div>\n<\/div>\n<\/section>\n<\/div>\n<\/div>\n<\/div>\n<\/div>\n<\/section>\n<\/div>\n<\/div>\n","protected":false},"excerpt":{"rendered":"<p>El \u201chu\u00e9sped de honor\u201d del ex-intendente Osavaldo Morelli. Dej\u00f3 obras incompletas y sobrefacturadas en su ciudad natal. Alumno y profesor: Osvaldo Morelli y Jos\u00e9 L\u00f3pez tras la firma del acuerdo para hacer la terminal en Concepci\u00f3n. \u00abDecl\u00e1rese Hu\u00e9sped de Honor de la ciudad de\u00a0Concepci\u00f3n\u00a0, mientras dure su permanencia en la misma, al se\u00f1or Secretario de &hellip;<\/p>\n","protected":false},"author":2,"featured_media":8996,"comment_status":"open","ping_status":"open","sticky":false,"template":"","format":"standard","meta":{"footnotes":""},"categories":[34,25],"tags":[2079],"class_list":["post-8995","post","type-post","status-publish","format-standard","has-post-thumbnail","hentry","category-locales","category-politica","tag-jose-lopez-osvaldo-morelli"],"_links":{"self":[{"href":"https:\/\/cafeprensa.com.ar\/index.php\/wp-json\/wp\/v2\/posts\/8995","targetHints":{"allow":["GET"]}}],"collection":[{"href":"https:\/\/cafeprensa.com.ar\/index.php\/wp-json\/wp\/v2\/posts"}],"about":[{"href":"https:\/\/cafeprensa.com.ar\/index.php\/wp-json\/wp\/v2\/types\/post"}],"author":[{"embeddable":true,"href":"https:\/\/cafeprensa.com.ar\/index.php\/wp-json\/wp\/v2\/users\/2"}],"replies":[{"embeddable":true,"href":"https:\/\/cafeprensa.com.ar\/index.php\/wp-json\/wp\/v2\/comments?post=8995"}],"version-history":[{"count":3,"href":"https:\/\/cafeprensa.com.ar\/index.php\/wp-json\/wp\/v2\/posts\/8995\/revisions"}],"predecessor-version":[{"id":8999,"href":"https:\/\/cafeprensa.com.ar\/index.php\/wp-json\/wp\/v2\/posts\/8995\/revisions\/8999"}],"wp:featuredmedia":[{"embeddable":true,"href":"https:\/\/cafeprensa.com.ar\/index.php\/wp-json\/wp\/v2\/media\/8996"}],"wp:attachment":[{"href":"https:\/\/cafeprensa.com.ar\/index.php\/wp-json\/wp\/v2\/media?parent=8995"}],"wp:term":[{"taxonomy":"category","embeddable":true,"href":"https:\/\/cafeprensa.com.ar\/index.php\/wp-json\/wp\/v2\/categories?post=8995"},{"taxonomy":"post_tag","embeddable":true,"href":"https:\/\/cafeprensa.com.ar\/index.php\/wp-json\/wp\/v2\/tags?post=8995"}],"curies":[{"name":"wp","href":"https:\/\/api.w.org\/{rel}","templated":true}]}}