{"id":9014,"date":"2025-06-12T15:44:01","date_gmt":"2025-06-12T13:44:01","guid":{"rendered":"https:\/\/cafeprensa.com.ar\/?p=9014"},"modified":"2025-06-12T15:49:29","modified_gmt":"2025-06-12T13:49:29","slug":"en-mercado-libre-ya-venden-merchandising-de-cristina-presa","status":"publish","type":"post","link":"https:\/\/cafeprensa.com.ar\/index.php\/2025\/06\/12\/en-mercado-libre-ya-venden-merchandising-de-cristina-presa\/","title":{"rendered":"En Mercado Libre ya venden merchandising de Cristina presa"},"content":{"rendered":"<header class=\"article-top\">\n<p class=\"title full padding-lr fsize-xl\"><strong>De medias, soquetes y mu\u00f1equitos hasta tasas de cer\u00e1mica.\u00a0<\/strong>La Corte Suprema ratific\u00f3 la condena a Cristina Kirchner por Vialidad. Mientras la pol\u00e9mica crece, Mercado Libre vende merchandising con su imagen presa.<\/p>\n<div class=\"image-container img-wide padding-b\"><picture><source class=\"\" srcset=\"https:\/\/resizer.iproimg.com\/unsafe\/360x\/filters:format(webp):quality(85):max_bytes(102400)\/https:\/\/assets.iprofesional.com\/assets\/jpg\/2025\/06\/597767.jpg\" media=\"(max-width:360px)\" data-srcset=\"https:\/\/resizer.iproimg.com\/unsafe\/360x\/filters:format(webp):quality(85):max_bytes(102400)\/https:\/\/assets.iprofesional.com\/assets\/jpg\/2025\/06\/597767.jpg\" \/><source class=\"\" srcset=\"https:\/\/resizer.iproimg.com\/unsafe\/360x\/filters:format(webp):quality(85):max_bytes(102400)\/https:\/\/assets.iprofesional.com\/assets\/jpg\/2025\/06\/597767.jpg\" media=\"(max-width:430px)\" data-srcset=\"https:\/\/resizer.iproimg.com\/unsafe\/360x\/filters:format(webp):quality(85):max_bytes(102400)\/https:\/\/assets.iprofesional.com\/assets\/jpg\/2025\/06\/597767.jpg\" \/><source class=\"\" srcset=\"https:\/\/resizer.iproimg.com\/unsafe\/640x\/filters:format(webp):quality(85):max_bytes(102400)\/https:\/\/assets.iprofesional.com\/assets\/jpg\/2025\/06\/597767.jpg\" media=\"(max-width:956px)\" data-srcset=\"https:\/\/resizer.iproimg.com\/unsafe\/640x\/filters:format(webp):quality(85):max_bytes(102400)\/https:\/\/assets.iprofesional.com\/assets\/jpg\/2025\/06\/597767.jpg\" \/><img decoding=\"async\" class=\"\" src=\"https:\/\/resizer.iproimg.com\/unsafe\/1280x\/filters:format(webp):quality(85):max_bytes(102400)\/https:\/\/assets.iprofesional.com\/assets\/jpg\/2025\/06\/597767.jpg\" alt=\"En Mercado Libre ya venden merchandising de Cristina presa: de medias, soquetes y mu\u00f1equitos hasta tasas de cer\u00e1mica\" width=\"1280px\" height=\"720px\" data-src=\"https:\/\/resizer.iproimg.com\/unsafe\/1280x\/filters:format(webp):quality(85):max_bytes(102400)\/https:\/\/assets.iprofesional.com\/assets\/jpg\/2025\/06\/597767.jpg\" \/><\/picture><\/div>\n<\/header>\n<div class=\"block-container\">La <strong>Corte Suprema<\/strong>\u00a0ratific\u00f3 la condena contra la expresidenta<strong>\u00a0Cristina Kirchner\u00a0<\/strong>por la\u00a0<strong><a title=\"\u00bfCristina es la \u00fanica?: qui\u00e9nes son los otros condenados por la Justicia en la causa Vialidad\" href=\"https:\/\/www.iprofesional.com\/politica\/430417-cristina-kirchner-no-es-unica-quienes-son-los-otros-condenados-por-justicia\" target=\"_blank\" rel=\"noopener noreferrer\" data-mrf-link=\"https:\/\/www.iprofesional.com\/politica\/430417-cristina-kirchner-no-es-unica-quienes-son-los-otros-condenados-por-justicia\">Causa Vialidad.<\/a>\u00a0<\/strong>Este martes por la tarde se dio a conocer el fallo por unanimidad del m\u00e1ximo tribunal, que rechaz\u00f3 los recursos de apelaci\u00f3n presentados por la exmandataria.<\/div>\n<div class=\"article-content full padding-lr\">\n<p data-mrf-recirculation=\"Links art\u00edculo\">De esta manera,\u00a0Cristina ya no podr\u00e1 presentarse para cargos p\u00fablicos de por vida y deber\u00e1 cumplir seis a\u00f1os de prisi\u00f3n. La condena es una de las causas de mayor trascendencia institucional en estudio del Alto Tribunal\u00a0y su tratamiento gener\u00f3 expectativa en los distintos sectores pol\u00edticos y jur\u00eddicos del pa\u00eds.<\/p>\n<p><strong>Viral: merchandising de Cristina Kirchner presa ya se vende en Mercado Libre<\/strong><\/p>\n<p data-mrf-recirculation=\"Links art\u00edculo\">En\u00a0<a title=\"R\u00e9cord: \u00bfc\u00f3mo tom\u00f3 el mercado la salida de Marcos Galperin y la llegada de un nuevo CEO a Mercado Libre?\" href=\"https:\/\/www.iprofesional.com\/management\/429112-record-de-mercado-libre-en-el-mercado-tras-salida-del-ceo-marcos-galperin\" target=\"_blank\" rel=\"noopener noreferrer\" data-mrf-link=\"https:\/\/www.iprofesional.com\/management\/429112-record-de-mercado-libre-en-el-mercado-tras-salida-del-ceo-marcos-galperin\"><strong>Mercado Libre\u00a0<\/strong><\/a>ya est\u00e1 disponible una variada oferta de\u00a0<strong>merchandising<\/strong>\u00a0relacionada con<strong>\u00a0Cristina Kirchner presa<\/strong>. Los productos van desde medias y soquetes hasta mu\u00f1equitos y tazas de cer\u00e1mica, todos con referencias a la ex presidenta.<\/p>\n<p data-mrf-recirculation=\"Links art\u00edculo\">Por ejemplo:<\/p>\n<ul>\n<li><strong>Taza de cer\u00e1mica Cristina Kirchner Condena Penal Presa:<\/strong>\u00a0$10.000<\/li>\n<li><strong>Taza de cer\u00e1mica Cristina El Que Las Hace, Las Paga. Condenada:<\/strong>\u00a0$8.499<\/li>\n<li><strong>Taza de cer\u00e1mica A Prisi\u00f3n E Inhabilitada &#8211; Cristina Presa:<\/strong>\u00a0$8.499<\/li>\n<li><strong>Mu\u00f1eco Cristina Fern\u00e1ndez Presa:\u00a0<\/strong>$17.000\u00a0Medias<\/li>\n<li><strong>Soquetes + Mu\u00f1eco Cristina Fern\u00e1ndez Presa Blanco Estampado 34-43:<\/strong>\u00a0$25.000<\/li>\n<\/ul>\n<div class=\"imagen\"><img loading=\"lazy\" decoding=\"async\" class=\"lazyload loaded\" src=\"https:\/\/resizer.iproimg.com\/unsafe\/filters:format(webp):quality(70)\/https:\/\/assets.iprofesional.com\/assets\/jpg\/2025\/06\/597766.jpg\" alt=\"Merchandising Cristina \" width=\"1067\" height=\"864\" data-src=\"https:\/\/assets.iprofesional.com\/assets\/jpg\/2025\/06\/597766.jpg\" \/><\/div>\n<div class=\"imagen\"><img loading=\"lazy\" decoding=\"async\" class=\"lazyload loaded\" src=\"https:\/\/resizer.iproimg.com\/unsafe\/filters:format(webp):quality(70)\/https:\/\/assets.iprofesional.com\/assets\/jpg\/2025\/06\/597765.jpg\" alt=\"Merchandising Cristina \" width=\"1179\" height=\"1200\" data-src=\"https:\/\/assets.iprofesional.com\/assets\/jpg\/2025\/06\/597765.jpg\" \/><\/div>\n<div class=\"imagen\"><img loading=\"lazy\" decoding=\"async\" class=\"lazyload loaded\" src=\"https:\/\/resizer.iproimg.com\/unsafe\/filters:format(webp):quality(70)\/https:\/\/assets.iprofesional.com\/assets\/jpg\/2025\/06\/597764.jpg\" alt=\"Merchandising Cristina\" width=\"483\" height=\"500\" data-src=\"https:\/\/assets.iprofesional.com\/assets\/jpg\/2025\/06\/597764.jpg\" \/><\/div>\n<div class=\"imagen\"><img loading=\"lazy\" decoding=\"async\" class=\"lazyload loaded\" src=\"https:\/\/resizer.iproimg.com\/unsafe\/filters:format(webp):quality(70)\/https:\/\/assets.iprofesional.com\/assets\/jpg\/2025\/06\/597768.jpg\" alt=\"Merchandising Cristina \" width=\"1067\" height=\"864\" data-src=\"https:\/\/assets.iprofesional.com\/assets\/jpg\/2025\/06\/597768.jpg\" \/><\/div>\n<p data-mrf-recirculation=\"Links art\u00edculo\"><strong>Esta proliferaci\u00f3n de art\u00edculos refleja c\u00f3mo ciertos sectores del p\u00fablico utilizan la iconograf\u00eda pol\u00edtica para expresar opiniones o iron\u00edas sobre la situaci\u00f3n judicial de Cristina Kirchner. <\/strong>La comercializaci\u00f3n de este tipo de productos genera debate sobre los l\u00edmites del humor y el respeto en contextos pol\u00edticos sensibles.<\/p>\n<p data-mrf-recirculation=\"Links art\u00edculo\">Mientras tanto, la oferta sigue creciendo en plataformas de venta online, captando la atenci\u00f3n de distintos p\u00fablicos.<\/p>\n<p><strong>D\u00f3nde puede cumplir su condena Cristina Kirchner<\/strong><\/p>\n<p data-mrf-recirculation=\"Links art\u00edculo\">Si bien eso todav\u00eda est\u00e1 por resolverse, la expresidenta tiene distintas propiedades en las que podr\u00eda cumplir su condena de seis a\u00f1os. Antes del intento de asesinato del 1 de septiembre de 2022, la exmandataria la mayor parte del tiempo en su\u00a0<strong>departamento\u00a0<a title=\"El video que mostr\u00f3 lo que casi nadie sab\u00eda del Cementerio de la Recoleta: cu\u00e1nto salen las b\u00f3vedas\" href=\"https:\/\/www.iprofesional.com\/actualidad\/430391-cuanto-sale-una-boveda-en-el-cementerio-de-la-recoleta-hay-una-en-venta-y-es-viral\" target=\"_blank\" rel=\"noopener noreferrer\" data-mrf-link=\"https:\/\/www.iprofesional.com\/actualidad\/430391-cuanto-sale-una-boveda-en-el-cementerio-de-la-recoleta-hay-una-en-venta-y-es-viral\">del barrio de Recoleta<\/a><\/strong>, ubicado en la intersecci\u00f3n de las calles<strong>\u00a0Juncal y Uruguay<\/strong>, en la Ciudad Aut\u00f3noma de Buenos Aires.<\/p>\n<p data-mrf-recirculation=\"Links art\u00edculo\">Luego del atentado en su contra, la expresidenta se mud\u00f3 a un departamento menos conocido en la zona de\u00a0<strong>Monserrat<\/strong>, cerca de la intersecci\u00f3n de la<strong> Avenida San Juan y la calle San Jos\u00e9.<\/strong> Ese edificio antiguo ser\u00eda el lugar de su prisi\u00f3n domiciliaria en la actualidad si se confirma su condena. Como ventaja adicional, este lugar es cerca del departamento donde reside su hija\u00a0<strong>Florencia Kirchner<\/strong>, en Constituci\u00f3n.<\/p>\n<p data-mrf-recirculation=\"Links art\u00edculo\">Cristina Kirchner tambi\u00e9n mantiene una casa en\u00a0<strong>El Calafate, Santa Cruz<\/strong>, donde tiene\u00a0<a title=\"Efecto Adolescencia: la Ciudad crea una plataforma para fortalecer el v\u00ednculo entre la familia y la escuela\" href=\"https:\/\/www.iprofesional.com\/actualidad\/426029-la-ciudad-crea-una-plataforma-para-fortalecer-el-vinculo-entre-la-familia-y-la-escuela\" target=\"_blank\" rel=\"noopener noreferrer\" data-mrf-link=\"https:\/\/www.iprofesional.com\/actualidad\/426029-la-ciudad-crea-una-plataforma-para-fortalecer-el-vinculo-entre-la-familia-y-la-escuela\">v\u00ednculos familiares<\/a>\u00a0y pol\u00edticos, hist\u00f3ricos. Tambi\u00e9n tiene un domicilio en R\u00edo Gallegos. Y, si bien Cristina alterna su residencia entre ambos lugares, su actividad pol\u00edtica reciente estuvo m\u00e1s centrada en la Ciudad de Buenos Aires, con participaciones en reuniones en la sede del PJ y el<strong>\u00a0Instituto Patria.<\/strong><\/p>\n<p data-mrf-recirculation=\"Links art\u00edculo\">En caso de ser detenida, la expresidenta podr\u00eda pasar un tiempo por la<strong>\u00a0Alcaid\u00eda de Mujeres en Cavia y Figueroa Alcorta.<\/strong>\u00a0Ser\u00eda un espacio transitorio para detenidas por causas federales, aunque es menos probable y ser\u00eda temporal hasta definir un domicilio definitivo.<\/p>\n<p data-mrf-recirculation=\"Links art\u00edculo\"><span style=\"font-size: 8pt;\"><strong>FUENTE:https:\/\/www.iprofesional.com\/negocios\/430449-desde-medias-hasta-tazas-el-merchandising-de-cristina-kirchner-presa-en-mercado-libre<\/strong><\/span><\/p>\n<\/div>\n","protected":false},"excerpt":{"rendered":"<p>De medias, soquetes y mu\u00f1equitos hasta tasas de cer\u00e1mica.\u00a0La Corte Suprema ratific\u00f3 la condena a Cristina Kirchner por Vialidad. Mientras la pol\u00e9mica crece, Mercado Libre vende merchandising con su imagen presa. La Corte Suprema\u00a0ratific\u00f3 la condena contra la expresidenta\u00a0Cristina Kirchner\u00a0por la\u00a0Causa Vialidad.\u00a0Este martes por la tarde se dio a conocer el fallo por unanimidad del &hellip;<\/p>\n","protected":false},"author":2,"featured_media":9015,"comment_status":"open","ping_status":"open","sticky":false,"template":"","format":"standard","meta":{"footnotes":""},"categories":[54,33],"tags":[122,2083,2082],"class_list":["post-9014","post","type-post","status-publish","format-standard","has-post-thumbnail","hentry","category-interes-ganeral","category-nacionales","tag-cristina","tag-pj-mercado-libre","tag-presa"],"_links":{"self":[{"href":"https:\/\/cafeprensa.com.ar\/index.php\/wp-json\/wp\/v2\/posts\/9014","targetHints":{"allow":["GET"]}}],"collection":[{"href":"https:\/\/cafeprensa.com.ar\/index.php\/wp-json\/wp\/v2\/posts"}],"about":[{"href":"https:\/\/cafeprensa.com.ar\/index.php\/wp-json\/wp\/v2\/types\/post"}],"author":[{"embeddable":true,"href":"https:\/\/cafeprensa.com.ar\/index.php\/wp-json\/wp\/v2\/users\/2"}],"replies":[{"embeddable":true,"href":"https:\/\/cafeprensa.com.ar\/index.php\/wp-json\/wp\/v2\/comments?post=9014"}],"version-history":[{"count":4,"href":"https:\/\/cafeprensa.com.ar\/index.php\/wp-json\/wp\/v2\/posts\/9014\/revisions"}],"predecessor-version":[{"id":9019,"href":"https:\/\/cafeprensa.com.ar\/index.php\/wp-json\/wp\/v2\/posts\/9014\/revisions\/9019"}],"wp:featuredmedia":[{"embeddable":true,"href":"https:\/\/cafeprensa.com.ar\/index.php\/wp-json\/wp\/v2\/media\/9015"}],"wp:attachment":[{"href":"https:\/\/cafeprensa.com.ar\/index.php\/wp-json\/wp\/v2\/media?parent=9014"}],"wp:term":[{"taxonomy":"category","embeddable":true,"href":"https:\/\/cafeprensa.com.ar\/index.php\/wp-json\/wp\/v2\/categories?post=9014"},{"taxonomy":"post_tag","embeddable":true,"href":"https:\/\/cafeprensa.com.ar\/index.php\/wp-json\/wp\/v2\/tags?post=9014"}],"curies":[{"name":"wp","href":"https:\/\/api.w.org\/{rel}","templated":true}]}}