{"id":9020,"date":"2025-06-13T15:13:54","date_gmt":"2025-06-13T13:13:54","guid":{"rendered":"https:\/\/cafeprensa.com.ar\/?p=9020"},"modified":"2025-06-13T15:13:54","modified_gmt":"2025-06-13T13:13:54","slug":"santa-ana-lanza-un-nuevo-asistente-virtual-para-mejorar-la-atencion-a-los-vecinos","status":"publish","type":"post","link":"https:\/\/cafeprensa.com.ar\/index.php\/2025\/06\/13\/santa-ana-lanza-un-nuevo-asistente-virtual-para-mejorar-la-atencion-a-los-vecinos\/","title":{"rendered":"Santa Ana lanza un nuevo asistente virtual para mejorar la atenci\u00f3n a los vecinos"},"content":{"rendered":"<section class=\"principal\">\n<div class=\"fullpost__encabezado orden1\">\n<p class=\"fullpost__copete\">La comuna tendr\u00e1 una herramienta digital basada en inteligencia artificial para facilitar tr\u00e1mites, reclamos y gestiones. Buscan optimizar tiempos, mejorar respuestas y acercar la tecnolog\u00eda a toda la comunidad.<\/p>\n<\/div>\n<\/section>\n<section class=\"extra1\">\n<div class=\"fullpost__main orden2  left\">\n<div class=\"fullpost__cuerpo\">\n<p><strong>La comuna de Santa Ana dio un paso importante en la incorporaci\u00f3n de nuevas tecnolog\u00edas al servicio de la comunidad con la presentaci\u00f3n de un asistente virtual que funcionar\u00e1 como una herramienta de atenci\u00f3n digital.<\/strong> El objetivo principal es mejorar la eficiencia en la respuesta a los vecinos, acortar tiempos de gesti\u00f3n y ofrecer una v\u00eda accesible para consultas, tr\u00e1mites y reclamos cotidianos.<\/p>\n<p><strong>El comisionado comunal, Hern\u00e1n Romano,<\/strong> destac\u00f3 que este tipo de iniciativas apuntan a optimizar el trabajo diario de las \u00e1reas comunales y responder de manera m\u00e1s \u00e1gil a las demandas de la poblaci\u00f3n.<strong> \u00abEl tiempo de los vecinos es muy importante y esta herramienta busca justamente cuidar eso\u00bb<\/strong>, expres\u00f3. Adem\u00e1s, remarc\u00f3 que el desarrollo forma parte de un proceso m\u00e1s amplio de modernizaci\u00f3n institucional.<\/p>\n<p>Uno de los ejes de esta propuesta es la inclusi\u00f3n digital. Romano valor\u00f3 que cada vez m\u00e1s personas mayores se animan a usar herramientas tecnol\u00f3gicas en su d\u00eda a d\u00eda. <strong>\u201cHoy vemos cosas que antes no pasaban, como personas de 60, 70 u 80 a\u00f1os manipulando su tel\u00e9fono, cosa que hace 10 a\u00f1os no nos imagin\u00e1bamos que iba a ser parte de la vida cotidiana\u201d,<\/strong> se\u00f1al\u00f3.<\/p>\n<p>En esa misma l\u00ednea, el comisionado expres\u00f3 su expectativa sobre la implementaci\u00f3n del asistente virtual: <strong>\u201cCreemos que hoy nos va a costar un poquito menos que esta herramienta pueda ser usada por nuestra comunidad y tambi\u00e9n, obviamente, valorada, porque realmente hay mucho esfuerzo de muchas personas trabajando para que estas herramientas sean parte de nuestra querida comunidad\u201d.<\/strong><\/p>\n<p>Por otro lado, Romano tambi\u00e9n hizo referencia a la reciente apertura de inscripciones para la tecnicatura en desarrollo de software, como parte del impulso a nuevas alternativas formativas vinculadas a la tecnolog\u00eda.<strong> \u201cEso habla de la valoraci\u00f3n que tiene y la necesidad que hab\u00eda de este tipo de alternativas para la comunidad\u201d,<\/strong> afirm\u00f3, y agreg\u00f3 que hay<strong> \u201ctodo un equipo trabajando para poder, precisamente, lo antes posible poner en marcha\u201d<\/strong> esta propuesta educativa<\/p>\n<\/div>\n<\/div>\n<\/section>\n","protected":false},"excerpt":{"rendered":"<p>La comuna tendr\u00e1 una herramienta digital basada en inteligencia artificial para facilitar tr\u00e1mites, reclamos y gestiones. Buscan optimizar tiempos, mejorar respuestas y acercar la tecnolog\u00eda a toda la comunidad. La comuna de Santa Ana dio un paso importante en la incorporaci\u00f3n de nuevas tecnolog\u00edas al servicio de la comunidad con la presentaci\u00f3n de un asistente &hellip;<\/p>\n","protected":false},"author":2,"featured_media":9021,"comment_status":"open","ping_status":"open","sticky":false,"template":"","format":"standard","meta":{"footnotes":""},"categories":[54,34],"tags":[2084,160],"class_list":["post-9020","post","type-post","status-publish","format-standard","has-post-thumbnail","hentry","category-interes-ganeral","category-locales","tag-santa-ana","tag-tucuman"],"_links":{"self":[{"href":"https:\/\/cafeprensa.com.ar\/index.php\/wp-json\/wp\/v2\/posts\/9020","targetHints":{"allow":["GET"]}}],"collection":[{"href":"https:\/\/cafeprensa.com.ar\/index.php\/wp-json\/wp\/v2\/posts"}],"about":[{"href":"https:\/\/cafeprensa.com.ar\/index.php\/wp-json\/wp\/v2\/types\/post"}],"author":[{"embeddable":true,"href":"https:\/\/cafeprensa.com.ar\/index.php\/wp-json\/wp\/v2\/users\/2"}],"replies":[{"embeddable":true,"href":"https:\/\/cafeprensa.com.ar\/index.php\/wp-json\/wp\/v2\/comments?post=9020"}],"version-history":[{"count":1,"href":"https:\/\/cafeprensa.com.ar\/index.php\/wp-json\/wp\/v2\/posts\/9020\/revisions"}],"predecessor-version":[{"id":9022,"href":"https:\/\/cafeprensa.com.ar\/index.php\/wp-json\/wp\/v2\/posts\/9020\/revisions\/9022"}],"wp:featuredmedia":[{"embeddable":true,"href":"https:\/\/cafeprensa.com.ar\/index.php\/wp-json\/wp\/v2\/media\/9021"}],"wp:attachment":[{"href":"https:\/\/cafeprensa.com.ar\/index.php\/wp-json\/wp\/v2\/media?parent=9020"}],"wp:term":[{"taxonomy":"category","embeddable":true,"href":"https:\/\/cafeprensa.com.ar\/index.php\/wp-json\/wp\/v2\/categories?post=9020"},{"taxonomy":"post_tag","embeddable":true,"href":"https:\/\/cafeprensa.com.ar\/index.php\/wp-json\/wp\/v2\/tags?post=9020"}],"curies":[{"name":"wp","href":"https:\/\/api.w.org\/{rel}","templated":true}]}}