{"id":9023,"date":"2025-06-13T15:36:19","date_gmt":"2025-06-13T13:36:19","guid":{"rendered":"https:\/\/cafeprensa.com.ar\/?p=9023"},"modified":"2025-06-13T15:36:19","modified_gmt":"2025-06-13T13:36:19","slug":"poco-interes-en-el-mundial-de-clubes","status":"publish","type":"post","link":"https:\/\/cafeprensa.com.ar\/index.php\/2025\/06\/13\/poco-interes-en-el-mundial-de-clubes\/","title":{"rendered":"Poco inter\u00e9s en el Mundial de Clubes"},"content":{"rendered":"<p class=\"page-header\">Precios de las entradas bajaron de 350 d\u00f3lares a 20.<\/p>\n<div class=\"pull-left col-md-6 fotos-containers\"><a class=\"galeria_fotos_nota\" href=\"https:\/\/www.contextotucuman.com\/\/uploads\/2025\/06\/13\/72814_messi_debutara_este_sabado_14_en_el_mundial_de_clubes_poo_interes_del_publico_2.jpg\" rel=\"prettyPhoto[pp_gal]\"><img decoding=\"async\" class=\"img-responsive\" src=\"https:\/\/www.contextotucuman.com\/\/uploads\/2025\/06\/13\/72814_messi_debutara_este_sabado_14_en_el_mundial_de_clubes_poo_interes_del_publico_2.jpg\" border=\"0\" \/><\/a><em><span style=\"font-size: 8pt;\"><strong>Messi debutar\u00e1 este s\u00e1bado 14 en el Mundial de Clubes, en medio del escaso inter\u00e9s del p\u00fablico.<\/strong><\/span><\/em><\/div>\n<div><span style=\"font-family: arial;\"><b>Este s\u00e1bado 14 de junio comienza oficialmente el Mundial de Clubes y la expectativa es muy grande por lo que pueda llegar a ser la competencia. Aunque, se present\u00f3 un inesperado problema que la FIFA trabaja a contrarreloj para solucionarlo.<\/b><\/span><b><\/b><\/div>\n<div><span style=\"font-family: arial;\"><b>Hay muy poco inter\u00e9s en Estados Unidos por este torneo.<\/b><\/span><b><\/b><\/div>\n<div><span style=\"font-family: arial;\"><b>Se nota una gran frialdad de los aficionados locales.<\/b><\/span><\/div>\n<div><span style=\"font-family: arial;\"><b><u>Cu\u00e1l es el problema que tuvieron el Mundial de Clubes y la FIFA<\/u><\/b><br \/>\n<\/span><\/div>\n<div><span style=\"font-family: arial;\">El partido inaugural del Mundial de Clubes lo van a jugar Inter Miami y Al Ahly el s\u00e1bado 14 de junio a las 21:00 hora de Argentina en el Hard Rock Stadium de Miami.<\/span><\/div>\n<div><span style=\"font-family: arial;\"><strong>El equipo de Lionel Messi se mide ante hist\u00f3rico conjunto egipcio pero hubo una problem\u00e1tica que tiene en vilo a los fan\u00e1ticos<\/strong>. <\/span><span style=\"font-family: arial;\">Los hinchas no lograron agotar todas las localidades para el primer partido y, desde la FIFA, temen por la poca presencia de fan\u00e1ticos en el encuentro. Es por eso que la organizaci\u00f3n inici\u00f3 una desesperada maniobra para conseguir que muchos tengan su boleto.<br \/>\n<\/span><\/div>\n<div><img loading=\"lazy\" decoding=\"async\" class=\"alignnone wp-image-9024 size-large\" src=\"https:\/\/cafeprensa.com.ar\/wp-content\/uploads\/2025\/06\/c63888a0-4610-4cb7-ae5d-f0657d275351-1024x683.jpeg\" alt=\"\" width=\"1024\" height=\"683\" srcset=\"https:\/\/cafeprensa.com.ar\/wp-content\/uploads\/2025\/06\/c63888a0-4610-4cb7-ae5d-f0657d275351-1024x683.jpeg 1024w, https:\/\/cafeprensa.com.ar\/wp-content\/uploads\/2025\/06\/c63888a0-4610-4cb7-ae5d-f0657d275351-300x200.jpeg 300w, https:\/\/cafeprensa.com.ar\/wp-content\/uploads\/2025\/06\/c63888a0-4610-4cb7-ae5d-f0657d275351-768x512.jpeg 768w, https:\/\/cafeprensa.com.ar\/wp-content\/uploads\/2025\/06\/c63888a0-4610-4cb7-ae5d-f0657d275351.jpeg 1200w\" sizes=\"auto, (max-width: 1024px) 100vw, 1024px\" \/><\/div>\n<div><span style=\"font-family: arial;\"><b>El medio The Athletic cont\u00f3 que la FIFA hizo un descuento en las entradas.\u00a0<\/b><\/span><b><\/b><\/div>\n<div><span style=\"font-family: arial;\"><b>En primer lugar, estaban 350 d\u00f3lares, despu\u00e9s bajaron a 200 y a 55.\u00a0<\/b><\/span><b><\/b><\/div>\n<div><span style=\"font-family: arial;\"><b>Ahora mismo, hay una promoci\u00f3n exclusiva en la que se pueden conseguir a 20 d\u00f3lares con regalos y m\u00e1s tickets.<\/b><\/span><span style=\"font-family: arial;\">Afirmaron que est\u00e1n vendiendo entradas a estudiantes de las universidades cercanas como un plan de fin de semana para llenar el estadio. En esta promoci\u00f3n, que lleg\u00f3 a los alumnos del Miami Dade College por correo electr\u00f3nico, tambi\u00e9n se ofrecen boletos de cortes\u00eda para aumentar la concurrencia.<br \/>\n<b><u>Cu\u00e1nto sale la pelota oficial del Mundial de Clubes y c\u00f3mo funciona su innovadora tecnolog\u00eda<\/u><\/b><br \/>\n<\/span><\/div>\n<div><span style=\"font-family: arial;\">Adidas lanz\u00f3 la pelota oficial del Mundial de Clubes 2025 con cuatro colores e inspirada en Estados Unidos, el pa\u00eds que organiza dicha competencia.\u00a0<\/span><\/div>\n<div><span style=\"font-family: arial;\">La marca alemana especific\u00f3 que es el bal\u00f3n oficial con el que se van a disputar todos los partidos del certamen. <strong>Se puede comprar en la p\u00e1gina oficial por $219.999.<\/strong><\/span><\/div>\n<div><img loading=\"lazy\" decoding=\"async\" class=\"alignnone wp-image-9026 size-full\" src=\"https:\/\/cafeprensa.com.ar\/wp-content\/uploads\/2025\/06\/sorteo-mundial-clubes-2025-800x533-1.jpg\" alt=\"\" width=\"800\" height=\"533\" srcset=\"https:\/\/cafeprensa.com.ar\/wp-content\/uploads\/2025\/06\/sorteo-mundial-clubes-2025-800x533-1.jpg 800w, https:\/\/cafeprensa.com.ar\/wp-content\/uploads\/2025\/06\/sorteo-mundial-clubes-2025-800x533-1-300x200.jpg 300w, https:\/\/cafeprensa.com.ar\/wp-content\/uploads\/2025\/06\/sorteo-mundial-clubes-2025-800x533-1-768x512.jpg 768w\" sizes=\"auto, (max-width: 800px) 100vw, 800px\" \/><\/div>\n<div><span style=\"font-family: arial;\">\u201cEsta llamativa pelota Adidas Pro le rinde homenaje al anfitri\u00f3n de la competencia con un dise\u00f1o inspirado en las banderas y envuelto en las estrellas y rayas.\u00a0<\/span><\/div>\n<div><span style=\"font-family: arial;\"><strong>La pelota oficial para partidos del torneo, tiene una estructura sin costuras y una c\u00e1mara de butilo de alta calidad para un juego predecible\u201d, explicaron desde la p\u00e1gina oficial de Adidas.<\/strong>\u00a0\u00a0<a href=\"https:\/\/la100.cienradios.com\/deportes\/mundial-de-clubes-la-impensada-maniobra-de-la-fifa-que-puso-en-riesgo-el-partido-inaugural-del-inter-miami-de-lionel-messi\/\">\/La 100\u00a0 \u00a0 \u00a0<\/a><\/span><\/div>\n","protected":false},"excerpt":{"rendered":"<p>Precios de las entradas bajaron de 350 d\u00f3lares a 20. Messi debutar\u00e1 este s\u00e1bado 14 en el Mundial de Clubes, en medio del escaso inter\u00e9s del p\u00fablico. Este s\u00e1bado 14 de junio comienza oficialmente el Mundial de Clubes y la expectativa es muy grande por lo que pueda llegar a ser la competencia. Aunque, se &hellip;<\/p>\n","protected":false},"author":2,"featured_media":9025,"comment_status":"open","ping_status":"open","sticky":false,"template":"","format":"standard","meta":{"footnotes":""},"categories":[29,294],"tags":[2085],"class_list":["post-9023","post","type-post","status-publish","format-standard","has-post-thumbnail","hentry","category-deportes","category-futbol","tag-mundial-de-clubes"],"_links":{"self":[{"href":"https:\/\/cafeprensa.com.ar\/index.php\/wp-json\/wp\/v2\/posts\/9023","targetHints":{"allow":["GET"]}}],"collection":[{"href":"https:\/\/cafeprensa.com.ar\/index.php\/wp-json\/wp\/v2\/posts"}],"about":[{"href":"https:\/\/cafeprensa.com.ar\/index.php\/wp-json\/wp\/v2\/types\/post"}],"author":[{"embeddable":true,"href":"https:\/\/cafeprensa.com.ar\/index.php\/wp-json\/wp\/v2\/users\/2"}],"replies":[{"embeddable":true,"href":"https:\/\/cafeprensa.com.ar\/index.php\/wp-json\/wp\/v2\/comments?post=9023"}],"version-history":[{"count":1,"href":"https:\/\/cafeprensa.com.ar\/index.php\/wp-json\/wp\/v2\/posts\/9023\/revisions"}],"predecessor-version":[{"id":9027,"href":"https:\/\/cafeprensa.com.ar\/index.php\/wp-json\/wp\/v2\/posts\/9023\/revisions\/9027"}],"wp:featuredmedia":[{"embeddable":true,"href":"https:\/\/cafeprensa.com.ar\/index.php\/wp-json\/wp\/v2\/media\/9025"}],"wp:attachment":[{"href":"https:\/\/cafeprensa.com.ar\/index.php\/wp-json\/wp\/v2\/media?parent=9023"}],"wp:term":[{"taxonomy":"category","embeddable":true,"href":"https:\/\/cafeprensa.com.ar\/index.php\/wp-json\/wp\/v2\/categories?post=9023"},{"taxonomy":"post_tag","embeddable":true,"href":"https:\/\/cafeprensa.com.ar\/index.php\/wp-json\/wp\/v2\/tags?post=9023"}],"curies":[{"name":"wp","href":"https:\/\/api.w.org\/{rel}","templated":true}]}}