{"id":9057,"date":"2025-06-17T14:36:53","date_gmt":"2025-06-17T12:36:53","guid":{"rendered":"https:\/\/cafeprensa.com.ar\/?p=9057"},"modified":"2025-06-17T14:36:53","modified_gmt":"2025-06-17T12:36:53","slug":"la-chilindrina-ventilo-con-que-integrantes-del-chavo-del-8-estuvo-florinda-meza","status":"publish","type":"post","link":"https:\/\/cafeprensa.com.ar\/index.php\/2025\/06\/17\/la-chilindrina-ventilo-con-que-integrantes-del-chavo-del-8-estuvo-florinda-meza\/","title":{"rendered":"La Chilindrina ventil\u00f3 con qu\u00e9 integrantes del \u201cChavo del 8\u201d estuvo Florinda Meza"},"content":{"rendered":"<div class=\"pull-left col-md-6 fotos-containers\">\n<div class=\"container-fluid noPadding galeria_fotos_nota\">\n<div class=\"\"><strong>La Chilindrina nunca neg\u00f3 su admiraci\u00f3n por Roberto G\u00f3mez Bola\u00f1os, aunque siempre le recrimin\u00f3 que haya dejado a su esposa -con quien tuvo cinco hijos- por Florinda Meza. <\/strong><\/div>\n<div class=\"\"><strong>Ese romance no fue el \u00fanico que la actriz mantuvo en el set de El Chavo del 8, y fue la mism\u00edsima Mar\u00eda Antonieta de las Nieves la que sac\u00f3 todo a la luz. Uno de los nombres gener\u00f3 un gran shock entre los fan\u00e1ticos.<\/strong><\/div>\n<div><\/div>\n<\/div>\n<\/div>\n<p>En 2014, la artista dio una entrevista para el programa peruano <strong>Magaly en el que solt\u00f3 la lengua y hundi\u00f3 a su compa\u00f1era de elenco, que en los \u00faltimos d\u00edas qued\u00f3 muy mal parada tras el estreno de la serie Chespirito: sin querer queriendo, donde muestran c\u00f3mo sedujo al recordado comediante.<\/strong><\/p>\n<p>Mar\u00eda reconoci\u00f3 haber sentido mucha angustia por todo lo que sufri\u00f3 Graciela Fern\u00e1ndez, la primera esposa del productor: <strong>\u201cMe doli\u00f3 que la lastimaran. Ella no se lo merec\u00eda. Era una mujer maravillosa, \u00edntegra, supercat\u00f3lica, amante de su marido, de sus hijos. Mujer como ella hab\u00eda pocas. \u00bfSi Meza se meti\u00f3 en ese matrimonio? S\u00ed, as\u00ed fue\u201d.<\/strong><\/p>\n<p><iframe loading=\"lazy\" title=\"YouTube video player\" src=\"https:\/\/www.youtube.com\/embed\/QVRe3x_2Cl4?si=Jt6m8AZ3OV0K22ll\" width=\"560\" height=\"315\" frameborder=\"0\" allowfullscreen=\"allowfullscreen\" data-mce-fragment=\"1\"><\/iframe><\/p>\n<p><u><strong>Los amor\u00edos de Florinda Meza en la bonita vecindad<\/strong><\/u><\/p>\n<p>A pesar de la indignaci\u00f3n, la artista no pudo negar que Meza fue muy atenta y dedicada con Chespirito, a quien cuid\u00f3 hasta el \u00faltimo suspiro: \u201cNo conozco a una esposa que se haya entregado tanto a un hombre como Florinda Meza con Roberto. Le hac\u00eda su comidita, lo atend\u00eda muy bien. Todo hubiera estado bien, de no ser porque exist\u00eda una esposa y seis hijos\u201d.<\/p>\n<p><strong><img decoding=\"async\" class=\"img-responsive\" src=\"https:\/\/tn.com.ar\/resizer\/v2\/florinda-meza-se-enamoro-de-chespirito-y-fue-correspondida-foto-gentileza-televisa-VC5CSRFVS5ZHJHJNDLMGASBZHI.jpg?auth=6a55b67f72b01991bf7ed15a2b90e97b0544d2a1d65b23161710d48177c5e91b&amp;width=1440\" width=\"500\" \/><\/strong><\/p>\n<p><strong>Florinda Meza se enamor\u00f3 de Chespirito y fue correspondida.<\/strong><\/p>\n<p>Tras esta declaraci\u00f3n apareci\u00f3 el segundo hombre del listado: Carlos Villagr\u00e1n. Seg\u00fan Antonieta, \u00e9l tambi\u00e9n estaba casado cuando surgi\u00f3 el affaire. <strong>\u201c\u00c9l era muy enamoradizo. Yo le conoc\u00ed tres o cuatro novias m\u00e1s a \u00e9l\u201d,<\/strong> lanz\u00f3, y aclar\u00f3 que jam\u00e1s lo vio discutir con Bola\u00f1os por ella.<\/p>\n<p>En varios reportajes, Quico dio una escandalosa versi\u00f3n de este romance fugaz, pero apasionado. <strong>\u201cUn d\u00eda ella ten\u00eda el \u2018carro\u2019 en el taller, se le hab\u00eda averiado y yo me ofrec\u00ed a llevarla. Despu\u00e9s me invit\u00f3 a su casa, me invit\u00f3 a jugar unos juegos y bueno, ya saben. Anduvimos muy poquito tiempo, una cosa muy leve\u00bb,<\/strong> se le escuch\u00f3 decir en Intratables (Am\u00e9rica), y revel\u00f3 que tuvo que pedirle ayuda a Roberto para \u201csac\u00e1rsela de encima\u201d.<\/p>\n<p><strong><img decoding=\"async\" class=\"img-responsive\" src=\"https:\/\/tn.com.ar\/resizer\/v2\/florinda-meza-y-carlos-villagran-romance-fugaz-y-pedido-de-ayuda-a-chespirito-foto-televisa-SEHVF7LZ6OYVBGPDZJC7DGD53E.jpg?auth=5b44835c0a42a983ad60964b9edc8dc9a95dad66fbff8ac7c49b5bd71854c698&amp;width=1440\" width=\"500\" \/><\/strong><\/p>\n<p><strong>Florinda Meza y Carlos Villagr\u00e1n: romance fugaz y pedido de ayuda a Chespirito<\/strong><\/p>\n<p>El tercer integrante de la bonita vecindad que tampoco se habr\u00eda resistido a los encantos de Florinda fue Enrique Segoviano, el popular director de El Chavo del 8 a quien solo se conoci\u00f3 el nombre en los cr\u00e9ditos del ciclo. <strong>\u201cPero \u00e9l no era casado, as\u00ed que con \u00e9l s\u00ed podr\u00eda haber andado y hasta se podr\u00eda haber casado\u201d<\/strong>, confirm\u00f3 Mar\u00eda Antonieta de las Nieves hace 10 a\u00f1os dejando en shock a todos los fan\u00e1ticos del programa. Sus declaraciones volvieron a reflotarse tras el estreno del segundo cap\u00edtulo de la serie de Max, donde el viaje a Acapulco comienza a destapar la infidelidad m\u00e1s comentada en los pasillos de Televisa.<\/p>\n<p><strong><img decoding=\"async\" class=\"img-responsive\" src=\"https:\/\/tn.com.ar\/resizer\/v2\/el-chavo-del-8-fue-dirigido-por-enrique-segoviano-que-tambien-tuvo-un-affaire-con-florinda-meza-segun-maria-antonieta-de-las-nieves-foto-facebook-el-chavo-del-8-oficial-G6GXIZE7NRAZFPUM6A3FQN2ZPY.JPG?auth=885b67074cf6078b2cf23c9ac73b7f55766160a4f6207a06eee9250503ae271e&amp;width=1440\" width=\"500\" \/><\/strong><\/p>\n<p><strong>El Chavo del 8 fue dirigido por Enrique Segoviano, que tambi\u00e9n tuvo un affaire con Florinda Meza, seg\u00fan Mar\u00eda Antonieta de las Nieves.<\/strong><\/p>\n<p><i><b><img decoding=\"async\" class=\"img-responsive\" src=\"https:\/\/www.azcentral.com\/gcdn\/authoring\/authoring-images\/2025\/06\/05\/PPHX\/84054799007-florinda-meza.jpg?crop=2032,1523,x271,y0\" width=\"700\" \/>\u00a0<\/b><\/i><\/p>\n<p><i><b>Florinda Meza en la actualidad<\/b><\/i><\/p>\n","protected":false},"excerpt":{"rendered":"<p>La Chilindrina nunca neg\u00f3 su admiraci\u00f3n por Roberto G\u00f3mez Bola\u00f1os, aunque siempre le recrimin\u00f3 que haya dejado a su esposa -con quien tuvo cinco hijos- por Florinda Meza. Ese romance no fue el \u00fanico que la actriz mantuvo en el set de El Chavo del 8, y fue la mism\u00edsima Mar\u00eda Antonieta de las Nieves &hellip;<\/p>\n","protected":false},"author":2,"featured_media":9061,"comment_status":"open","ping_status":"open","sticky":false,"template":"","format":"standard","meta":{"footnotes":""},"categories":[30,35],"tags":[2088],"class_list":["post-9057","post","type-post","status-publish","format-standard","has-post-thumbnail","hentry","category-cultura-y-espectaculos","category-internacionales","tag-chavo-del-ocho"],"_links":{"self":[{"href":"https:\/\/cafeprensa.com.ar\/index.php\/wp-json\/wp\/v2\/posts\/9057","targetHints":{"allow":["GET"]}}],"collection":[{"href":"https:\/\/cafeprensa.com.ar\/index.php\/wp-json\/wp\/v2\/posts"}],"about":[{"href":"https:\/\/cafeprensa.com.ar\/index.php\/wp-json\/wp\/v2\/types\/post"}],"author":[{"embeddable":true,"href":"https:\/\/cafeprensa.com.ar\/index.php\/wp-json\/wp\/v2\/users\/2"}],"replies":[{"embeddable":true,"href":"https:\/\/cafeprensa.com.ar\/index.php\/wp-json\/wp\/v2\/comments?post=9057"}],"version-history":[{"count":1,"href":"https:\/\/cafeprensa.com.ar\/index.php\/wp-json\/wp\/v2\/posts\/9057\/revisions"}],"predecessor-version":[{"id":9062,"href":"https:\/\/cafeprensa.com.ar\/index.php\/wp-json\/wp\/v2\/posts\/9057\/revisions\/9062"}],"wp:featuredmedia":[{"embeddable":true,"href":"https:\/\/cafeprensa.com.ar\/index.php\/wp-json\/wp\/v2\/media\/9061"}],"wp:attachment":[{"href":"https:\/\/cafeprensa.com.ar\/index.php\/wp-json\/wp\/v2\/media?parent=9057"}],"wp:term":[{"taxonomy":"category","embeddable":true,"href":"https:\/\/cafeprensa.com.ar\/index.php\/wp-json\/wp\/v2\/categories?post=9057"},{"taxonomy":"post_tag","embeddable":true,"href":"https:\/\/cafeprensa.com.ar\/index.php\/wp-json\/wp\/v2\/tags?post=9057"}],"curies":[{"name":"wp","href":"https:\/\/api.w.org\/{rel}","templated":true}]}}