{"id":9074,"date":"2025-06-18T02:07:18","date_gmt":"2025-06-18T00:07:18","guid":{"rendered":"https:\/\/cafeprensa.com.ar\/?p=9074"},"modified":"2025-06-18T02:07:18","modified_gmt":"2025-06-18T00:07:18","slug":"arnedo-lanza-ambicioso-plan-ecologico-para-una-ciudad-mas-limpia-segura-y-eficiente","status":"publish","type":"post","link":"https:\/\/cafeprensa.com.ar\/index.php\/2025\/06\/18\/arnedo-lanza-ambicioso-plan-ecologico-para-una-ciudad-mas-limpia-segura-y-eficiente\/","title":{"rendered":"Arnedo lanza ambicioso plan ecol\u00f3gico para una ciudad m\u00e1s limpia, segura y eficiente"},"content":{"rendered":"<p>El concejal capitalino\u00a0<strong>Carlos Arnedo<\/strong>\u00a0reafirm\u00f3 su compromiso con el medioambiente y remarc\u00f3 la necesidad de que el Municipio intensifique la pol\u00edtica ambiental. \u201cEs innegable el avance en materia medioambiental de esta gesti\u00f3n con programas exitosos como<strong> \u2018Separ\u00e1\u2019, \u2018Eco Canje\u2019 y \u2018Educ\u00e1\u2019.<\/strong> Sin dudas se logr\u00f3 mucho en cuanto a la concientizaci\u00f3n de los vecinos sobre la importancia de la separaci\u00f3n de residuos y el cuidado del medioambiente\u201d, se\u00f1al\u00f3. <strong>\u201cNo obstante, este es solo el inicio, a\u00fan queda mucho por hacer. Hay que redoblar esfuerzos si queremos una ciudad m\u00e1s sana para las futuras generaciones\u201d,<\/strong> agreg\u00f3.<\/p>\n<div>En ese contexto, Arnedo propuso una serie de proyectos de ordenanza, a fin de generar \u201cun cambio integral en el modo en que la ciudad produce y consume en materia energ\u00e9tica\u201d, tal y como lo explic\u00f3 el edil, quien se\u00f1al\u00f3 adem\u00e1s que <strong>\u201cvarios de estos proyectos ya obtuvieron dictamen de comisi\u00f3n, por lo que conf\u00edo en que sean debatidos y sancionados pronto\u201d.<\/strong><\/p>\n<div>Una de las ordenanzas del edil que ya fue sancionada, es la implementaci\u00f3n del \u201cPrograma de Uso de Energ\u00edas Renovables de Captaci\u00f3n de Energ\u00eda Solar para la generaci\u00f3n de Energ\u00eda Fotovoltaica\u00bb, que consiste en incorporar paneles solares en los establecimientos educativos municipales con el prop\u00f3sito de <strong>\u201cproducir energ\u00eda el\u00e9ctrica, generar agua caliente y calefaccionar los ambientes en todas las escuelas municipales\u201d.\u00a0<\/strong> \u201cEn definitiva, lo que propongo a trav\u00e9s de esta ordenanza es fomentar la utilizaci\u00f3n de energ\u00eda limpia para que las escuelas y jardines municipales puedan abastecerse sin generar emisiones contaminantes al medioambiente\u201d, se\u00f1al\u00f3. Y sostuvo que \u201cesta propuesta puede hacerse extensiva a dem\u00e1s edificios y dependencias del Municipio, pero es muy importante comenzar por las escuelas para que nuestros chicos aprendan con el ejemplo la importancia de incorporar buenas pr\u00e1cticas ambientales, como lo es la utilizaci\u00f3n de energ\u00edas renovables\u201d.<\/div>\n<div><strong>\u201cEsta ordenanza contempla a futuro la instalaci\u00f3n de estos sistemas de paneles de captaci\u00f3n solar en los principales parques y espacios verdes de nuestra ciudad, y la evaluaci\u00f3n de los potenciales beneficios econ\u00f3micos, ambientales y sociales de su implementaci\u00f3n\u201d,<\/strong> agreg\u00f3.<\/p>\n<div><strong>Tr\u00e1nsito y alumbrado p\u00fablico<br \/>\n<\/strong><\/p>\n<div>Para ahorrar energ\u00eda en el sistema de alumbrado urbano, Arnedo propuso la instalaci\u00f3n de<strong> \u201cluces inteligentes\u201d, que consiste en la implementaci\u00f3n de dispositivos con luz LED con sensores incorporados que pueden detectar \u201ccu\u00e1ndo se necesita iluminaci\u00f3n y cuando no\u201d.<\/strong> Estos sensores, seg\u00fan el proyecto, deben \u201cconfigurarse para que la iluminaci\u00f3n varie en funci\u00f3n del movimiento detectado\u201d. Seg\u00fan el edil, entre los beneficios de este sistema se enumeran, adem\u00e1s del ahorro de energ\u00eda el\u00e9ctrica, el cuidado de la biodiversidad, una mayor calidad de la iluminaci\u00f3n, y un servicio m\u00e1s eficiente, entre otros.<\/p>\n<div>En esa l\u00ednea, Arnedo es autor de un proyecto que propone la puesta en marcha de un \u201cPrograma Sustentable de Sem\u00e1foros Solares\u201d, que como el nombre lo indica, consiste en la incorporaci\u00f3n de complejos semaforizados alimentados con energ\u00eda solar. <strong>\u201cAdem\u00e1s de contribuir a la reducci\u00f3n de las emisiones contaminantes, estos sem\u00e1foros ser\u00edan un gran avance en materia de seguridad vial, ya que seguir\u00edan operativos en caso de apagones\u201d<\/strong>, precis\u00f3 el concejal.<\/p>\n<div>Asimismo, Arnedo propuso la instalaci\u00f3n e implementaci\u00f3n de estaciones de carga para veh\u00edculos el\u00e9ctricos en hipermercados, centros comerciales, grandes hoteles, entre otros, as\u00ed como el dise\u00f1o de un registro y un mapa de las Estaciones de Servicio equipados con estos puntos de carga.<strong> \u201cEl Municipio debe celebrar los convenios necesarios con las instituciones, organizaciones privadas y asociaciones que correspondan a fin de incentivar la implementaci\u00f3n de este programa\u201d,<\/strong> argument\u00f3.<\/p>\n<div><strong>Plazas y parques sustentables<br \/>\n<\/strong><\/p>\n<div>Los espacios verdes de la ciudad son otro importante eje entre los proyectos de ordenanza en materia ambiental del edil.<strong> \u201cEstos espacios son lugares de encuentro, de esparcimiento y de recreaci\u00f3n que ocupan rol fundamental en el desarrollo de una ciudad sustentable\u201d, se\u00f1al\u00f3. \u201cPor ello propongo la implementaci\u00f3n del programa \u2018Plazas y Parques Sustentables\u2019, a fin de equipar estos espacios con sistemas de recolecci\u00f3n de aguas pluviales, de puntos de recolecci\u00f3n diferenciada de residuos y de mobiliario urbano sustentable, as\u00ed como la plantaci\u00f3n de vegetaci\u00f3n nativa y la utilizaci\u00f3n de energ\u00edas limpias y renovables\u201d,<\/strong> argument\u00f3.<\/p>\n<div>Por \u00faltimo, Arnedo plante\u00f3 la necesidad de que el Municipio adhiera a la Ley Provincial N\u00b0 9.809, que establece el <strong>\u00abPrograma Domiciliario de Medicamentos Vencidos\u00bb, el cual tiene por objeto garantizar la adecuada disposici\u00f3n final de los productos farmac\u00e9uticos caducos o vencidos, existentes en los domicilios de los particulares. \u201cEs muy importante concientizar a la poblaci\u00f3n sobre la correcta disposici\u00f3n de medicamentos ya que son productos qu\u00edmicos potencialmente peligrosos para el medioambiente, especialmente cuando comienzan su proceso de descomposici\u00f3n\u201d<\/strong>, remarc\u00f3.<\/p>\n<div>Finalmente, el edil resalt\u00f3 que \u201ca medida que las nuevas tecnolog\u00edas evolucionan, nuestras pr\u00e1cticas y h\u00e1bitos de consumo deben ajustarse a los nuevos paradigmas. Hoy se habla de ciudades inteligentes, y una ciudad inteligente es aquella que logra incorporar los avances tecnol\u00f3gicos, sin necesidad de enfermar el ecosistema para crecer\u201d. <strong>\u201cLas circunstancias nos exigen actuar de inmediato si queremos que nuestros hijos y nietos crezcan en un entorno sano y libre de contaminaci\u00f3n\u201d,<\/strong> concluy\u00f3.<\/div>\n<\/div>\n<\/div>\n<\/div>\n<\/div>\n<\/div>\n<\/div>\n<\/div>\n<\/div>\n<\/div>\n","protected":false},"excerpt":{"rendered":"<p>El concejal capitalino\u00a0Carlos Arnedo\u00a0reafirm\u00f3 su compromiso con el medioambiente y remarc\u00f3 la necesidad de que el Municipio intensifique la pol\u00edtica ambiental. \u201cEs innegable el avance en materia medioambiental de esta gesti\u00f3n con programas exitosos como \u2018Separ\u00e1\u2019, \u2018Eco Canje\u2019 y \u2018Educ\u00e1\u2019. Sin dudas se logr\u00f3 mucho en cuanto a la concientizaci\u00f3n de los vecinos sobre la &hellip;<\/p>\n","protected":false},"author":2,"featured_media":9075,"comment_status":"open","ping_status":"open","sticky":false,"template":"","format":"standard","meta":{"footnotes":""},"categories":[1707,34],"tags":[366],"class_list":["post-9074","post","type-post","status-publish","format-standard","has-post-thumbnail","hentry","category-concejales-de-tucuman","category-locales","tag-carlos-arnedo"],"_links":{"self":[{"href":"https:\/\/cafeprensa.com.ar\/index.php\/wp-json\/wp\/v2\/posts\/9074","targetHints":{"allow":["GET"]}}],"collection":[{"href":"https:\/\/cafeprensa.com.ar\/index.php\/wp-json\/wp\/v2\/posts"}],"about":[{"href":"https:\/\/cafeprensa.com.ar\/index.php\/wp-json\/wp\/v2\/types\/post"}],"author":[{"embeddable":true,"href":"https:\/\/cafeprensa.com.ar\/index.php\/wp-json\/wp\/v2\/users\/2"}],"replies":[{"embeddable":true,"href":"https:\/\/cafeprensa.com.ar\/index.php\/wp-json\/wp\/v2\/comments?post=9074"}],"version-history":[{"count":1,"href":"https:\/\/cafeprensa.com.ar\/index.php\/wp-json\/wp\/v2\/posts\/9074\/revisions"}],"predecessor-version":[{"id":9076,"href":"https:\/\/cafeprensa.com.ar\/index.php\/wp-json\/wp\/v2\/posts\/9074\/revisions\/9076"}],"wp:featuredmedia":[{"embeddable":true,"href":"https:\/\/cafeprensa.com.ar\/index.php\/wp-json\/wp\/v2\/media\/9075"}],"wp:attachment":[{"href":"https:\/\/cafeprensa.com.ar\/index.php\/wp-json\/wp\/v2\/media?parent=9074"}],"wp:term":[{"taxonomy":"category","embeddable":true,"href":"https:\/\/cafeprensa.com.ar\/index.php\/wp-json\/wp\/v2\/categories?post=9074"},{"taxonomy":"post_tag","embeddable":true,"href":"https:\/\/cafeprensa.com.ar\/index.php\/wp-json\/wp\/v2\/tags?post=9074"}],"curies":[{"name":"wp","href":"https:\/\/api.w.org\/{rel}","templated":true}]}}