{"id":9221,"date":"2025-06-23T14:11:39","date_gmt":"2025-06-23T12:11:39","guid":{"rendered":"https:\/\/cafeprensa.com.ar\/?p=9221"},"modified":"2025-06-23T14:11:39","modified_gmt":"2025-06-23T12:11:39","slug":"cristina-se-sube-al-ring-y-vengativa-desafia-a-kicillof","status":"publish","type":"post","link":"https:\/\/cafeprensa.com.ar\/index.php\/2025\/06\/23\/cristina-se-sube-al-ring-y-vengativa-desafia-a-kicillof\/","title":{"rendered":"Cristina se sube al ring y, vengativa, desaf\u00eda a Kicillof"},"content":{"rendered":"<div class=\"post-content\">\n<p>La interna peronista estalla en Buenos Aires: tras su condena, Cristina Kirchner mueve fichas y deja fuera del armado electoral a Axel Kicillof, que busca emanciparse con su propio espacio. <strong>El acuerdo entre M\u00e1ximo Kirchner y Sergio Massa, bajo el ala de la expresidenta, profundiza la fractura.<\/strong><\/p>\n<\/div>\n<div class=\"contenido-post\">\n<p>La condena judicial activ\u00f3 a la alica\u00edda expresidenta\u00a0<strong>Cristina Fern\u00e1ndez de Kirchner<\/strong>\u00a0y su primer movimiento pol\u00edtico es cobrar venganza del gobernador bonaerense\u00a0<strong>Axel Kicillof<\/strong>, quien busca emanciparse del kirchnerismo con la creaci\u00f3n del Movimiento Derecho al Futuro y la amenaza de ir a las elecciones por afuera del PJ tradicional.<\/p>\n<p>Cansados de los movimientos solitarios del gobernador, el titular del PJ bonaerense e hijo de la expresidenta,\u00a0<strong>M\u00e1ximo Kirchner<\/strong>, y el l\u00edder del Frente Renovador,\u00a0<strong>Sergio Massa<\/strong>, acordaron la designaci\u00f3n de apoderados de ambos partidos para confeccionar el nombre de la alianza y las listas para el 7 de septiembre y el 26 de octubre.<\/p>\n<p><strong>El acuerdo para las elecciones provinciales y las legislativas deja afuera a los representantes de Kicillof, por considerar que el MDF es una agrupaci\u00f3n pol\u00edtica, como el Movimiento Evita o La C\u00e1mpora.<\/strong><\/p>\n<p>La decisi\u00f3n de<strong> Cristina, M\u00e1ximo y Massa es una declaraci\u00f3n de guerra para Kicillof,<\/strong> quien hab\u00eda acordado con la expresidenta, d\u00edas antes de su condena, una comisi\u00f3n de representantes de ambos sectores para negociar el paquete electoral de cara a ambos comicios.<\/p>\n<p>Incluso ya hab\u00eda charlas informales entre representantes acordados de palabra del kicillofismo con La C\u00e1mpora, pero del sector dialoguista de esa agrupaci\u00f3n, en donde <strong>M\u00e1ximo Kirchner<\/strong> expresa las ant\u00edpodas, es decir, el rechazo a un entendimiento.<\/p>\n<p><strong>Desde la mesa chica de Kicillof deslizaron que el acuerdo M\u00e1ximo-Massa, es \u201cl\u00f3gico\u201d,<\/strong> pretendiendo relativizarlo, porque \u201cson los mismos espacios\u201d y dijeron que el siguiente movimiento es hablar con \u201cel otro espacio\u201d nuevo, el MDF.<\/p>\n<p><strong>\u201cHace dos a\u00f1os \u00e9ramos el mismo espacio. Ahora no\u201d,<\/strong> graficaron cerca de Kicillof.<\/p>\n<p><strong>Lo cierto es que el acuerdo M\u00e1ximo-Massa, bajo el paraguas de Cristina, le echa m\u00e1s le\u00f1a al fuego de la interna que as\u00ed se torna m\u00e1s virulenta, tras la decisi\u00f3n -rechazada y aceptada al final a rega\u00f1adientes por Cristina- de desdoblar las elecciones por parte del gobernador bonaerense.<\/strong><\/p>\n<p>Este martes habr\u00e1 reuni\u00f3n en el PJ nacional, en Matheu 130, y los apoderados de M\u00e1ximo Kirchner y Sergio Massa convocar\u00e1n a los partidos tradicionalmente aliados, como los de\u00a0<strong>Juan Grabois, Mart\u00edn Sabbatella<\/strong>\u00a0y\u00a0<strong>Carlos Heller<\/strong>.<\/p>\n<p>De Kicillof no habr\u00e1 ning\u00fan representante.<\/p>\n<p><strong>\u00bfSer\u00e1 el comienzo del quiebre de Cristina con Kicillof o el principio inevitable para que el gobernador muestre las cartas y acceda a dar una representaci\u00f3n igualitaria de un tercio para cada sector, porcentaje que hoy rechaza, guard\u00e1ndose para s\u00ed un piso del 40%?.<\/strong><\/p>\n<\/div>\n","protected":false},"excerpt":{"rendered":"<p>La interna peronista estalla en Buenos Aires: tras su condena, Cristina Kirchner mueve fichas y deja fuera del armado electoral a Axel Kicillof, que busca emanciparse con su propio espacio. El acuerdo entre M\u00e1ximo Kirchner y Sergio Massa, bajo el ala de la expresidenta, profundiza la fractura. La condena judicial activ\u00f3 a la alica\u00edda expresidenta\u00a0Cristina &hellip;<\/p>\n","protected":false},"author":2,"featured_media":9222,"comment_status":"open","ping_status":"open","sticky":false,"template":"","format":"standard","meta":{"footnotes":""},"categories":[1],"tags":[817,122,120,1030],"class_list":["post-9221","post","type-post","status-publish","format-standard","has-post-thumbnail","hentry","category-blog","tag-axel-kicillof","tag-cristina","tag-massa","tag-maximo"],"_links":{"self":[{"href":"https:\/\/cafeprensa.com.ar\/index.php\/wp-json\/wp\/v2\/posts\/9221","targetHints":{"allow":["GET"]}}],"collection":[{"href":"https:\/\/cafeprensa.com.ar\/index.php\/wp-json\/wp\/v2\/posts"}],"about":[{"href":"https:\/\/cafeprensa.com.ar\/index.php\/wp-json\/wp\/v2\/types\/post"}],"author":[{"embeddable":true,"href":"https:\/\/cafeprensa.com.ar\/index.php\/wp-json\/wp\/v2\/users\/2"}],"replies":[{"embeddable":true,"href":"https:\/\/cafeprensa.com.ar\/index.php\/wp-json\/wp\/v2\/comments?post=9221"}],"version-history":[{"count":1,"href":"https:\/\/cafeprensa.com.ar\/index.php\/wp-json\/wp\/v2\/posts\/9221\/revisions"}],"predecessor-version":[{"id":9223,"href":"https:\/\/cafeprensa.com.ar\/index.php\/wp-json\/wp\/v2\/posts\/9221\/revisions\/9223"}],"wp:featuredmedia":[{"embeddable":true,"href":"https:\/\/cafeprensa.com.ar\/index.php\/wp-json\/wp\/v2\/media\/9222"}],"wp:attachment":[{"href":"https:\/\/cafeprensa.com.ar\/index.php\/wp-json\/wp\/v2\/media?parent=9221"}],"wp:term":[{"taxonomy":"category","embeddable":true,"href":"https:\/\/cafeprensa.com.ar\/index.php\/wp-json\/wp\/v2\/categories?post=9221"},{"taxonomy":"post_tag","embeddable":true,"href":"https:\/\/cafeprensa.com.ar\/index.php\/wp-json\/wp\/v2\/tags?post=9221"}],"curies":[{"name":"wp","href":"https:\/\/api.w.org\/{rel}","templated":true}]}}