{"id":9232,"date":"2025-06-24T00:27:56","date_gmt":"2025-06-23T22:27:56","guid":{"rendered":"https:\/\/cafeprensa.com.ar\/?p=9232"},"modified":"2025-06-24T00:29:52","modified_gmt":"2025-06-23T22:29:52","slug":"enrique-romero-lanzo-duras-criticas-contra-jaldo-paso-de-complice-de-milei-a-testigo-arrepentido","status":"publish","type":"post","link":"https:\/\/cafeprensa.com.ar\/index.php\/2025\/06\/24\/enrique-romero-lanzo-duras-criticas-contra-jaldo-paso-de-complice-de-milei-a-testigo-arrepentido\/","title":{"rendered":"Enrique Romero lanz\u00f3 duras cr\u00edticas contra Jaldo: \u201cPas\u00f3 de c\u00f3mplice de Milei a testigo arrepentido\u201d"},"content":{"rendered":"<div class=\"the-post-header s-head-modern s-head-modern-a has-share-meta-right\">\n<div class=\"post-meta post-meta-a post-meta-left post-meta-single has-below\">\u201cMientras cre\u00eda que Milei era su pastor y nada le iba a faltar, Jaldo permiti\u00f3 el desguace del Estado. Y cuando vinieron los recortes, la paralizaci\u00f3n de obras y el quiebre del bloque de diputados nacionales, reci\u00e9n ah\u00ed empez\u00f3 a quejarse\u2026 porque se acercan las elecciones\u201d<strong>, dispar\u00f3 Romero.<\/strong><\/div>\n<\/div>\n<div class=\"the-post s-post-modern\">\n<article id=\"post-76353\" class=\"post-76353 post type-post status-publish format-standard has-post-thumbnail category-tucuman category-z4-destacada\">\n<div class=\"post-content-wrap has-share-float\">\n<div class=\"post-content cf entry-content content-spacious\">\n<p>El dirigente <strong>peronista Enrique Romero, referente del Movimiento Nacional para la Liberaci\u00f3n y el Desarrollo,<\/strong> difundi\u00f3 un comunicado en el que cuestiona con dureza al <strong>gobernador Osvaldo Jaldo<\/strong>, acus\u00e1ndolo de haber avalado el ajuste nacional y de <strong>traicionar los intereses del pueblo tucumano.<\/strong><\/p>\n<p><strong>\u201cJaldo pas\u00f3 de c\u00f3mplice de Milei a testigo arrepentido\u201d,<\/strong> expres\u00f3 Romero en el inicio del texto, en el que repasa una serie de medidas del gobierno nacional que, seg\u00fan afirma, fueron acompa\u00f1adas o toleradas por el mandatario tucumano. Entre ellas menciona la represi\u00f3n social, la quita del incentivo docente, el recorte de subsidios al transporte, los ajustes en salud y educaci\u00f3n, y el ataque a sectores vulnerables como las personas con discapacidad o pacientes oncol\u00f3gicos.<\/p>\n<p><img loading=\"lazy\" decoding=\"async\" class=\"alignnone wp-image-9234 size-full\" src=\"https:\/\/cafeprensa.com.ar\/wp-content\/uploads\/2025\/06\/Enrique-Romero-1024x768-1.jpeg\" alt=\"\" width=\"1024\" height=\"768\" srcset=\"https:\/\/cafeprensa.com.ar\/wp-content\/uploads\/2025\/06\/Enrique-Romero-1024x768-1.jpeg 1024w, https:\/\/cafeprensa.com.ar\/wp-content\/uploads\/2025\/06\/Enrique-Romero-1024x768-1-300x225.jpeg 300w, https:\/\/cafeprensa.com.ar\/wp-content\/uploads\/2025\/06\/Enrique-Romero-1024x768-1-768x576.jpeg 768w\" sizes=\"auto, (max-width: 1024px) 100vw, 1024px\" \/><\/p>\n<p><strong>\u201cMientras cre\u00eda que Milei era su pastor y nada le iba a faltar, Jaldo permiti\u00f3 el desguace del Estado. Y cuando vinieron los recortes, la paralizaci\u00f3n de obras y el quiebre del bloque de diputados nacionales, reci\u00e9n ah\u00ed empez\u00f3 a quejarse\u2026 porque se acercan las elecciones\u201d<\/strong>, dispar\u00f3 Romero.<\/p>\n<p>El comunicado tambi\u00e9n cuestiona el impacto econ\u00f3mico de las pol\u00edticas libertarias: desplome en la industria, comercio y construcci\u00f3n (7%, 9% y 17% respectivamente), p\u00e9rdida de m\u00e1s de 300.000 empleos, ca\u00edda del consumo y aumento de la pobreza que, seg\u00fan el texto, supera el 50%.<\/p>\n<p>En otro tramo, Romero sostiene que la desaceleraci\u00f3n inflacionaria<strong> \u201cno es m\u00e9rito del Gobierno, sino efecto directo del derrumbe del consumo interno\u201d.<\/strong> Tambi\u00e9n critica el manejo de la obra p\u00fablica en Tucum\u00e1n, recordando que existen 17 obras viales paralizadas por un monto estimado de $61.000 millones.<\/p>\n<p><strong>\u201cEl hambre alcanza al 20%, los jubilados perdieron el 30% de su poder adquisitivo y los trabajadores informales y estatales sufrieron recortes del 25% y 20%, respectivamente\u201d, enumer\u00f3 el dirigente peronista, quien adem\u00e1s cit\u00f3 el cierre de turnos en las plantas industriales de Scania y Topper, como ejemplo de un modelo que \u201cahoga a la producci\u00f3n nacional\u201d.<\/strong><\/p>\n<p>En el cierre, compar\u00f3 la situaci\u00f3n actual con la guerra de Malvinas: \u201cEsto me hizo acordar a Galtieri, cuando promovi\u00f3 la guerra para salvar la dictadura\u201d.<\/p>\n<p>El comunicado lleva la firma de Enrique Romero junto a otros referentes del movimiento:<strong> Mart\u00edn Rodr\u00edguez, H\u00e9ctor el \u201cPelao\u201d Arga\u00f1araz, Miriam Su\u00e1rez y Jes\u00fas Moreno, entre otros.<\/strong><\/p>\n<\/div>\n<\/div>\n<\/article>\n<\/div>\n","protected":false},"excerpt":{"rendered":"<p>\u201cMientras cre\u00eda que Milei era su pastor y nada le iba a faltar, Jaldo permiti\u00f3 el desguace del Estado. Y cuando vinieron los recortes, la paralizaci\u00f3n de obras y el quiebre del bloque de diputados nacionales, reci\u00e9n ah\u00ed empez\u00f3 a quejarse\u2026 porque se acercan las elecciones\u201d, dispar\u00f3 Romero. El dirigente peronista Enrique Romero, referente del &hellip;<\/p>\n","protected":false},"author":2,"featured_media":9233,"comment_status":"open","ping_status":"open","sticky":false,"template":"","format":"standard","meta":{"footnotes":""},"categories":[34,25],"tags":[201,94,1188],"class_list":["post-9232","post","type-post","status-publish","format-standard","has-post-thumbnail","hentry","category-locales","category-politica","tag-enrique-romero","tag-jaldo","tag-jaldo-miliei"],"_links":{"self":[{"href":"https:\/\/cafeprensa.com.ar\/index.php\/wp-json\/wp\/v2\/posts\/9232","targetHints":{"allow":["GET"]}}],"collection":[{"href":"https:\/\/cafeprensa.com.ar\/index.php\/wp-json\/wp\/v2\/posts"}],"about":[{"href":"https:\/\/cafeprensa.com.ar\/index.php\/wp-json\/wp\/v2\/types\/post"}],"author":[{"embeddable":true,"href":"https:\/\/cafeprensa.com.ar\/index.php\/wp-json\/wp\/v2\/users\/2"}],"replies":[{"embeddable":true,"href":"https:\/\/cafeprensa.com.ar\/index.php\/wp-json\/wp\/v2\/comments?post=9232"}],"version-history":[{"count":4,"href":"https:\/\/cafeprensa.com.ar\/index.php\/wp-json\/wp\/v2\/posts\/9232\/revisions"}],"predecessor-version":[{"id":9238,"href":"https:\/\/cafeprensa.com.ar\/index.php\/wp-json\/wp\/v2\/posts\/9232\/revisions\/9238"}],"wp:featuredmedia":[{"embeddable":true,"href":"https:\/\/cafeprensa.com.ar\/index.php\/wp-json\/wp\/v2\/media\/9233"}],"wp:attachment":[{"href":"https:\/\/cafeprensa.com.ar\/index.php\/wp-json\/wp\/v2\/media?parent=9232"}],"wp:term":[{"taxonomy":"category","embeddable":true,"href":"https:\/\/cafeprensa.com.ar\/index.php\/wp-json\/wp\/v2\/categories?post=9232"},{"taxonomy":"post_tag","embeddable":true,"href":"https:\/\/cafeprensa.com.ar\/index.php\/wp-json\/wp\/v2\/tags?post=9232"}],"curies":[{"name":"wp","href":"https:\/\/api.w.org\/{rel}","templated":true}]}}