{"id":9239,"date":"2025-06-24T00:41:33","date_gmt":"2025-06-23T22:41:33","guid":{"rendered":"https:\/\/cafeprensa.com.ar\/?p=9239"},"modified":"2025-06-24T00:41:50","modified_gmt":"2025-06-23T22:41:50","slug":"el-concejo-sanciono-la-nueva-tarifa-para-los-taxis-en-la-ciudad","status":"publish","type":"post","link":"https:\/\/cafeprensa.com.ar\/index.php\/2025\/06\/24\/el-concejo-sanciono-la-nueva-tarifa-para-los-taxis-en-la-ciudad\/","title":{"rendered":"El Concejo sancion\u00f3 la nueva tarifa para los taxis en la Ciudad"},"content":{"rendered":"<div class=\"entry__metadata\">\n<p class=\"breadcrumbs\"><span class=\"breadcrumb_last\" aria-current=\"page\">El Concejo sancion\u00f3 la nueva tarifa para los taxis en la Ciudad<\/span><i class=\"fa-regular fa-calendar\"><\/i><\/p>\n<div class=\"entry__excerpt\">\n<p><strong>La nueva tarifa fija la bajada de bandera en $ 900 mientras que la \u00abficha\u00bb cada 100 metros pasar\u00e1 a costar $ 90. <\/strong>El Concejo Deliberante de San Miguel de Tucum\u00e1n sancion\u00f3, en la \u00faltima sesi\u00f3n del cuerpo, un incremento en la tarifa de taxis para la Ciudad. P<strong>or unanimidad, los ediles aprobaron el proyecto de ordenanza para que la bajada de bandera -luego de la promulgaci\u00f3n del Departamento Ejecutivo Municipal- ascienda a $ 900, mientras que la \u00abficha\u00bb cada 100 metros se eleve a $ 90<\/strong>.<\/p>\n<\/div>\n<\/div>\n<div class=\"entry__body\">\n<p><img loading=\"lazy\" decoding=\"async\" class=\"alignnone wp-image-9241 size-large\" src=\"https:\/\/cafeprensa.com.ar\/wp-content\/uploads\/2025\/06\/Los-legisladores-de-Tucuman-dispuestos-a-sacar-a-Uber-de-la-provincia-1024x576.jpg\" alt=\"\" width=\"1024\" height=\"576\" srcset=\"https:\/\/cafeprensa.com.ar\/wp-content\/uploads\/2025\/06\/Los-legisladores-de-Tucuman-dispuestos-a-sacar-a-Uber-de-la-provincia-1024x576.jpg 1024w, https:\/\/cafeprensa.com.ar\/wp-content\/uploads\/2025\/06\/Los-legisladores-de-Tucuman-dispuestos-a-sacar-a-Uber-de-la-provincia-300x169.jpg 300w, https:\/\/cafeprensa.com.ar\/wp-content\/uploads\/2025\/06\/Los-legisladores-de-Tucuman-dispuestos-a-sacar-a-Uber-de-la-provincia-768x432.jpg 768w, https:\/\/cafeprensa.com.ar\/wp-content\/uploads\/2025\/06\/Los-legisladores-de-Tucuman-dispuestos-a-sacar-a-Uber-de-la-provincia-390x220.jpg 390w, https:\/\/cafeprensa.com.ar\/wp-content\/uploads\/2025\/06\/Los-legisladores-de-Tucuman-dispuestos-a-sacar-a-Uber-de-la-provincia.jpg 1280w\" sizes=\"auto, (max-width: 1024px) 100vw, 1024px\" \/><\/p>\n<p>Distintas agrupaciones de taxistas que nuclean al sector hab\u00edan presentado sendos expedientes para solicitar un incremento de la tarifa que rondaba entre el 60% y el 100%. <strong>El cuadro tarifario de los taxis se hab\u00eda incrementado por \u00faltima vez hace 14 meses, fijando los valores para la bajada de bandera y para la \u00abficha\u00bb en $ 600 y $ 60. El incremento otorgado, del 50%, responde al an\u00e1lisis del c\u00e1lculo interanual de inflaci\u00f3n del INDEC<\/strong><\/p>\n<\/div>\n","protected":false},"excerpt":{"rendered":"<p>El Concejo sancion\u00f3 la nueva tarifa para los taxis en la Ciudad La nueva tarifa fija la bajada de bandera en $ 900 mientras que la \u00abficha\u00bb cada 100 metros pasar\u00e1 a costar $ 90. El Concejo Deliberante de San Miguel de Tucum\u00e1n sancion\u00f3, en la \u00faltima sesi\u00f3n del cuerpo, un incremento en la tarifa &hellip;<\/p>\n","protected":false},"author":2,"featured_media":9240,"comment_status":"open","ping_status":"open","sticky":false,"template":"","format":"standard","meta":{"footnotes":""},"categories":[54,34],"tags":[130,700,2121],"class_list":["post-9239","post","type-post","status-publish","format-standard","has-post-thumbnail","hentry","category-interes-ganeral","category-locales","tag-concejo-deliberante","tag-tarifa","tag-taxi"],"_links":{"self":[{"href":"https:\/\/cafeprensa.com.ar\/index.php\/wp-json\/wp\/v2\/posts\/9239","targetHints":{"allow":["GET"]}}],"collection":[{"href":"https:\/\/cafeprensa.com.ar\/index.php\/wp-json\/wp\/v2\/posts"}],"about":[{"href":"https:\/\/cafeprensa.com.ar\/index.php\/wp-json\/wp\/v2\/types\/post"}],"author":[{"embeddable":true,"href":"https:\/\/cafeprensa.com.ar\/index.php\/wp-json\/wp\/v2\/users\/2"}],"replies":[{"embeddable":true,"href":"https:\/\/cafeprensa.com.ar\/index.php\/wp-json\/wp\/v2\/comments?post=9239"}],"version-history":[{"count":2,"href":"https:\/\/cafeprensa.com.ar\/index.php\/wp-json\/wp\/v2\/posts\/9239\/revisions"}],"predecessor-version":[{"id":9243,"href":"https:\/\/cafeprensa.com.ar\/index.php\/wp-json\/wp\/v2\/posts\/9239\/revisions\/9243"}],"wp:featuredmedia":[{"embeddable":true,"href":"https:\/\/cafeprensa.com.ar\/index.php\/wp-json\/wp\/v2\/media\/9240"}],"wp:attachment":[{"href":"https:\/\/cafeprensa.com.ar\/index.php\/wp-json\/wp\/v2\/media?parent=9239"}],"wp:term":[{"taxonomy":"category","embeddable":true,"href":"https:\/\/cafeprensa.com.ar\/index.php\/wp-json\/wp\/v2\/categories?post=9239"},{"taxonomy":"post_tag","embeddable":true,"href":"https:\/\/cafeprensa.com.ar\/index.php\/wp-json\/wp\/v2\/tags?post=9239"}],"curies":[{"name":"wp","href":"https:\/\/api.w.org\/{rel}","templated":true}]}}