{"id":9244,"date":"2025-06-24T00:49:10","date_gmt":"2025-06-23T22:49:10","guid":{"rendered":"https:\/\/cafeprensa.com.ar\/?p=9244"},"modified":"2025-06-24T00:50:48","modified_gmt":"2025-06-23T22:50:48","slug":"unanime-pedido-de-los-gobernadores-para-modificar-el-impuesto-a-los-combustibles-liquidos","status":"publish","type":"post","link":"https:\/\/cafeprensa.com.ar\/index.php\/2025\/06\/24\/unanime-pedido-de-los-gobernadores-para-modificar-el-impuesto-a-los-combustibles-liquidos\/","title":{"rendered":"Un\u00e1nime pedido de los gobernadores para modificar el Impuesto a los Combustibles L\u00edquidos"},"content":{"rendered":"<div class=\"post-content\">\n<p>El texto presentado lleva la r\u00fabrica de los 23 gobernadores provinciales y el jefe de Gobierno porte\u00f1o. Proponen, entre varias cosas, la disoluci\u00f3n de dos fondos fiduciarios.<strong> Las modificaciones a la Ley 23.966.<\/strong><\/p>\n<\/div>\n<div class=\"box-img\"><img loading=\"lazy\" decoding=\"async\" class=\"attachment-post-thumbnail size-post-thumbnail wp-post-image\" src=\"https:\/\/www.parlamentario.com\/wp-content\/uploads\/2025\/06\/Gobernadores-reclamo-a-Impuesto-del-Combustible.webp\" sizes=\"auto, (max-width: 750px) 100vw, 750px\" srcset=\"https:\/\/www.parlamentario.com\/wp-content\/uploads\/2025\/06\/Gobernadores-reclamo-a-Impuesto-del-Combustible.webp 750w, https:\/\/www.parlamentario.com\/wp-content\/uploads\/2025\/06\/Gobernadores-reclamo-a-Impuesto-del-Combustible-300x200.webp 300w\" alt=\"\" width=\"750\" height=\"500\" \/><\/div>\n<div class=\"contenido-post\">\n<p><strong>Con la firma de los 23 mandatarios provinciales y el jefe de Gobierno porte\u00f1o<\/strong>, fue impulsada una nota para establecer modificaciones a Ley de Combustibles L\u00edquidos (23.966) para que tanto Naci\u00f3n y las provincias puedan destinar los fondos contemplados en r\u00e9gimen normativo seg\u00fan las prioridades que cada parte defina.<\/p>\n<p>El texto firmado por los 24 gobernadores propone que el avance de este proyecto de ley <strong>\u201cno afectar\u00e1 la sustentabilidad de las finanzas p\u00fablicas nacionales y que, complementariamente, generar\u00e1 m\u00e1s federalismo a partir de la mayor equidad distributiva de recursos originarios en todo el territorio nacional, propiciando mayor capacidad de respuesta de las demandas de la sociedad en el marco de la crisis\u201d.<\/strong><\/p>\n<p><img loading=\"lazy\" decoding=\"async\" class=\"alignnone wp-image-9245 size-full\" src=\"https:\/\/cafeprensa.com.ar\/wp-content\/uploads\/2025\/06\/250623160827_81223.png\" alt=\"\" width=\"454\" height=\"649\" srcset=\"https:\/\/cafeprensa.com.ar\/wp-content\/uploads\/2025\/06\/250623160827_81223.png 454w, https:\/\/cafeprensa.com.ar\/wp-content\/uploads\/2025\/06\/250623160827_81223-210x300.png 210w\" sizes=\"auto, (max-width: 454px) 100vw, 454px\" \/><\/p>\n<p><strong>El proyecto de ley propone una modificaci\u00f3n del art\u00edculo 19 de la Ley 23.966 del Impuesto a los Combustibles L\u00edquidos para que se distribuya con un 10,40% al Tesoro Nacional; un 58,36% a las provincias; un 28,69% al Sistema \u00danico de Seguridad Social para ser destinado a la atenci\u00f3n de las obligaciones previsionales nacionales; y un 2,55% a la compensaci\u00f3n del Transporte P\u00fablico regulado en el DNU 652\/2002.<\/strong><\/p>\n<p><strong>Otro cambio propuesto por los mandatarios es la disoluci\u00f3n del Fondo Fiduciario de Infraestructura del Transporte (FFSIT), creado por el DNU 976\/2001; y el Fondo Fiduciario de Infraestructura H\u00eddrica (FFIH) vigente con el DNU 1381\/2001.<\/strong><\/p>\n<p>El tercer pedido de los gobernadores es modificar el articulo 5 de la Ley 23.548 para que el Fondo de Aportes del Tesoro Nacional sea destinado a atender situaciones de emergencia y desequilibrios financieros que ser\u00e1n asignados espec\u00edficamente entre Naci\u00f3n, las 23 provincias y la Ciudad Aut\u00f3noma de Buenos Aires.<\/p>\n<h3>Uni\u00f3n por la Patria confirm\u00f3 el apoyo<\/h3>\n<p>Tras conocerse el reclamo de los gobernadores, la diputada nacional\u00a0<strong>Julia Strada<\/strong>\u00a0(Uni\u00f3n por la Patria) record\u00f3 que en el per\u00edodo anterior hab\u00eda presentado un pedido de informes y un pedido de interpelaci\u00f3n al ministro de Econom\u00eda,\u00a0<strong>Luis Caputo<\/strong>, porque \u00abel Gobierno no se la repart\u00eda a las provincias y se la quedaba toda\u00bb.<\/p>\n<div class=\"twitter-tweet twitter-tweet-rendered\"><iframe id=\"twitter-widget-0\" class=\"\" title=\"X Post\" src=\"https:\/\/platform.twitter.com\/embed\/Tweet.html?creatorScreenName=elparlamentario&amp;dnt=true&amp;embedId=twitter-widget-0&amp;features=eyJ0ZndfdGltZWxpbmVfbGlzdCI6eyJidWNrZXQiOltdLCJ2ZXJzaW9uIjpudWxsfSwidGZ3X2ZvbGxvd2VyX2NvdW50X3N1bnNldCI6eyJidWNrZXQiOnRydWUsInZlcnNpb24iOm51bGx9LCJ0ZndfdHdlZXRfZWRpdF9iYWNrZW5kIjp7ImJ1Y2tldCI6Im9uIiwidmVyc2lvbiI6bnVsbH0sInRmd19yZWZzcmNfc2Vzc2lvbiI6eyJidWNrZXQiOiJvbiIsInZlcnNpb24iOm51bGx9LCJ0ZndfZm9zbnJfc29mdF9pbnRlcnZlbnRpb25zX2VuYWJsZWQiOnsiYnVja2V0Ijoib24iLCJ2ZXJzaW9uIjpudWxsfSwidGZ3X21peGVkX21lZGlhXzE1ODk3Ijp7ImJ1Y2tldCI6InRyZWF0bWVudCIsInZlcnNpb24iOm51bGx9LCJ0ZndfZXhwZXJpbWVudHNfY29va2llX2V4cGlyYXRpb24iOnsiYnVja2V0IjoxMjA5NjAwLCJ2ZXJzaW9uIjpudWxsfSwidGZ3X3Nob3dfYmlyZHdhdGNoX3Bpdm90c19lbmFibGVkIjp7ImJ1Y2tldCI6Im9uIiwidmVyc2lvbiI6bnVsbH0sInRmd19kdXBsaWNhdGVfc2NyaWJlc190b19zZXR0aW5ncyI6eyJidWNrZXQiOiJvbiIsInZlcnNpb24iOm51bGx9LCJ0ZndfdXNlX3Byb2ZpbGVfaW1hZ2Vfc2hhcGVfZW5hYmxlZCI6eyJidWNrZXQiOiJvbiIsInZlcnNpb24iOm51bGx9LCJ0ZndfdmlkZW9faGxzX2R5bmFtaWNfbWFuaWZlc3RzXzE1MDgyIjp7ImJ1Y2tldCI6InRydWVfYml0cmF0ZSIsInZlcnNpb24iOm51bGx9LCJ0ZndfbGVnYWN5X3RpbWVsaW5lX3N1bnNldCI6eyJidWNrZXQiOnRydWUsInZlcnNpb24iOm51bGx9LCJ0ZndfdHdlZXRfZWRpdF9mcm9udGVuZCI6eyJidWNrZXQiOiJvbiIsInZlcnNpb24iOm51bGx9fQ%3D%3D&amp;frame=false&amp;hideCard=false&amp;hideThread=false&amp;id=1937241325990215734&amp;lang=es&amp;origin=https%3A%2F%2Fwww.parlamentario.com%2F2025%2F06%2F23%2Funanime-pedido-de-los-gobernadores-para-modificar-el-impuesto-a-los-combustibles-liquidos%2F&amp;sessionId=db8cc50d381188f29e8918c74a8c83e4fa8f3d85&amp;theme=light&amp;widgetsVersion=2615f7e52b7e0%3A1702314776716&amp;width=500px\" frameborder=\"0\" scrolling=\"no\" allowfullscreen=\"allowfullscreen\" data-tweet-id=\"1937241325990215734\" data-mce-fragment=\"1\"><\/iframe><\/div>\n<p>En el mismo posteo a trav\u00e9s de X, confirm\u00f3 su apoyo a la iniciativa. Minutos m\u00e1s tarde, el tucumano\u00a0<strong>Pablo Yedlin<\/strong>, el juje\u00f1o\u00a0<strong>Guillermo Snopek<\/strong>, la chubutense\u00a0<strong>Eugenia Alianiello<\/strong>\u00a0y el bonaerense\u00a0<strong>Daniel Goll\u00e1n &#8211;<\/strong>reposteando la publicaci\u00f3n de<strong>\u00a0Axel Kicillof-<\/strong>, entre otros, tambi\u00e9n remarcaron su aval a la propuesta.<\/p>\n<\/div>\n","protected":false},"excerpt":{"rendered":"<p>El texto presentado lleva la r\u00fabrica de los 23 gobernadores provinciales y el jefe de Gobierno porte\u00f1o. Proponen, entre varias cosas, la disoluci\u00f3n de dos fondos fiduciarios. Las modificaciones a la Ley 23.966. Con la firma de los 23 mandatarios provinciales y el jefe de Gobierno porte\u00f1o, fue impulsada una nota para establecer modificaciones a &hellip;<\/p>\n","protected":false},"author":2,"featured_media":9248,"comment_status":"open","ping_status":"open","sticky":false,"template":"","format":"standard","meta":{"footnotes":""},"categories":[33,25],"tags":[2122,94,41],"class_list":["post-9244","post","type-post","status-publish","format-standard","has-post-thumbnail","hentry","category-nacionales","category-politica","tag-goberndores","tag-jaldo","tag-milei"],"_links":{"self":[{"href":"https:\/\/cafeprensa.com.ar\/index.php\/wp-json\/wp\/v2\/posts\/9244","targetHints":{"allow":["GET"]}}],"collection":[{"href":"https:\/\/cafeprensa.com.ar\/index.php\/wp-json\/wp\/v2\/posts"}],"about":[{"href":"https:\/\/cafeprensa.com.ar\/index.php\/wp-json\/wp\/v2\/types\/post"}],"author":[{"embeddable":true,"href":"https:\/\/cafeprensa.com.ar\/index.php\/wp-json\/wp\/v2\/users\/2"}],"replies":[{"embeddable":true,"href":"https:\/\/cafeprensa.com.ar\/index.php\/wp-json\/wp\/v2\/comments?post=9244"}],"version-history":[{"count":1,"href":"https:\/\/cafeprensa.com.ar\/index.php\/wp-json\/wp\/v2\/posts\/9244\/revisions"}],"predecessor-version":[{"id":9247,"href":"https:\/\/cafeprensa.com.ar\/index.php\/wp-json\/wp\/v2\/posts\/9244\/revisions\/9247"}],"wp:featuredmedia":[{"embeddable":true,"href":"https:\/\/cafeprensa.com.ar\/index.php\/wp-json\/wp\/v2\/media\/9248"}],"wp:attachment":[{"href":"https:\/\/cafeprensa.com.ar\/index.php\/wp-json\/wp\/v2\/media?parent=9244"}],"wp:term":[{"taxonomy":"category","embeddable":true,"href":"https:\/\/cafeprensa.com.ar\/index.php\/wp-json\/wp\/v2\/categories?post=9244"},{"taxonomy":"post_tag","embeddable":true,"href":"https:\/\/cafeprensa.com.ar\/index.php\/wp-json\/wp\/v2\/tags?post=9244"}],"curies":[{"name":"wp","href":"https:\/\/api.w.org\/{rel}","templated":true}]}}