{"id":9249,"date":"2025-06-24T12:13:30","date_gmt":"2025-06-24T10:13:30","guid":{"rendered":"https:\/\/cafeprensa.com.ar\/?p=9249"},"modified":"2025-06-24T12:13:30","modified_gmt":"2025-06-24T10:13:30","slug":"arnedo-celebro-la-aprobacion-de-su-proyecto-sobre-plazas-y-parques-sustentables","status":"publish","type":"post","link":"https:\/\/cafeprensa.com.ar\/index.php\/2025\/06\/24\/arnedo-celebro-la-aprobacion-de-su-proyecto-sobre-plazas-y-parques-sustentables\/","title":{"rendered":"Arnedo celebr\u00f3 la aprobaci\u00f3n de su proyecto sobre \u201cPlazas y Parques Sustentables\u201d"},"content":{"rendered":"<div dir=\"auto\">\u201cCada granito de arena que aportamos en el presente es un gesto de amor hacia las generaciones futuras\u201d, expres\u00f3 el edil. <strong>El concejal capitalino Carlos Arnedo, del bloque Acci\u00f3n Vecinal, celebr\u00f3 la sanci\u00f3n de su proyecto de ordenanza sobre \u201cPlazas y Parques Sustentables\u201d en la quinta sesi\u00f3n ordinaria del Honorable Concejo Deliberante,<\/strong> que propone equipar esos espacios con sistemas de recolecci\u00f3n de aguas pluviales, de puntos de recolecci\u00f3n diferenciada de residuos y de mobiliario urbano sustentable, as\u00ed como la plantaci\u00f3n de vegetaci\u00f3n nativa y la incorporaci\u00f3n de energ\u00edas limpias y renovables.<\/div>\n<div dir=\"auto\"><strong>\u201cLas plazas y parques de la ciudad son lugares importantes de encuentro y recreaci\u00f3n para familias, amigos y vecinos, de ah\u00ed la importancia de transformar esos espacios en entornos que incentiven el cuidado ambiental y las buenas pr\u00e1cticas\u201d, explic\u00f3. Y agreg\u00f3 que \u201clos espacios p\u00fablicos y los espacios verdes deben ser el punto de partida de la carrera hacia una ciudad m\u00e1s sustentable\u201d.<\/strong><\/div>\n<div dir=\"auto\"><img loading=\"lazy\" decoding=\"async\" class=\"alignnone wp-image-9251 size-large\" src=\"https:\/\/cafeprensa.com.ar\/wp-content\/uploads\/2025\/06\/1000064544-1024x768.jpg\" alt=\"\" width=\"1024\" height=\"768\" srcset=\"https:\/\/cafeprensa.com.ar\/wp-content\/uploads\/2025\/06\/1000064544-1024x768.jpg 1024w, https:\/\/cafeprensa.com.ar\/wp-content\/uploads\/2025\/06\/1000064544-300x225.jpg 300w, https:\/\/cafeprensa.com.ar\/wp-content\/uploads\/2025\/06\/1000064544-768x576.jpg 768w, https:\/\/cafeprensa.com.ar\/wp-content\/uploads\/2025\/06\/1000064544-1536x1152.jpg 1536w, https:\/\/cafeprensa.com.ar\/wp-content\/uploads\/2025\/06\/1000064544-2048x1536.jpg 2048w\" sizes=\"auto, (max-width: 1024px) 100vw, 1024px\" \/><\/div>\n<div dir=\"auto\"><\/div>\n<div dir=\"auto\">En esa l\u00ednea, el edil, <strong>autor de una serie de proyectos de ordenanza en materia de medioambiente, se\u00f1al\u00f3 que \u201cse debe abordar la cuesti\u00f3n ambiental desde una mirada integral. Este proyecto que en la \u00faltima sesi\u00f3n fue sancionado con fuerza de ordenanza, es solo el inicio de un proceso que debe tener un efecto multiplicador\u201d.<\/strong> \u201cEs decir, debemos seguir avanzando hacia la implementaci\u00f3n de las buenas pr\u00e1cticas ambientales tanto en las escuelas, como en los edificios y dependencias municipales, lo cual est\u00e1 contemplado en otros proyectos que tengo presentados\u201d, remarc\u00f3.<\/div>\n<div dir=\"auto\"><\/div>\n<div dir=\"auto\">Finalmente, Arnedo argument\u00f3 que \u201cpara que nuestros hijos y nietos puedan vivir en una ciudad m\u00e1s sana y libre de contaminaci\u00f3n, es fundamental que avancemos en pol\u00edticas que contribuyan a un manejo m\u00e1s eficiente de los recursos y un uso respetuoso del medioambiente\u201d.<strong> \u201cCada granito de arena que aportamos en el presente es un gesto de amor hacia las generaciones futuras\u201d,<\/strong> concluy\u00f3.<\/div>\n","protected":false},"excerpt":{"rendered":"<p>\u201cCada granito de arena que aportamos en el presente es un gesto de amor hacia las generaciones futuras\u201d, expres\u00f3 el edil. El concejal capitalino Carlos Arnedo, del bloque Acci\u00f3n Vecinal, celebr\u00f3 la sanci\u00f3n de su proyecto de ordenanza sobre \u201cPlazas y Parques Sustentables\u201d en la quinta sesi\u00f3n ordinaria del Honorable Concejo Deliberante, que propone equipar &hellip;<\/p>\n","protected":false},"author":2,"featured_media":9250,"comment_status":"open","ping_status":"open","sticky":false,"template":"","format":"standard","meta":{"footnotes":""},"categories":[34,25],"tags":[2123,795,191],"class_list":["post-9249","post","type-post","status-publish","format-standard","has-post-thumbnail","hentry","category-locales","category-politica","tag-plazas-y-parques-sustentables","tag-concejal-arnedo","tag-hcd"],"_links":{"self":[{"href":"https:\/\/cafeprensa.com.ar\/index.php\/wp-json\/wp\/v2\/posts\/9249","targetHints":{"allow":["GET"]}}],"collection":[{"href":"https:\/\/cafeprensa.com.ar\/index.php\/wp-json\/wp\/v2\/posts"}],"about":[{"href":"https:\/\/cafeprensa.com.ar\/index.php\/wp-json\/wp\/v2\/types\/post"}],"author":[{"embeddable":true,"href":"https:\/\/cafeprensa.com.ar\/index.php\/wp-json\/wp\/v2\/users\/2"}],"replies":[{"embeddable":true,"href":"https:\/\/cafeprensa.com.ar\/index.php\/wp-json\/wp\/v2\/comments?post=9249"}],"version-history":[{"count":1,"href":"https:\/\/cafeprensa.com.ar\/index.php\/wp-json\/wp\/v2\/posts\/9249\/revisions"}],"predecessor-version":[{"id":9252,"href":"https:\/\/cafeprensa.com.ar\/index.php\/wp-json\/wp\/v2\/posts\/9249\/revisions\/9252"}],"wp:featuredmedia":[{"embeddable":true,"href":"https:\/\/cafeprensa.com.ar\/index.php\/wp-json\/wp\/v2\/media\/9250"}],"wp:attachment":[{"href":"https:\/\/cafeprensa.com.ar\/index.php\/wp-json\/wp\/v2\/media?parent=9249"}],"wp:term":[{"taxonomy":"category","embeddable":true,"href":"https:\/\/cafeprensa.com.ar\/index.php\/wp-json\/wp\/v2\/categories?post=9249"},{"taxonomy":"post_tag","embeddable":true,"href":"https:\/\/cafeprensa.com.ar\/index.php\/wp-json\/wp\/v2\/tags?post=9249"}],"curies":[{"name":"wp","href":"https:\/\/api.w.org\/{rel}","templated":true}]}}