{"id":9260,"date":"2025-06-24T14:48:26","date_gmt":"2025-06-24T12:48:26","guid":{"rendered":"https:\/\/cafeprensa.com.ar\/?p=9260"},"modified":"2025-06-24T14:48:26","modified_gmt":"2025-06-24T12:48:26","slug":"el-concejo-deliberante-aprobo-una-ordenanza-clave-impulsada-por-ana-gonzalez-para-fortalecer-a-los-centros-barriales-de-la-ciudad","status":"publish","type":"post","link":"https:\/\/cafeprensa.com.ar\/index.php\/2025\/06\/24\/el-concejo-deliberante-aprobo-una-ordenanza-clave-impulsada-por-ana-gonzalez-para-fortalecer-a-los-centros-barriales-de-la-ciudad\/","title":{"rendered":"El Concejo Deliberante aprob\u00f3 una ordenanza clave, impulsada por Ana Gonz\u00e1lez para fortalecer a los Centros Barriales de la ciudad"},"content":{"rendered":"<div dir=\"auto\" data-smartmail=\"gmail_signature\">El Honorable Concejo Deliberante de San Miguel de Tucum\u00e1n aprob\u00f3 esta semana un importante proyecto de ordenanza presentado <strong>por la concejal Ana Gonz\u00e1lez,<\/strong> cuyo eje central es la creaci\u00f3n del <strong>Registro de Centros Barriales Deportivos, Culturales y Recreativos,<\/strong> as\u00ed como la <strong>Oficina Municipal de Asesoramiento Integral<\/strong> destinada a acompa\u00f1ar a estas entidades en su crecimiento y regularizaci\u00f3n.<\/div>\n<div dir=\"auto\" data-smartmail=\"gmail_signature\">La ordenanza busca brindar herramientas concretas a los clubes de barrio, centros culturales, espacios recreativos y otras organizaciones comunitarias que desarrollan un trabajo social vital en distintos puntos de la ciudad. A trav\u00e9s de este nuevo registro, <strong>se busca ordenar, formalizar y fortalecer a estas instituciones<\/strong>, facilitando su acceso a recursos, capacitaciones, programas de apoyo y asistencia legal.<\/div>\n<div dir=\"auto\" data-smartmail=\"gmail_signature\"><img loading=\"lazy\" decoding=\"async\" class=\"alignnone wp-image-9262 size-large\" src=\"https:\/\/cafeprensa.com.ar\/wp-content\/uploads\/2025\/06\/IMG_6284-scaled-1-1024x683.webp\" alt=\"\" width=\"1024\" height=\"683\" srcset=\"https:\/\/cafeprensa.com.ar\/wp-content\/uploads\/2025\/06\/IMG_6284-scaled-1-1024x683.webp 1024w, https:\/\/cafeprensa.com.ar\/wp-content\/uploads\/2025\/06\/IMG_6284-scaled-1-300x200.webp 300w, https:\/\/cafeprensa.com.ar\/wp-content\/uploads\/2025\/06\/IMG_6284-scaled-1-768x512.webp 768w, https:\/\/cafeprensa.com.ar\/wp-content\/uploads\/2025\/06\/IMG_6284-scaled-1.webp 1500w\" sizes=\"auto, (max-width: 1024px) 100vw, 1024px\" \/><\/div>\n<div dir=\"auto\" data-smartmail=\"gmail_signature\"><strong>\u201cMuchos centros barriales funcionan gracias al esfuerzo de vecinos y vecinas que sostienen actividades deportivas, culturales o sociales sin ning\u00fan tipo de apoyo del Estado. Este proyecto es una forma de tenderles la mano y generar un marco institucional que les permita seguir creciendo\u201d,<\/strong> se\u00f1al\u00f3 Ana Gonz\u00e1lez, autora de la iniciativa.<\/div>\n<div dir=\"auto\" data-smartmail=\"gmail_signature\"><strong>Como parte fundamental del proyecto, se establece la creaci\u00f3n de una<\/strong> Oficina Municipal de Asesoramiento Integral en el \u00e1mbito del registro, con personal capacitado que ofrecer\u00e1 acompa\u00f1amiento contable, jur\u00eddico y administrativo de manera permanente.<strong> Esta oficina tendr\u00e1 como finalidad facilitar los tr\u00e1mites y procesos de organizaci\u00f3n de las entidades,<\/strong> colaborar en la b\u00fasqueda de financiamiento y generar v\u00ednculos de confianza entre los espacios barriales y el municipio.<\/div>\n<div dir=\"auto\" data-smartmail=\"gmail_signature\"><strong>Adem\u00e1s, la normativa prev\u00e9 que el Municipio realice campa\u00f1as informativas en los barrios para difundir los beneficios del registro y acompa\u00f1ar a las instituciones que deseen acceder a \u00e9l. Tambi\u00e9n se contempla un mecanismo flexible que permita la regularizaci\u00f3n de la personer\u00eda jur\u00eddica, adapt\u00e1ndose a la realidad de cada organizaci\u00f3n.<\/strong><\/div>\n<div dir=\"auto\" data-smartmail=\"gmail_signature\">Desde el espacio que <strong>encabeza Ana Gonz\u00e1lez se destac\u00f3 que esta ordenanza es fruto del di\u00e1logo con referentes territoriales, dirigentes deportivos y culturales<\/strong>, y se inscribe en una visi\u00f3n de ciudad que promueve la participaci\u00f3n activa de la comunidad en la construcci\u00f3n de redes de contenci\u00f3n, integraci\u00f3n y desarrollo.<\/div>\n<div dir=\"auto\" data-smartmail=\"gmail_signature\"><strong>\u201cApoyar a los espacios comunitarios es apostar por la inclusi\u00f3n, por el encuentro, por la cultura y el deporte como herramientas de transformaci\u00f3n social. Con este proyecto damos un paso m\u00e1s para que la ciudad llegue a todos los rincones con pol\u00edticas p\u00fablicas concretas\u201d<\/strong>, concluy\u00f3 la concejal.<\/div>\n<div dir=\"auto\" data-smartmail=\"gmail_signature\">El proyecto fue acompa\u00f1ado por concejales de distintas bancadas, lo que refleja el consenso alcanzado en torno a una propuesta que responde a una demanda real de los barrios, y que abre una nueva etapa de articulaci\u00f3n entre el Estado y la comunidad organizada.<\/div>\n","protected":false},"excerpt":{"rendered":"<p>El Honorable Concejo Deliberante de San Miguel de Tucum\u00e1n aprob\u00f3 esta semana un importante proyecto de ordenanza presentado por la concejal Ana Gonz\u00e1lez, cuyo eje central es la creaci\u00f3n del Registro de Centros Barriales Deportivos, Culturales y Recreativos, as\u00ed como la Oficina Municipal de Asesoramiento Integral destinada a acompa\u00f1ar a estas entidades en su crecimiento &hellip;<\/p>\n","protected":false},"author":2,"featured_media":9261,"comment_status":"open","ping_status":"open","sticky":false,"template":"","format":"standard","meta":{"footnotes":""},"categories":[1707,34],"tags":[502],"class_list":["post-9260","post","type-post","status-publish","format-standard","has-post-thumbnail","hentry","category-concejales-de-tucuman","category-locales","tag-concejal-ana-gonzalez"],"_links":{"self":[{"href":"https:\/\/cafeprensa.com.ar\/index.php\/wp-json\/wp\/v2\/posts\/9260","targetHints":{"allow":["GET"]}}],"collection":[{"href":"https:\/\/cafeprensa.com.ar\/index.php\/wp-json\/wp\/v2\/posts"}],"about":[{"href":"https:\/\/cafeprensa.com.ar\/index.php\/wp-json\/wp\/v2\/types\/post"}],"author":[{"embeddable":true,"href":"https:\/\/cafeprensa.com.ar\/index.php\/wp-json\/wp\/v2\/users\/2"}],"replies":[{"embeddable":true,"href":"https:\/\/cafeprensa.com.ar\/index.php\/wp-json\/wp\/v2\/comments?post=9260"}],"version-history":[{"count":1,"href":"https:\/\/cafeprensa.com.ar\/index.php\/wp-json\/wp\/v2\/posts\/9260\/revisions"}],"predecessor-version":[{"id":9263,"href":"https:\/\/cafeprensa.com.ar\/index.php\/wp-json\/wp\/v2\/posts\/9260\/revisions\/9263"}],"wp:featuredmedia":[{"embeddable":true,"href":"https:\/\/cafeprensa.com.ar\/index.php\/wp-json\/wp\/v2\/media\/9261"}],"wp:attachment":[{"href":"https:\/\/cafeprensa.com.ar\/index.php\/wp-json\/wp\/v2\/media?parent=9260"}],"wp:term":[{"taxonomy":"category","embeddable":true,"href":"https:\/\/cafeprensa.com.ar\/index.php\/wp-json\/wp\/v2\/categories?post=9260"},{"taxonomy":"post_tag","embeddable":true,"href":"https:\/\/cafeprensa.com.ar\/index.php\/wp-json\/wp\/v2\/tags?post=9260"}],"curies":[{"name":"wp","href":"https:\/\/api.w.org\/{rel}","templated":true}]}}