{"id":9327,"date":"2025-06-26T12:39:17","date_gmt":"2025-06-26T10:39:17","guid":{"rendered":"https:\/\/cafeprensa.com.ar\/?p=9327"},"modified":"2025-06-26T13:15:56","modified_gmt":"2025-06-26T11:15:56","slug":"la-nacion-exige-ajustes-y-los-gobernadores-se-inquietan","status":"publish","type":"post","link":"https:\/\/cafeprensa.com.ar\/index.php\/2025\/06\/26\/la-nacion-exige-ajustes-y-los-gobernadores-se-inquietan\/","title":{"rendered":"La Naci\u00f3n exige ajustes y los gobernadores se inquietan"},"content":{"rendered":"<div class=\"np-article-thumb\">En un contexto de fuerte restricci\u00f3n fiscal, <strong>los gobernadores de varias provincias reactivaron esta semana las negociaciones con el Gobierno nacional por la distribuci\u00f3n de los Aportes del Tesoro Nacional (ATN)<\/strong>, una herramienta clave para sostener las finanzas de los distritos m\u00e1s golpeados por la ca\u00edda de la coparticipaci\u00f3n, la inflaci\u00f3n y la par\u00e1lisis de la obra p\u00fablica.<\/div>\n<div class=\"entry-content\">\n<p>Sin embargo,\u00a0<strong>la asistencia nacional ya no es incondicional<\/strong>. Desde la Casa Rosada baja un mensaje firme:\u00a0<strong>los fondos solo llegar\u00e1n si las provincias muestran voluntad real de reducir el gasto pol\u00edtico<\/strong>. Y ah\u00ed es donde comienzan las tensiones.<\/p>\n<p><strong>\u201cNo podemos seguir financiando estructuras pol\u00edticas inviables. Si quieren ayuda, que empiecen por ordenarse ellos\u201d<\/strong>, repiten cerca del ministro de Econom\u00eda, que centraliza el reparto de recursos discrecionales.<\/p>\n<p>El mensaje est\u00e1 dirigido a varios, pero\u00a0<strong>Tucum\u00e1n aparece siempre en la lista corta<\/strong>. La provincia carga con un estigma dif\u00edcil de desmontar:\u00a0<strong>tiene la Legislatura m\u00e1s cara del pa\u00eds en relaci\u00f3n a su poblaci\u00f3n<\/strong>, con\u00a0<strong>49 legisladores y un presupuesto que supera los 70 mil millones de pesos anuales<\/strong>, sin que se conozca con precisi\u00f3n cu\u00e1ntos empleados tiene ni c\u00f3mo se distribuyen los recursos.<\/p>\n<p>Adem\u00e1s, el poder judicial tucumano\u00a0<strong>ostenta algunos de los sueldos m\u00e1s altos del pa\u00eds<\/strong>, con jueces de primera instancia que superar\u00edan los\u00a0<strong>$12 millones mensuales en bruto<\/strong>, y miembros de la Corte Suprema provincial que duplican esa cifra, seg\u00fan fuentes internas. Todo esto, sin una ley de acceso a la informaci\u00f3n p\u00fablica provincial que permita a los ciudadanos auditar el funcionamiento del Estado.<\/p>\n<p>En ese marco,\u00a0<strong>el reclamo de ATN suena contradictorio para Naci\u00f3n<\/strong>. \u201c\u00bfPara qu\u00e9 quieren m\u00e1s fondos si no son capaces de revisar sus privilegios?\u201d, plante\u00f3 un funcionario del Ejecutivo nacional en off, apuntando directamente a\u00a0<strong>la falta de voluntad de las provincias para ajustar sus propios gastos de funcionamiento<\/strong>.<\/p>\n<p>Los gobernadores, sin embargo, insisten en que los ATN no son premios sino\u00a0<strong>recursos de emergencia para sostener servicios b\u00e1sicos<\/strong>, como salud, seguridad o transporte. Y en muchos casos, se\u00f1alan que\u00a0<strong>la responsabilidad de la crisis fiscal es compartida<\/strong>, dado que Naci\u00f3n recort\u00f3 unilateralmente transferencias, subsidios y programas sociales. En Tucum\u00e1n, por ejemplo,\u00a0<strong>los subsidios al transporte est\u00e1n pr\u00e1cticamente congelados<\/strong>, mientras el costo del boleto urbano supera los $1.000. La falta de obras p\u00fablicas nacionales tambi\u00e9n paraliz\u00f3 empleos e inversiones clave en rutas, cloacas y escuelas.<\/p>\n<p>En ese marco,\u00a0<strong>el gobernador Osvaldo Jaldo juega una partida compleja<\/strong>: necesita sostener la paz social y el equilibrio fiscal, pero\u00a0<strong>evita confrontar abiertamente con el gobierno de Javier Milei<\/strong>, consciente de que cualquier gesto de rebeld\u00eda podr\u00eda traducirse en un cierre total del grifo financiero.<\/p>\n<p>En paralelo, otros mandatarios del <strong>Norte Grande \u2014como Zdero, Zamora y Capitanich<\/strong>\u2014 exploran caminos comunes, desde la presi\u00f3n parlamentaria hasta eventuales reclamos judiciales, para\u00a0<strong>evitar que los ATN se conviertan en premios pol\u00edticos a provincias \u201camigas\u201d<\/strong>\u00a0y se recuperen criterios objetivos de distribuci\u00f3n.<\/p>\n<p>La disputa, sin embargo, ya no es solo por fondos:\u00a0<strong>es por autonom\u00eda, por legitimidad y por qui\u00e9n fija las reglas del federalismo fiscal argentino<\/strong>. Y la pregunta de fondo retumba en todas las gobernaciones:<\/p>\n<p><strong>\u00bfpueden las provincias reclamar ayuda sin revisar sus propios privilegios?<\/strong><\/p>\n<\/div>\n","protected":false},"excerpt":{"rendered":"<p>En un contexto de fuerte restricci\u00f3n fiscal, los gobernadores de varias provincias reactivaron esta semana las negociaciones con el Gobierno nacional por la distribuci\u00f3n de los Aportes del Tesoro Nacional (ATN), una herramienta clave para sostener las finanzas de los distritos m\u00e1s golpeados por la ca\u00edda de la coparticipaci\u00f3n, la inflaci\u00f3n y la par\u00e1lisis de &hellip;<\/p>\n","protected":false},"author":2,"featured_media":9328,"comment_status":"open","ping_status":"open","sticky":false,"template":"","format":"standard","meta":{"footnotes":""},"categories":[33,25],"tags":[217,94,41],"class_list":["post-9327","post","type-post","status-publish","format-standard","has-post-thumbnail","hentry","category-nacionales","category-politica","tag-gobernadores","tag-jaldo","tag-milei"],"_links":{"self":[{"href":"https:\/\/cafeprensa.com.ar\/index.php\/wp-json\/wp\/v2\/posts\/9327","targetHints":{"allow":["GET"]}}],"collection":[{"href":"https:\/\/cafeprensa.com.ar\/index.php\/wp-json\/wp\/v2\/posts"}],"about":[{"href":"https:\/\/cafeprensa.com.ar\/index.php\/wp-json\/wp\/v2\/types\/post"}],"author":[{"embeddable":true,"href":"https:\/\/cafeprensa.com.ar\/index.php\/wp-json\/wp\/v2\/users\/2"}],"replies":[{"embeddable":true,"href":"https:\/\/cafeprensa.com.ar\/index.php\/wp-json\/wp\/v2\/comments?post=9327"}],"version-history":[{"count":2,"href":"https:\/\/cafeprensa.com.ar\/index.php\/wp-json\/wp\/v2\/posts\/9327\/revisions"}],"predecessor-version":[{"id":9330,"href":"https:\/\/cafeprensa.com.ar\/index.php\/wp-json\/wp\/v2\/posts\/9327\/revisions\/9330"}],"wp:featuredmedia":[{"embeddable":true,"href":"https:\/\/cafeprensa.com.ar\/index.php\/wp-json\/wp\/v2\/media\/9328"}],"wp:attachment":[{"href":"https:\/\/cafeprensa.com.ar\/index.php\/wp-json\/wp\/v2\/media?parent=9327"}],"wp:term":[{"taxonomy":"category","embeddable":true,"href":"https:\/\/cafeprensa.com.ar\/index.php\/wp-json\/wp\/v2\/categories?post=9327"},{"taxonomy":"post_tag","embeddable":true,"href":"https:\/\/cafeprensa.com.ar\/index.php\/wp-json\/wp\/v2\/tags?post=9327"}],"curies":[{"name":"wp","href":"https:\/\/api.w.org\/{rel}","templated":true}]}}