{"id":9334,"date":"2025-06-26T12:50:25","date_gmt":"2025-06-26T10:50:25","guid":{"rendered":"https:\/\/cafeprensa.com.ar\/?p=9334"},"modified":"2025-06-26T12:50:25","modified_gmt":"2025-06-26T10:50:25","slug":"cristina-kirchner-tiene-que-devolver-22-500-millones-al-estado","status":"publish","type":"post","link":"https:\/\/cafeprensa.com.ar\/index.php\/2025\/06\/26\/cristina-kirchner-tiene-que-devolver-22-500-millones-al-estado\/","title":{"rendered":"Cristina Kirchner tiene que devolver $22.500 millones al Estado"},"content":{"rendered":"<div class=\"the-post-header s-head-modern s-head-modern-a has-share-meta-right\">\n<div class=\"post-meta post-meta-a post-meta-left post-meta-single has-below\"><\/div>\n<\/div>\n<div class=\"single-featured\"><em>La C\u00e1mara Civil y Comercial rechaz\u00f3 la solicitud de cerrar el expediente por los da\u00f1os derivados de su condena en el Caso Vialidad.<\/em><\/div>\n<div class=\"the-post s-post-modern\">\n<article id=\"post-76393\" class=\"post-76393 post type-post status-publish format-standard has-post-thumbnail category-nacionales category-destacada-1 tag-cristina-fernandez-de-kirchner tag-cristina-kirchner-con-tobillera-electronica tag-cristina-kirchner-condenada\">\n<div class=\"post-content-wrap has-share-float\">\n<div class=\"post-content cf entry-content content-spacious\">\n<div class=\"wp-block-image\">\n<figure class=\"aligncenter size-full\"><a href=\"https:\/\/elfederalnoticias.com.ar\/wp-content\/uploads\/2025\/06\/image-197.png\"><img loading=\"lazy\" decoding=\"async\" class=\"wp-image-76276\" src=\"https:\/\/elfederalnoticias.com.ar\/wp-content\/uploads\/2025\/06\/image-197.png\" sizes=\"auto, (max-width: 820px) 100vw, 820px\" srcset=\"https:\/\/elfederalnoticias.com.ar\/wp-content\/uploads\/2025\/06\/image-197.png 820w, https:\/\/elfederalnoticias.com.ar\/wp-content\/uploads\/2025\/06\/image-197-300x150.png 300w, https:\/\/elfederalnoticias.com.ar\/wp-content\/uploads\/2025\/06\/image-197-768x384.png 768w, https:\/\/elfederalnoticias.com.ar\/wp-content\/uploads\/2025\/06\/image-197-150x75.png 150w, https:\/\/elfederalnoticias.com.ar\/wp-content\/uploads\/2025\/06\/image-197-450x225.png 450w\" alt=\"\" width=\"820\" height=\"410\" \/><\/a><figcaption class=\"wp-element-caption\">Condenados en la Causa Vialidad.<\/figcaption><\/figure>\n<\/div>\n<p>La <strong>C\u00e1mara de Apelaciones en lo Civil y Comercial Federal<\/strong>, rechaz\u00f3 el pedido de la ex-presidente\u00a0<strong>Cristina Elisabet Fern\u00e1ndez de Kirchner<\/strong>,\u00a0de cerrar el caso de<strong>\u00a0<\/strong>una demanda por la que debe pagarle\u00a0<strong>$ 22.500 millones<\/strong>\u00a0al\u00a0<strong>Estado Nacional<\/strong>.<\/p>\n<p>Se trata de una\u00a0casusa civil por da\u00f1os y perjuicios\u00a0derivados de su\u00a0condena penal en la causa Vialidad.<\/p>\n<p><strong>Los jueces\u00a0Guillermo Antelo, Florencia Nallar\u00a0y\u00a0Juan Perozziello Vizier, rechazaron el\u00a0recurso de queja\u00a0de la condenada presidente del\u00a0Partido Justicialista\u00a0(PJ), contra la decisi\u00f3n del magistrado de primera instancia que ya hab\u00eda expresado su rechazo.<\/strong><\/p>\n<p>Este proceso judicial es\u00a0<strong>paralelo al penal<\/strong>\u00a0que ya la conden\u00f3, y seg\u00fan cotizaci\u00f3n de 2018, la cifra era equivalente a\u00a0<strong>U$S 1.125 millones\u00a0<\/strong>. Durante el gobierno de\u00a0<strong>Mauricio Macri<\/strong>, se impuls\u00f3 la denuncia penal contra la ex-presidente y ex-funcionarios, al tiempo que\u00a0<strong>la Direcci\u00f3n Nacional de Vialidad\u00a0<\/strong>realiz\u00f3 la demanda econ\u00f3mica.<\/p>\n<p><strong>Cristina Kirchner ya solicit\u00f3 dos veces la caducidad de la instancia y argument\u00f3 que la causa debe cerrarse porque\u00a0Vialidad dej\u00f3 transcurrir seis meses sin ejercer su reclamo.<\/strong><\/p>\n<\/div>\n<\/div>\n<\/article>\n<\/div>\n","protected":false},"excerpt":{"rendered":"<p>La C\u00e1mara Civil y Comercial rechaz\u00f3 la solicitud de cerrar el expediente por los da\u00f1os derivados de su condena en el Caso Vialidad. Condenados en la Causa Vialidad. La C\u00e1mara de Apelaciones en lo Civil y Comercial Federal, rechaz\u00f3 el pedido de la ex-presidente\u00a0Cristina Elisabet Fern\u00e1ndez de Kirchner,\u00a0de cerrar el caso de\u00a0una demanda por la &hellip;<\/p>\n","protected":false},"author":2,"featured_media":9335,"comment_status":"open","ping_status":"open","sticky":false,"template":"","format":"standard","meta":{"footnotes":""},"categories":[47,33],"tags":[122,2082],"class_list":["post-9334","post","type-post","status-publish","format-standard","has-post-thumbnail","hentry","category-justicia","category-nacionales","tag-cristina","tag-presa"],"_links":{"self":[{"href":"https:\/\/cafeprensa.com.ar\/index.php\/wp-json\/wp\/v2\/posts\/9334","targetHints":{"allow":["GET"]}}],"collection":[{"href":"https:\/\/cafeprensa.com.ar\/index.php\/wp-json\/wp\/v2\/posts"}],"about":[{"href":"https:\/\/cafeprensa.com.ar\/index.php\/wp-json\/wp\/v2\/types\/post"}],"author":[{"embeddable":true,"href":"https:\/\/cafeprensa.com.ar\/index.php\/wp-json\/wp\/v2\/users\/2"}],"replies":[{"embeddable":true,"href":"https:\/\/cafeprensa.com.ar\/index.php\/wp-json\/wp\/v2\/comments?post=9334"}],"version-history":[{"count":1,"href":"https:\/\/cafeprensa.com.ar\/index.php\/wp-json\/wp\/v2\/posts\/9334\/revisions"}],"predecessor-version":[{"id":9336,"href":"https:\/\/cafeprensa.com.ar\/index.php\/wp-json\/wp\/v2\/posts\/9334\/revisions\/9336"}],"wp:featuredmedia":[{"embeddable":true,"href":"https:\/\/cafeprensa.com.ar\/index.php\/wp-json\/wp\/v2\/media\/9335"}],"wp:attachment":[{"href":"https:\/\/cafeprensa.com.ar\/index.php\/wp-json\/wp\/v2\/media?parent=9334"}],"wp:term":[{"taxonomy":"category","embeddable":true,"href":"https:\/\/cafeprensa.com.ar\/index.php\/wp-json\/wp\/v2\/categories?post=9334"},{"taxonomy":"post_tag","embeddable":true,"href":"https:\/\/cafeprensa.com.ar\/index.php\/wp-json\/wp\/v2\/tags?post=9334"}],"curies":[{"name":"wp","href":"https:\/\/api.w.org\/{rel}","templated":true}]}}