{"id":9337,"date":"2025-06-26T11:22:50","date_gmt":"2025-06-26T09:22:50","guid":{"rendered":"https:\/\/cafeprensa.com.ar\/?p=9337"},"modified":"2025-06-26T16:22:08","modified_gmt":"2025-06-26T14:22:08","slug":"alperovich-cumplira-prision-domiciliaria-en-su-casa-de-puerto-madero","status":"publish","type":"post","link":"https:\/\/cafeprensa.com.ar\/index.php\/2025\/06\/26\/alperovich-cumplira-prision-domiciliaria-en-su-casa-de-puerto-madero\/","title":{"rendered":"Alperovich cumplir\u00e1 prisi\u00f3n domiciliaria en su casa de Puerto Madero"},"content":{"rendered":"<div class=\"tituloVerNoticia\">El exgobernador tucumano fue condenado a 16 a\u00f1os de c\u00e1rcel por abuso sexual.<\/div>\n<div class=\"tituloVerNoticia\"><strong>Ahora, la Justicia le permite continuar la pena en su domicilio de Puerto Madero, bajo estrictas condiciones.<\/strong><\/div>\n<div class=\"cuerpoVerNoticia\">\n<div>La Justicia le concedi\u00f3 la <strong>prisi\u00f3n domiciliaria a Jos\u00e9 Alperovich, exgobernador de Tucum\u00e1n y exsenador nacional,<\/strong> condenado en 2024 a 16 a\u00f1os de prisi\u00f3n por nueve hechos de abuso sexual contra una sobrina. La medida fue dispuesta por el<strong> Juez Juan Ramos Padilla<\/strong>, quien tambi\u00e9n dict\u00f3 la sentencia original, y se basa en argumentos vinculados a la edad y el estado de salud del condenado.<\/div>\n<div>\n<div>\n<div>\n<p><img loading=\"lazy\" decoding=\"async\" class=\"alignnone wp-image-9338 size-large\" src=\"https:\/\/cafeprensa.com.ar\/wp-content\/uploads\/2025\/06\/video-asi-fue-llegada-jose-alperovich-al-penal-ezeiza-1039674-002705-1024x537.jpg\" alt=\"\" width=\"1024\" height=\"537\" srcset=\"https:\/\/cafeprensa.com.ar\/wp-content\/uploads\/2025\/06\/video-asi-fue-llegada-jose-alperovich-al-penal-ezeiza-1039674-002705-1024x537.jpg 1024w, https:\/\/cafeprensa.com.ar\/wp-content\/uploads\/2025\/06\/video-asi-fue-llegada-jose-alperovich-al-penal-ezeiza-1039674-002705-300x157.jpg 300w, https:\/\/cafeprensa.com.ar\/wp-content\/uploads\/2025\/06\/video-asi-fue-llegada-jose-alperovich-al-penal-ezeiza-1039674-002705-768x403.jpg 768w, https:\/\/cafeprensa.com.ar\/wp-content\/uploads\/2025\/06\/video-asi-fue-llegada-jose-alperovich-al-penal-ezeiza-1039674-002705.jpg 1200w\" sizes=\"auto, (max-width: 1024px) 100vw, 1024px\" \/>Alperovich cumpl\u00eda su condena en el penal de Ezeiza desde junio del a\u00f1o pasado. Ahora, pasar\u00e1 a residir en uno de sus departamentos en el<strong> barrio porte\u00f1o de Puerto Madero<\/strong>, lugar que, seg\u00fan consta en el expediente, fue escenario de algunos de los abusos denunciados. Esta decisi\u00f3n gener\u00f3 indignaci\u00f3n en colectivos feministas y organismos de derechos humanos, que advierten sobre el impacto simb\u00f3lico y emocional para la v\u00edctima.<\/p>\n<div>\n<div>\n<p><strong>El r\u00e9gimen domiciliario incluye el uso obligatorio de tobillera electr\u00f3nica, una cauci\u00f3n real de 400 millones de pesos y la prohibici\u00f3n de contacto directo o indirecto con la denunciante y su entorno. Tambi\u00e9n se le impide realizar declaraciones p\u00fablicas que puedan afectarla.<\/strong><\/p>\n<div>\n<div>\n<p>Durante el proceso, la defensa de Alperovich hab\u00eda solicitado en varias ocasiones una morigeraci\u00f3n de la pena, pero los pedidos fueron rechazados hasta ahora.<strong> El juez aclar\u00f3 que la prisi\u00f3n domiciliaria \u201cno es un privilegio ni un acto de clemencia\u201d, sino una herramienta legal prevista en casos espec\u00edficos.<\/strong><\/p>\n<div>\n<div>La causa sigue su curso en instancias superiores, mientras el exmandatario permanecer\u00e1 bajo vigilancia judicial. El caso contin\u00faa generando repercusiones pol\u00edticas y sociales, en un pa\u00eds donde la lucha contra la violencia de g\u00e9nero sigue siendo una demanda urgente.<\/div>\n<\/div>\n<\/div>\n<\/div>\n<\/div>\n<\/div>\n<\/div>\n<\/div>\n<\/div>\n<\/div>\n","protected":false},"excerpt":{"rendered":"<p>El exgobernador tucumano fue condenado a 16 a\u00f1os de c\u00e1rcel por abuso sexual. Ahora, la Justicia le permite continuar la pena en su domicilio de Puerto Madero, bajo estrictas condiciones. La Justicia le concedi\u00f3 la prisi\u00f3n domiciliaria a Jos\u00e9 Alperovich, exgobernador de Tucum\u00e1n y exsenador nacional, condenado en 2024 a 16 a\u00f1os de prisi\u00f3n por &hellip;<\/p>\n","protected":false},"author":2,"featured_media":9339,"comment_status":"open","ping_status":"open","sticky":false,"template":"","format":"standard","meta":{"footnotes":""},"categories":[47,33],"tags":[810],"class_list":["post-9337","post","type-post","status-publish","format-standard","has-post-thumbnail","hentry","category-justicia","category-nacionales","tag-caso-alperovich"],"_links":{"self":[{"href":"https:\/\/cafeprensa.com.ar\/index.php\/wp-json\/wp\/v2\/posts\/9337","targetHints":{"allow":["GET"]}}],"collection":[{"href":"https:\/\/cafeprensa.com.ar\/index.php\/wp-json\/wp\/v2\/posts"}],"about":[{"href":"https:\/\/cafeprensa.com.ar\/index.php\/wp-json\/wp\/v2\/types\/post"}],"author":[{"embeddable":true,"href":"https:\/\/cafeprensa.com.ar\/index.php\/wp-json\/wp\/v2\/users\/2"}],"replies":[{"embeddable":true,"href":"https:\/\/cafeprensa.com.ar\/index.php\/wp-json\/wp\/v2\/comments?post=9337"}],"version-history":[{"count":2,"href":"https:\/\/cafeprensa.com.ar\/index.php\/wp-json\/wp\/v2\/posts\/9337\/revisions"}],"predecessor-version":[{"id":9341,"href":"https:\/\/cafeprensa.com.ar\/index.php\/wp-json\/wp\/v2\/posts\/9337\/revisions\/9341"}],"wp:featuredmedia":[{"embeddable":true,"href":"https:\/\/cafeprensa.com.ar\/index.php\/wp-json\/wp\/v2\/media\/9339"}],"wp:attachment":[{"href":"https:\/\/cafeprensa.com.ar\/index.php\/wp-json\/wp\/v2\/media?parent=9337"}],"wp:term":[{"taxonomy":"category","embeddable":true,"href":"https:\/\/cafeprensa.com.ar\/index.php\/wp-json\/wp\/v2\/categories?post=9337"},{"taxonomy":"post_tag","embeddable":true,"href":"https:\/\/cafeprensa.com.ar\/index.php\/wp-json\/wp\/v2\/tags?post=9337"}],"curies":[{"name":"wp","href":"https:\/\/api.w.org\/{rel}","templated":true}]}}