{"id":9342,"date":"2025-06-26T13:14:39","date_gmt":"2025-06-26T11:14:39","guid":{"rendered":"https:\/\/cafeprensa.com.ar\/?p=9342"},"modified":"2025-06-26T13:14:39","modified_gmt":"2025-06-26T11:14:39","slug":"como-sera-el-nuevo-luna-park","status":"publish","type":"post","link":"https:\/\/cafeprensa.com.ar\/index.php\/2025\/06\/26\/como-sera-el-nuevo-luna-park\/","title":{"rendered":"Como ser\u00e1 el nuevo Luna Park"},"content":{"rendered":"<div class=\"section-2-col article-header\">\n<div class=\"col 2-col\">\n<p class=\"h4 ff-16px-w700\"><em>Que abrir\u00e1 sus puertas a fines de 2027.<\/em><\/p>\n<\/div>\n<\/div>\n<div class=\"section-2-col article-main-content\">\n<div class=\"col 2-col\">\n<div class=\"article-main-content article-text  \">\n<p><b>DF Entertainment<\/b>\u00a0y su socio\u00a0<b>Live Nation<\/b>\u00a0firmaron un acuerdo con\u00a0<b>Estadio Luna Park<\/b>\u00a0S.A. para renovar y gestionar el m\u00edtico estadio porte\u00f1o por las pr\u00f3ximas d\u00e9cadas.<\/p>\n<p><b>La reapertura est\u00e1 prevista para fines de 2027<\/b>. El proyecto contempla una modernizaci\u00f3n integral que aumentar\u00e1 su capacidad y mejorar\u00e1 la ac\u00fastica, visuales y accesos, conservando la emblem\u00e1tica fachada y elementos originales del estadio, declarado Monumento Hist\u00f3rico Nacional en 2007.<\/p>\n<p>Adem\u00e1s, se crear\u00e1n nuevos espacios VIP, \u00e1reas gastron\u00f3micas, camarines, cocheras, y un Museo del Luna Park que homenajear\u00e1 su historia. Tambi\u00e9n se incorporar\u00e1n tecnolog\u00edas sustentables.<\/p>\n<p><b>Diego Finkelstein<\/b>, fundador de DF Entertainment, destac\u00f3 que el objetivo es preservar su legado y proyectarlo hacia el futuro.\u00a0<b>Michael Rapino<\/b>, CEO de Live Nation, celebr\u00f3 la posibilidad de seguir conectando al p\u00fablico local con artistas internacionales.<\/p>\n<p>E<strong>l nuevo Luna Park tendr\u00e1 m\u00e1s de 150 eventos anuales y prometen que volver\u00e1 a ser un epicentro cultural de primer nivel<\/strong><\/p>\n<\/div>\n<\/div>\n<\/div>\n","protected":false},"excerpt":{"rendered":"<p>Que abrir\u00e1 sus puertas a fines de 2027. DF Entertainment\u00a0y su socio\u00a0Live Nation\u00a0firmaron un acuerdo con\u00a0Estadio Luna Park\u00a0S.A. para renovar y gestionar el m\u00edtico estadio porte\u00f1o por las pr\u00f3ximas d\u00e9cadas. La reapertura est\u00e1 prevista para fines de 2027. El proyecto contempla una modernizaci\u00f3n integral que aumentar\u00e1 su capacidad y mejorar\u00e1 la ac\u00fastica, visuales y accesos, &hellip;<\/p>\n","protected":false},"author":2,"featured_media":9343,"comment_status":"open","ping_status":"open","sticky":false,"template":"","format":"standard","meta":{"footnotes":""},"categories":[30,33],"tags":[2140,2141],"class_list":["post-9342","post","type-post","status-publish","format-standard","has-post-thumbnail","hentry","category-cultura-y-espectaculos","category-nacionales","tag-luna-park","tag-nenovacion"],"_links":{"self":[{"href":"https:\/\/cafeprensa.com.ar\/index.php\/wp-json\/wp\/v2\/posts\/9342","targetHints":{"allow":["GET"]}}],"collection":[{"href":"https:\/\/cafeprensa.com.ar\/index.php\/wp-json\/wp\/v2\/posts"}],"about":[{"href":"https:\/\/cafeprensa.com.ar\/index.php\/wp-json\/wp\/v2\/types\/post"}],"author":[{"embeddable":true,"href":"https:\/\/cafeprensa.com.ar\/index.php\/wp-json\/wp\/v2\/users\/2"}],"replies":[{"embeddable":true,"href":"https:\/\/cafeprensa.com.ar\/index.php\/wp-json\/wp\/v2\/comments?post=9342"}],"version-history":[{"count":1,"href":"https:\/\/cafeprensa.com.ar\/index.php\/wp-json\/wp\/v2\/posts\/9342\/revisions"}],"predecessor-version":[{"id":9344,"href":"https:\/\/cafeprensa.com.ar\/index.php\/wp-json\/wp\/v2\/posts\/9342\/revisions\/9344"}],"wp:featuredmedia":[{"embeddable":true,"href":"https:\/\/cafeprensa.com.ar\/index.php\/wp-json\/wp\/v2\/media\/9343"}],"wp:attachment":[{"href":"https:\/\/cafeprensa.com.ar\/index.php\/wp-json\/wp\/v2\/media?parent=9342"}],"wp:term":[{"taxonomy":"category","embeddable":true,"href":"https:\/\/cafeprensa.com.ar\/index.php\/wp-json\/wp\/v2\/categories?post=9342"},{"taxonomy":"post_tag","embeddable":true,"href":"https:\/\/cafeprensa.com.ar\/index.php\/wp-json\/wp\/v2\/tags?post=9342"}],"curies":[{"name":"wp","href":"https:\/\/api.w.org\/{rel}","templated":true}]}}