{"id":9360,"date":"2025-06-27T12:38:37","date_gmt":"2025-06-27T10:38:37","guid":{"rendered":"https:\/\/cafeprensa.com.ar\/?p=9360"},"modified":"2025-06-27T12:38:37","modified_gmt":"2025-06-27T10:38:37","slug":"ale-gestiono-ante-edet-la-instalacion-de-medidores-electricos-para-60-familias-de-b-autopista-sur","status":"publish","type":"post","link":"https:\/\/cafeprensa.com.ar\/index.php\/2025\/06\/27\/ale-gestiono-ante-edet-la-instalacion-de-medidores-electricos-para-60-familias-de-b-autopista-sur\/","title":{"rendered":"Ale gestion\u00f3 ante EDET la instalaci\u00f3n de medidores el\u00e9ctricos para 60 familias de B\u00b0 Autopista Sur"},"content":{"rendered":"<div class=\"xdj266r x14z9mp xat24cr x1lziwak x1vvkbs x126k92a\">\n<div dir=\"auto\">El concejal capitalino Carlos Ale present\u00f3 un pedido formal ante la Empresa de Distribuci\u00f3n El\u00e9ctrica de Tucum\u00e1n (EDET) para que se <strong>instalen medidores el\u00e9ctricos en beneficio de 60 familias<\/strong> que viven en un pasaje sin nombre ubicado entre la <strong>orilla del R\u00edo Sal\u00ed y la Avenida Circunvalaci\u00f3n, en la zona de Mercofrut, barrio Autopista Sur.<\/strong><\/div>\n<div dir=\"auto\"><img loading=\"lazy\" decoding=\"async\" class=\"alignnone wp-image-9361 size-large\" src=\"https:\/\/cafeprensa.com.ar\/wp-content\/uploads\/2025\/06\/510762831_2049166599224142_828331847324728774_n-1024x682.jpg\" alt=\"\" width=\"1024\" height=\"682\" srcset=\"https:\/\/cafeprensa.com.ar\/wp-content\/uploads\/2025\/06\/510762831_2049166599224142_828331847324728774_n-1024x682.jpg 1024w, https:\/\/cafeprensa.com.ar\/wp-content\/uploads\/2025\/06\/510762831_2049166599224142_828331847324728774_n-300x200.jpg 300w, https:\/\/cafeprensa.com.ar\/wp-content\/uploads\/2025\/06\/510762831_2049166599224142_828331847324728774_n-768x512.jpg 768w, https:\/\/cafeprensa.com.ar\/wp-content\/uploads\/2025\/06\/510762831_2049166599224142_828331847324728774_n.jpg 1280w\" sizes=\"auto, (max-width: 1024px) 100vw, 1024px\" \/><\/div>\n<\/div>\n<div class=\"x14z9mp xat24cr x1lziwak x1vvkbs xtlvy1s x126k92a\">\n<div dir=\"auto\">La solicitud surge a partir de un relevamiento territorial y de las reiteradas demandas de los vecinos del sector, quienes actualmente se encuentran sin acceso a alumbrado p\u00fablico ni conexi\u00f3n el\u00e9ctrica, viviendo en condiciones de extrema vulnerabilidad. <strong>Seg\u00fan informaron los propios habitantes, en oportunidades anteriores ya se hab\u00eda solicitado esta instalaci\u00f3n al equipo t\u00e9cnico de EDET, que respondi\u00f3 negativamente alegando la cercan\u00eda al r\u00edo como impedimento.<\/strong><\/div>\n<div dir=\"auto\"><img loading=\"lazy\" decoding=\"async\" class=\"alignnone size-full wp-image-9363\" src=\"https:\/\/cafeprensa.com.ar\/wp-content\/uploads\/2025\/06\/511264340_2049166595890809_5378613738092459593_n.jpg\" alt=\"\" width=\"1280\" height=\"853\" srcset=\"https:\/\/cafeprensa.com.ar\/wp-content\/uploads\/2025\/06\/511264340_2049166595890809_5378613738092459593_n.jpg 1280w, https:\/\/cafeprensa.com.ar\/wp-content\/uploads\/2025\/06\/511264340_2049166595890809_5378613738092459593_n-300x200.jpg 300w, https:\/\/cafeprensa.com.ar\/wp-content\/uploads\/2025\/06\/511264340_2049166595890809_5378613738092459593_n-1024x682.jpg 1024w, https:\/\/cafeprensa.com.ar\/wp-content\/uploads\/2025\/06\/511264340_2049166595890809_5378613738092459593_n-768x512.jpg 768w\" sizes=\"auto, (max-width: 1280px) 100vw, 1280px\" \/><\/div>\n<\/div>\n<div class=\"x14z9mp xat24cr x1lziwak x1vvkbs xtlvy1s x126k92a\">\n<div dir=\"auto\">\u201cEsta situaci\u00f3n es insostenible. Hablamos de familias que viven con ni\u00f1os, adultos mayores, y sin un servicio b\u00e1sico como la electricidad. <strong>No se puede seguir postergando la dignidad de estos tucumanos\u201d, se\u00f1al\u00f3 Ale, quien adjunt\u00f3 a la nota un croquis del lugar afectado.<\/strong><\/div>\n<\/div>\n<div class=\"x14z9mp xat24cr x1lziwak x1vvkbs xtlvy1s x126k92a\">\n<div dir=\"auto\">El concejal pidi\u00f3 que se contemple una soluci\u00f3n t\u00e9cnica que garantice el derecho al acceso a la energ\u00eda en condiciones seguras.<strong> \u201cVamos a insistir hasta que esta gesti\u00f3n se concrete. No es un favor, es un derecho\u201d<\/strong>, afirm\u00f3. La presentaci\u00f3n qued\u00f3<strong> registrada este 26 de junio en la administraci\u00f3n de EDET Metropolitana<\/strong> y se espera una pronta respuesta por parte de la empresa prestadora del servicio.<\/div>\n<\/div>\n","protected":false},"excerpt":{"rendered":"<p>El concejal capitalino Carlos Ale present\u00f3 un pedido formal ante la Empresa de Distribuci\u00f3n El\u00e9ctrica de Tucum\u00e1n (EDET) para que se instalen medidores el\u00e9ctricos en beneficio de 60 familias que viven en un pasaje sin nombre ubicado entre la orilla del R\u00edo Sal\u00ed y la Avenida Circunvalaci\u00f3n, en la zona de Mercofrut, barrio Autopista Sur. &hellip;<\/p>\n","protected":false},"author":2,"featured_media":9362,"comment_status":"open","ping_status":"open","sticky":false,"template":"","format":"standard","meta":{"footnotes":""},"categories":[1707,54,25],"tags":[556,311],"class_list":["post-9360","post","type-post","status-publish","format-standard","has-post-thumbnail","hentry","category-concejales-de-tucuman","category-interes-ganeral","category-politica","tag-concejal-ale","tag-edet"],"_links":{"self":[{"href":"https:\/\/cafeprensa.com.ar\/index.php\/wp-json\/wp\/v2\/posts\/9360","targetHints":{"allow":["GET"]}}],"collection":[{"href":"https:\/\/cafeprensa.com.ar\/index.php\/wp-json\/wp\/v2\/posts"}],"about":[{"href":"https:\/\/cafeprensa.com.ar\/index.php\/wp-json\/wp\/v2\/types\/post"}],"author":[{"embeddable":true,"href":"https:\/\/cafeprensa.com.ar\/index.php\/wp-json\/wp\/v2\/users\/2"}],"replies":[{"embeddable":true,"href":"https:\/\/cafeprensa.com.ar\/index.php\/wp-json\/wp\/v2\/comments?post=9360"}],"version-history":[{"count":1,"href":"https:\/\/cafeprensa.com.ar\/index.php\/wp-json\/wp\/v2\/posts\/9360\/revisions"}],"predecessor-version":[{"id":9364,"href":"https:\/\/cafeprensa.com.ar\/index.php\/wp-json\/wp\/v2\/posts\/9360\/revisions\/9364"}],"wp:featuredmedia":[{"embeddable":true,"href":"https:\/\/cafeprensa.com.ar\/index.php\/wp-json\/wp\/v2\/media\/9362"}],"wp:attachment":[{"href":"https:\/\/cafeprensa.com.ar\/index.php\/wp-json\/wp\/v2\/media?parent=9360"}],"wp:term":[{"taxonomy":"category","embeddable":true,"href":"https:\/\/cafeprensa.com.ar\/index.php\/wp-json\/wp\/v2\/categories?post=9360"},{"taxonomy":"post_tag","embeddable":true,"href":"https:\/\/cafeprensa.com.ar\/index.php\/wp-json\/wp\/v2\/tags?post=9360"}],"curies":[{"name":"wp","href":"https:\/\/api.w.org\/{rel}","templated":true}]}}