{"id":9372,"date":"2025-06-28T00:41:28","date_gmt":"2025-06-27T22:41:28","guid":{"rendered":"https:\/\/cafeprensa.com.ar\/?p=9372"},"modified":"2025-06-28T00:41:28","modified_gmt":"2025-06-27T22:41:28","slug":"estamos-en-el-ojo-de-la-tormenta","status":"publish","type":"post","link":"https:\/\/cafeprensa.com.ar\/index.php\/2025\/06\/28\/estamos-en-el-ojo-de-la-tormenta\/","title":{"rendered":"\u00abEstamos en el ojo de la tormenta\u00bb"},"content":{"rendered":"<div id=\"row-post\" class=\"row\">\n<div class=\"col-sm-9 bloque-interna\">\n<div id=\"site-content\" class=\"site-content\">\n<div class=\"left-content\">\n<div id=\"details-news-310051\" class=\"details-news\">\n<div class=\"post\">\n<div class=\"post-content titinterna\">\n<p class=\"entry-title interna\"><strong>Emmanuel \u00c1lvarez Agis analiz\u00f3 el modelo econ\u00f3mico de Milei y advirti\u00f3 sobre los desaf\u00edos para Tucum\u00e1n.<\/strong><\/p>\n<div class=\"entry-content\">\n<p class=\"bajada\">El ex viceministro de econom\u00eda de la Naci\u00f3n visit\u00f3 la provincia para un encuentro organizado por el Grupo Boreal. En una entrevista mano a mano con eltucumano.com, di\u00f3 su mirada sobre las proyecciones economicas para el pa\u00eds y la provincia. <strong>El economista y ex vice ministro de la Naci\u00f3n, Emmanuel \u00c1lvarez Agis visit\u00f3 Tucum\u00e1n<\/strong>\u00a0para participar de un encuentro organizado por el\u00a0<strong>Grupo Boreal<\/strong>, donde brind\u00f3 una charla centrada en el panorama econ\u00f3mico actual del pa\u00eds, la situaci\u00f3n fiscal de las provincias y el impacto del modelo libertario en regiones como el norte argentino. En di\u00e1logo con\u00a0<strong>eltucumano.com<\/strong>, comparti\u00f3 su mirada sobre el presente y el futuro de la econom\u00eda nacional.<\/p>\n<\/div>\n<\/div>\n<div class=\"post-content contgral\">\n<div class=\"entry-content continterna\">\n<p><strong>\u00bfQu\u00e9 te trae a Tucum\u00e1n?<\/strong><\/p>\n<p>Estoy invitado por la gente del Grupo Boreal para dar una charla sobre econom\u00eda. Hay mucho inter\u00e9s por entender qu\u00e9 est\u00e1 pasando con la baja de la inflaci\u00f3n, el cambio de gobierno, y c\u00f3mo se reconfigura todo esto en un contexto internacional complejo. En Argentina estos temas siempre generan debate, pero hoy a\u00fan m\u00e1s.<\/p>\n<p><strong>\u00bfEs tu primera vez en la provincia?<\/strong><\/p>\n<p>No, he estado varias veces. Generalmente de visita, no por trabajo. Conozco varias zonas, sobre todo Taf\u00ed del Valle, que me gusta mucho.<\/p>\n<p data-end=\"1282\" data-start=\"1208\"><strong data-end=\"1282\" data-start=\"1208\">\u00bfQu\u00e9 le parece la implementaci\u00f3n de un Super IVA?<\/strong><\/p>\n<p data-end=\"1846\" data-start=\"1284\"><strong>A m\u00ed me da la impresi\u00f3n de que estamos en un problema para discutir cualquier tipo de modificaci\u00f3n impositiva, sobre todo si involucran a las provincias, porque lo est\u00e1 lo estamos haciendo en un contexto donde los recursos que Naci\u00f3n le deriva a provincias y los recursos propios de las provincias, est\u00e1n en ca\u00edda y no se recuperan.<\/strong> Entonces, como siempre en econom\u00eda, como en la vida, es m\u00e1s f\u00e1cil discutir c\u00f3mo uno reparte cuando hay mucho, que cuando hay poco. <strong>Yo creo que necesitamos una armonizaci\u00f3n en materia de ingresos brutos porque cualquier ca\u00edda de la recaudaci\u00f3n nacional, de la coparticipaci\u00f3n o incluso los recursos propios se compensen sumando actividades que empiezan a pagar ingresos brutos.<\/strong> Es un juego de suma cero, digamos, porque al final del d\u00eda las compa\u00f1\u00edas se pueden mudar de provincia, pero si todas suben Ingresos Brutos tampoco se pueden mudar de de pa\u00eds. Ahora, <strong>me parece que esa discusi\u00f3n en este marco donde el gobierno ha sido muy restrictivo en cuanto a los recursos que derivan las provincias, va a ser una discusi\u00f3n que yo preveo muy dif\u00edcil de llegar a un consenso.\u00a0<\/strong><\/p>\n<p data-end=\"1950\" data-start=\"1853\"><strong>\u00bfQu\u00e9 pens\u00e1s del pedido de algunos gobernadores para modificar el impuesto a los combustibles?<\/strong><\/p>\n<p data-end=\"1950\" data-start=\"1853\">Bueno, creo que es parte de lo mismo. Me me da la impresi\u00f3n de que estamos todos tratando de rascar el fondo de la olla. Particularmente con el<strong> Impuesto a la Transferencia de Combustible<\/strong> que es uno de esos de esos impuestos que quedan y que, uno no se da cuenta que en realidad, Argentina lo tiene por un defecto, \u00bfno? Qu\u00e9 por una virtud. <strong>La verdad tr\u00e1s del impuesto a los combustibles es que es f\u00e1cil de recaudar<\/strong>\u00a0y, que en realidad uno, no est\u00e1 cobrando un impuesto por el hecho de utilizar combustible porque quiere tener una pol\u00edtica verde para cuidar el ecosistema. En realidad es f\u00e1cil cobrarle el impuesto a un a este automovilista que para en la estaci\u00f3n de servicio. Entonces, me parece que en una discusi\u00f3n tributaria en serio,<strong>\u00a0Argentina \u00a0tendr\u00eda que discutir el impuesto a la transferencia de los combustibles, tendr\u00eda que discutir el impuesto al cheque, otra de esas medidas extraordinarias que quedaron para siempre<\/strong>.\u00a0<strong>Y tendr\u00eda que haber una discusi\u00f3n seria sobre Coparticipaci\u00f3n e Ingresos Brutos<\/strong>, porque hay muchas, muchas empresas en Argentina que terminan lidiando con estructuras provinciales que, a veces, son este hasta igual de pesadas que tributarias, \u00bfno?, que las nacionales.<\/p>\n<p><strong>\u00bfC\u00f3mo analiz\u00e1s el impacto del modelo econ\u00f3mico que propone Javier Milei en provincias como Tucum\u00e1n?<\/strong><\/p>\n<p><strong>No hace mucho hicimos un estudio estructural de la Econom\u00eda Argentina tratando de hacer un ejercicio de proyecci\u00f3n en el sentido de decir, <em>&#8216;bueno, olvid\u00e9monos de si este mes, el mes que viene, el a\u00f1o que viene, a Milei le sale mejor, le sale peor&#8217;<\/em>.<\/strong><\/p>\n<p>Supongamos que Argentina logra pasar este pozo en el que est\u00e1 y, finalmente, el modelo que propone el Gobierno y que tiene ganadores claros en los sectores primarios y en la energ\u00eda, en la miner\u00eda, en el petr\u00f3leo, en el gas, en el campo. Supongamos que ese modelo y ese esquema macroecon\u00f3mico finalmente funciona. <strong>\u00bfC\u00f3mo c\u00f3mo es ese pa\u00eds?<\/strong> y la verdad es que lo reflej\u00e1bamos en un mapa pintando de verde las zonas ganadoras y de rojos las zonas perdedoras, que b\u00e1sicamente depend\u00edan de si las compa\u00f1\u00edas que operan en esos territorios ganaban o perd\u00edan con ese esquema.<\/p>\n<p><strong>Y lo que nos pasaba en ese mapa es que se nos pintaba de verde toda la cordillera y una parte del sur del pa\u00eds y se nos pintaba de rojo toda la zona centro, Tucum\u00e1n\u00a0<\/strong><strong>inclusive y sobre todo el noreste argentino.<\/strong>\u00a0El gran problema de esto es que los d\u00f3lares que Argentina necesita est\u00e1n, en buena medida y sobre todo los que va a generar futuro, m\u00e1s cerca de la cordillera que de la zona centro, porque el campo argentino ya ha dado todo lo que todo lo que puede dar. Ahora,\u00a0<strong>el problema es que las concentraciones urbanas de poblaci\u00f3n\u00a0<\/strong><strong>est\u00e1n en la zona centro y esas actividades que pueden llegar a ganar, la miner\u00eda, el petr\u00f3leo, el gas, la miner\u00eda tradicional o el litio, son actividades que demandan muy poca mano de obra.<\/strong><\/p>\n<p>Entonces, si nosotros generamos un modelo donde pierden las zonas urbanas y los grandes centros urbanos y ganan las actividades que est\u00e1n lejos de los centros urbanos y que, para peor, absorben poca mano de obra, ni siquiera que con un proceso de migraci\u00f3n interna uno puede compensar los desbalances que se van a generar en materia de empleo.\u00a0<strong>As\u00ed que una de las grandes conclusiones de ese estudio es que el principal desaf\u00edo de Milei en un escenario donde las cosas salgan bien va a tener que ver con el empleo, con el empleo de calidad y bien remunerado, sobre todo.<\/strong><\/p>\n<p><strong>\u00bfSent\u00eds que ya hay estabilidad con respecto a la inflaci\u00f3n?<\/strong><\/p>\n<p>\u2014<strong>No. Creo que estemos en un momento donde no hay que confundirse.<\/strong>\u00a0Yo creo que estamos en el ojo de la tormenta, o sea, nosotros miramos para arriba, est\u00e1 despejado y no hay viento, pero probablemente\u00a0<strong>estos procesos desinflacionarios suelen tener idas y vueltas y varias etapas.<\/strong>\u00a0Entonces,\u00a0<strong>pensar que ya dejamos atr\u00e1s la inflaci\u00f3n y la Argentina lo solucion\u00f3 es negar la evidencia hist\u00f3rica de pa\u00edses que han salido del problema que tiene hoy Argentina, que en general les ha llevado d\u00e9cadas<\/strong>, digamos, no un mandato de gobierno. As\u00ed que yo creo que, por supuesto, mejor uno y medio de inflaci\u00f3n que 11 en un mes, pero creo que resta mucho camino por recorrer.<\/p>\n<p><iframe loading=\"lazy\" title=\"YouTube video player\" src=\"https:\/\/www.youtube.com\/embed\/_mly1AMTPNM?si=8TYaufsM8lgTMgxT\" width=\"560\" height=\"315\" frameborder=\"0\" allowfullscreen=\"allowfullscreen\"><\/iframe><\/p>\n<p>F<span style=\"font-size: 8pt;\"><strong>uente ; https:\/\/www.eltucumano.com\/noticia\/actualidad\/310051\/estamos-en-el-ojo-de-la-tormenta-emmanuel-alvarez-agis-analizo-el-modelo-economico-de-milei-y-advirtio-sobre-los-desafios-para-tucuman<\/strong><\/span><\/p>\n<\/div>\n<\/div>\n<\/div>\n<\/div>\n<\/div>\n<\/div>\n<\/div>\n<\/div>\n","protected":false},"excerpt":{"rendered":"<p>Emmanuel \u00c1lvarez Agis analiz\u00f3 el modelo econ\u00f3mico de Milei y advirti\u00f3 sobre los desaf\u00edos para Tucum\u00e1n. El ex viceministro de econom\u00eda de la Naci\u00f3n visit\u00f3 la provincia para un encuentro organizado por el Grupo Boreal. En una entrevista mano a mano con eltucumano.com, di\u00f3 su mirada sobre las proyecciones economicas para el pa\u00eds y la &hellip;<\/p>\n","protected":false},"author":2,"featured_media":9373,"comment_status":"open","ping_status":"open","sticky":false,"template":"","format":"standard","meta":{"footnotes":""},"categories":[28,34],"tags":[2147,636],"class_list":["post-9372","post","type-post","status-publish","format-standard","has-post-thumbnail","hentry","category-economia","category-locales","tag-emmanuel-alvarez-agis","tag-mario-koltan"],"_links":{"self":[{"href":"https:\/\/cafeprensa.com.ar\/index.php\/wp-json\/wp\/v2\/posts\/9372","targetHints":{"allow":["GET"]}}],"collection":[{"href":"https:\/\/cafeprensa.com.ar\/index.php\/wp-json\/wp\/v2\/posts"}],"about":[{"href":"https:\/\/cafeprensa.com.ar\/index.php\/wp-json\/wp\/v2\/types\/post"}],"author":[{"embeddable":true,"href":"https:\/\/cafeprensa.com.ar\/index.php\/wp-json\/wp\/v2\/users\/2"}],"replies":[{"embeddable":true,"href":"https:\/\/cafeprensa.com.ar\/index.php\/wp-json\/wp\/v2\/comments?post=9372"}],"version-history":[{"count":1,"href":"https:\/\/cafeprensa.com.ar\/index.php\/wp-json\/wp\/v2\/posts\/9372\/revisions"}],"predecessor-version":[{"id":9374,"href":"https:\/\/cafeprensa.com.ar\/index.php\/wp-json\/wp\/v2\/posts\/9372\/revisions\/9374"}],"wp:featuredmedia":[{"embeddable":true,"href":"https:\/\/cafeprensa.com.ar\/index.php\/wp-json\/wp\/v2\/media\/9373"}],"wp:attachment":[{"href":"https:\/\/cafeprensa.com.ar\/index.php\/wp-json\/wp\/v2\/media?parent=9372"}],"wp:term":[{"taxonomy":"category","embeddable":true,"href":"https:\/\/cafeprensa.com.ar\/index.php\/wp-json\/wp\/v2\/categories?post=9372"},{"taxonomy":"post_tag","embeddable":true,"href":"https:\/\/cafeprensa.com.ar\/index.php\/wp-json\/wp\/v2\/tags?post=9372"}],"curies":[{"name":"wp","href":"https:\/\/api.w.org\/{rel}","templated":true}]}}