{"id":9442,"date":"2025-06-30T15:14:48","date_gmt":"2025-06-30T13:14:48","guid":{"rendered":"https:\/\/cafeprensa.com.ar\/?p=9442"},"modified":"2025-06-30T15:15:13","modified_gmt":"2025-06-30T13:15:13","slug":"el-concejal-arnedo-insiste-en-el-tratamiento-de-seis-proyectos-de-ordenanza","status":"publish","type":"post","link":"https:\/\/cafeprensa.com.ar\/index.php\/2025\/06\/30\/el-concejal-arnedo-insiste-en-el-tratamiento-de-seis-proyectos-de-ordenanza\/","title":{"rendered":"El concejal Arnedo insiste en el tratamiento de seis proyectos de ordenanza"},"content":{"rendered":"<div dir=\"auto\">El concejal capitalino Carlos Arnedo (Acci\u00f3n Vecinal) insiste en el tratamiento de seis proyectos de ordenanza de su autor\u00eda presentados. <strong>\u201cEstos proyectos surgen del di\u00e1logo constante que mantengo con vecinos, docentes y especialistas, quienes comparten conmigo sus necesidades y propuestas\u201d<\/strong>, expres\u00f3.<\/div>\n<div dir=\"auto\">Entre las iniciativas destacadas se encuentra la creaci\u00f3n del Programa Permanente de Inform\u00e1tica en los Jardines de Infantes, que busca acercar desde temprana edad el uso de herramientas digitales a los ni\u00f1os y ni\u00f1as de nivel inicial.<strong> \u201cNo se trata solo de aprender a usar una computadora, sino de desarrollar habilidades que son fundamentales en el mundo actual, cada vez m\u00e1s dependiente de la Inteligencia Artificial y las nuevas tecnolog\u00edas<\/strong>\u201d, explic\u00f3. No obstante, otro de los proyectos busca restringir el uso de tel\u00e9fonos celulares en estudiantes de los niveles primario y secundario en los establecimientos educativos municipales, argumentando o se trata de prohibir, sino de regular su uso para recuperar el sentido pedag\u00f3gico de las aulas y garantizar entornos de aprendizaje m\u00e1s sanos\u201d.<\/div>\n<div dir=\"auto\">En materia ambiental, destaca el <strong>\u201cPrograma de Uso de Energ\u00edas Renovables de Captaci\u00f3n de Energ\u00eda Solar\u201d, con el que el edil propone incorporar paneles solares en los establecimientos educativos municipales. \u201cEs una propuesta que combina sostenibilidad y educaci\u00f3n. Los chicos podr\u00e1n aprender con el ejemplo el valor del cuidado ambiental\u201d,<\/strong> remarc\u00f3.<\/div>\n<div dir=\"auto\">Por otra parte, Arnedo solicit\u00f3 el pronto tratamiento del <strong>Programa de Educaci\u00f3n Financiera y Cultural,<\/strong> orientado a brindar conocimientos esenciales para el manejo responsable del dinero y fomentar el acceso igualitario a la cultura.<\/div>\n<div dir=\"auto\"><strong>El concejal adem\u00e1s promueve la firma de un convenio con universidades tucumanas para implementar un Programa Municipal de Becas Estudiantiles destinado a hijos de empleados municipales. \u201cEl objetivo es acompa\u00f1ar a las familias trabajadoras del Municipio en la formaci\u00f3n de sus hijos, generando m\u00e1s oportunidades para el futuro\u201d, sostuvo.<\/strong><\/div>\n<div dir=\"auto\">Finalmente, Arnedo solicit\u00f3 el pase de sus proyectos a la Comisi\u00f3n de Labor Legislativa y la incorporaci\u00f3n de los mismos en el orden del d\u00eda de la pr\u00f3xima sesi\u00f3n.<strong> \u201cConf\u00edo en que ser\u00e1n tratados pronto porque representan avances importantes en beneficio de los vecinos capitalinos\u201d<\/strong>, concluy\u00f3.<\/div>\n","protected":false},"excerpt":{"rendered":"<p>El concejal capitalino Carlos Arnedo (Acci\u00f3n Vecinal) insiste en el tratamiento de seis proyectos de ordenanza de su autor\u00eda presentados. \u201cEstos proyectos surgen del di\u00e1logo constante que mantengo con vecinos, docentes y especialistas, quienes comparten conmigo sus necesidades y propuestas\u201d, expres\u00f3. Entre las iniciativas destacadas se encuentra la creaci\u00f3n del Programa Permanente de Inform\u00e1tica en &hellip;<\/p>\n","protected":false},"author":2,"featured_media":9443,"comment_status":"open","ping_status":"open","sticky":false,"template":"","format":"standard","meta":{"footnotes":""},"categories":[1707,34],"tags":[2162],"class_list":["post-9442","post","type-post","status-publish","format-standard","has-post-thumbnail","hentry","category-concejales-de-tucuman","category-locales","tag-concejal-carlos-arnedo"],"_links":{"self":[{"href":"https:\/\/cafeprensa.com.ar\/index.php\/wp-json\/wp\/v2\/posts\/9442","targetHints":{"allow":["GET"]}}],"collection":[{"href":"https:\/\/cafeprensa.com.ar\/index.php\/wp-json\/wp\/v2\/posts"}],"about":[{"href":"https:\/\/cafeprensa.com.ar\/index.php\/wp-json\/wp\/v2\/types\/post"}],"author":[{"embeddable":true,"href":"https:\/\/cafeprensa.com.ar\/index.php\/wp-json\/wp\/v2\/users\/2"}],"replies":[{"embeddable":true,"href":"https:\/\/cafeprensa.com.ar\/index.php\/wp-json\/wp\/v2\/comments?post=9442"}],"version-history":[{"count":2,"href":"https:\/\/cafeprensa.com.ar\/index.php\/wp-json\/wp\/v2\/posts\/9442\/revisions"}],"predecessor-version":[{"id":9446,"href":"https:\/\/cafeprensa.com.ar\/index.php\/wp-json\/wp\/v2\/posts\/9442\/revisions\/9446"}],"wp:featuredmedia":[{"embeddable":true,"href":"https:\/\/cafeprensa.com.ar\/index.php\/wp-json\/wp\/v2\/media\/9443"}],"wp:attachment":[{"href":"https:\/\/cafeprensa.com.ar\/index.php\/wp-json\/wp\/v2\/media?parent=9442"}],"wp:term":[{"taxonomy":"category","embeddable":true,"href":"https:\/\/cafeprensa.com.ar\/index.php\/wp-json\/wp\/v2\/categories?post=9442"},{"taxonomy":"post_tag","embeddable":true,"href":"https:\/\/cafeprensa.com.ar\/index.php\/wp-json\/wp\/v2\/tags?post=9442"}],"curies":[{"name":"wp","href":"https:\/\/api.w.org\/{rel}","templated":true}]}}