{"id":9452,"date":"2025-06-30T17:28:25","date_gmt":"2025-06-30T15:28:25","guid":{"rendered":"https:\/\/cafeprensa.com.ar\/?p=9452"},"modified":"2025-06-30T17:28:25","modified_gmt":"2025-06-30T15:28:25","slug":"manana-martes-1-de-julio-no-habra-clases-en-tucuman","status":"publish","type":"post","link":"https:\/\/cafeprensa.com.ar\/index.php\/2025\/06\/30\/manana-martes-1-de-julio-no-habra-clases-en-tucuman\/","title":{"rendered":"Ma\u00f1ana martes 1 de Julio no habr\u00e1 clases en Tucum\u00e1n"},"content":{"rendered":"<div>\n<div class=\"fotoVerNoticia\">\n<div>La <strong>ministra de Educaci\u00f3n, Susana Montaldo,<\/strong> confirm\u00f3 que, por razones sanitarias y ante la persistencia del fr\u00edo extremo, las clases presenciales seguir\u00e1n suspendidas el martes en toda la provincia.<\/div>\n<\/div>\n<\/div>\n<div class=\"cuerpoVerNoticia\">\n<div><strong>Las bajas temperaturas no ceden en Tucum\u00e1n y el gobierno provincial decidi\u00f3 extender por un d\u00eda m\u00e1s la suspensi\u00f3n de actividades escolares presenciales. La medida fue anunciada por la ministra de Educaci\u00f3n, Susana Montaldo, quien indic\u00f3 que este martes se priorizar\u00e1 el cuidado de la salud de los estudiantes frente a los riesgos de enfermedades respiratorias.<\/strong><\/p>\n<div><strong>\u201cVa a hacer igual o m\u00e1s fr\u00edo que hoy. <\/strong><\/div>\n<div>No queremos chicos internados por afecciones respiratorias. Por eso, al igual que el lunes, el martes se suspenden las clases presenciales\u201d, explic\u00f3 la funcionaria, tras evaluar la situaci\u00f3n junto al ministro de Salud P\u00fablica, Luis Medina Ruiz.<\/p>\n<div>\n<div>Durante el martes, los docentes deber\u00e1n garantizar la continuidad pedag\u00f3gica mediante tareas virtuales, con el fin de evitar mayores p\u00e9rdidas en los contenidos curriculares.<\/p>\n<div>\n<div>La ministra aclar\u00f3 que la actividad escolar se retomar\u00e1 con normalidad desde el mi\u00e9rcoles, a partir de la mejora pronosticada en las condiciones clim\u00e1ticas. <strong>\u201cSe espera sol y un leve ascenso de la temperatura\u201d, anticip\u00f3.<\/strong><\/p>\n<div>\n<div><strong>En cuanto a la posibilidad de adelantar el receso invernal, Montaldo descart\u00f3 por ahora esa opci\u00f3n, ya que \u2014seg\u00fan explic\u00f3\u2014 depende de decisiones a nivel nacional. No obstante, asegur\u00f3 que los d\u00edas sin clases ser\u00e1n recuperados: \u201cEl gobernador Osvaldo Jaldo quiere que se priorice la salud de los chicos, pero sin comprometer los aprendizajes\u201d.<\/strong><\/div>\n<\/div>\n<\/div>\n<\/div>\n<\/div>\n<\/div>\n<\/div>\n<\/div>\n<\/div>\n","protected":false},"excerpt":{"rendered":"<p>La ministra de Educaci\u00f3n, Susana Montaldo, confirm\u00f3 que, por razones sanitarias y ante la persistencia del fr\u00edo extremo, las clases presenciales seguir\u00e1n suspendidas el martes en toda la provincia. Las bajas temperaturas no ceden en Tucum\u00e1n y el gobierno provincial decidi\u00f3 extender por un d\u00eda m\u00e1s la suspensi\u00f3n de actividades escolares presenciales. La medida fue &hellip;<\/p>\n","protected":false},"author":2,"featured_media":9453,"comment_status":"open","ping_status":"open","sticky":false,"template":"","format":"standard","meta":{"footnotes":""},"categories":[38,34],"tags":[397],"class_list":["post-9452","post","type-post","status-publish","format-standard","has-post-thumbnail","hentry","category-educacion","category-locales","tag-susana-montaldo"],"_links":{"self":[{"href":"https:\/\/cafeprensa.com.ar\/index.php\/wp-json\/wp\/v2\/posts\/9452","targetHints":{"allow":["GET"]}}],"collection":[{"href":"https:\/\/cafeprensa.com.ar\/index.php\/wp-json\/wp\/v2\/posts"}],"about":[{"href":"https:\/\/cafeprensa.com.ar\/index.php\/wp-json\/wp\/v2\/types\/post"}],"author":[{"embeddable":true,"href":"https:\/\/cafeprensa.com.ar\/index.php\/wp-json\/wp\/v2\/users\/2"}],"replies":[{"embeddable":true,"href":"https:\/\/cafeprensa.com.ar\/index.php\/wp-json\/wp\/v2\/comments?post=9452"}],"version-history":[{"count":1,"href":"https:\/\/cafeprensa.com.ar\/index.php\/wp-json\/wp\/v2\/posts\/9452\/revisions"}],"predecessor-version":[{"id":9454,"href":"https:\/\/cafeprensa.com.ar\/index.php\/wp-json\/wp\/v2\/posts\/9452\/revisions\/9454"}],"wp:featuredmedia":[{"embeddable":true,"href":"https:\/\/cafeprensa.com.ar\/index.php\/wp-json\/wp\/v2\/media\/9453"}],"wp:attachment":[{"href":"https:\/\/cafeprensa.com.ar\/index.php\/wp-json\/wp\/v2\/media?parent=9452"}],"wp:term":[{"taxonomy":"category","embeddable":true,"href":"https:\/\/cafeprensa.com.ar\/index.php\/wp-json\/wp\/v2\/categories?post=9452"},{"taxonomy":"post_tag","embeddable":true,"href":"https:\/\/cafeprensa.com.ar\/index.php\/wp-json\/wp\/v2\/tags?post=9452"}],"curies":[{"name":"wp","href":"https:\/\/api.w.org\/{rel}","templated":true}]}}