{"id":9469,"date":"2025-07-01T13:13:04","date_gmt":"2025-07-01T11:13:04","guid":{"rendered":"https:\/\/cafeprensa.com.ar\/?p=9469"},"modified":"2025-07-01T13:13:04","modified_gmt":"2025-07-01T11:13:04","slug":"anses-denuncio-a-un-estudio-contable-de-chaco-por-presunto-fraude","status":"publish","type":"post","link":"https:\/\/cafeprensa.com.ar\/index.php\/2025\/07\/01\/anses-denuncio-a-un-estudio-contable-de-chaco-por-presunto-fraude\/","title":{"rendered":"ANSES denunci\u00f3 a un estudio contable de Chaco por presunto fraude"},"content":{"rendered":"<div class=\"the-post-header s-head-modern s-head-modern-a has-share-meta-right\">\n<div class=\"post-meta post-meta-a post-meta-left post-meta-single has-below\">\n<div class=\"meta-below-has-right\">\n<div class=\"post-share post-share-b spc-social-colors  post-share-b3 post-share-b-circles post-share-b3-circles\"><em>El Ministerio de Capital Humano inform\u00f3 que se lo denunci\u00f3 por presunto fraude con jubilaciones.<\/em><\/div>\n<\/div>\n<\/div>\n<\/div>\n<div class=\"the-post s-post-modern\">\n<article id=\"post-76554\" class=\"post-76554 post type-post status-publish format-standard has-post-thumbnail category-chaco category-destacada-2 tag-anses tag-chaco tag-ministerio-de-capital-humano tag-ministra-sandra-pettovello\">\n<div class=\"post-content-wrap has-share-float\">\n<div class=\"post-content cf entry-content content-spacious\">\n<figure class=\"wp-block-embed aligncenter is-type-rich is-provider-twitter wp-block-embed-twitter\">\n<div class=\"wp-block-embed__wrapper\">\n<div class=\"twitter-tweet twitter-tweet-rendered\"><iframe id=\"twitter-widget-0\" class=\"\" title=\"X Post\" src=\"https:\/\/platform.twitter.com\/embed\/Tweet.html?creatorScreenName=EFnoticiasok&amp;dnt=true&amp;embedId=twitter-widget-0&amp;features=eyJ0ZndfdGltZWxpbmVfbGlzdCI6eyJidWNrZXQiOltdLCJ2ZXJzaW9uIjpudWxsfSwidGZ3X2ZvbGxvd2VyX2NvdW50X3N1bnNldCI6eyJidWNrZXQiOnRydWUsInZlcnNpb24iOm51bGx9LCJ0ZndfdHdlZXRfZWRpdF9iYWNrZW5kIjp7ImJ1Y2tldCI6Im9uIiwidmVyc2lvbiI6bnVsbH0sInRmd19yZWZzcmNfc2Vzc2lvbiI6eyJidWNrZXQiOiJvbiIsInZlcnNpb24iOm51bGx9LCJ0ZndfZm9zbnJfc29mdF9pbnRlcnZlbnRpb25zX2VuYWJsZWQiOnsiYnVja2V0Ijoib24iLCJ2ZXJzaW9uIjpudWxsfSwidGZ3X21peGVkX21lZGlhXzE1ODk3Ijp7ImJ1Y2tldCI6InRyZWF0bWVudCIsInZlcnNpb24iOm51bGx9LCJ0ZndfZXhwZXJpbWVudHNfY29va2llX2V4cGlyYXRpb24iOnsiYnVja2V0IjoxMjA5NjAwLCJ2ZXJzaW9uIjpudWxsfSwidGZ3X3Nob3dfYmlyZHdhdGNoX3Bpdm90c19lbmFibGVkIjp7ImJ1Y2tldCI6Im9uIiwidmVyc2lvbiI6bnVsbH0sInRmd19kdXBsaWNhdGVfc2NyaWJlc190b19zZXR0aW5ncyI6eyJidWNrZXQiOiJvbiIsInZlcnNpb24iOm51bGx9LCJ0ZndfdXNlX3Byb2ZpbGVfaW1hZ2Vfc2hhcGVfZW5hYmxlZCI6eyJidWNrZXQiOiJvbiIsInZlcnNpb24iOm51bGx9LCJ0ZndfdmlkZW9faGxzX2R5bmFtaWNfbWFuaWZlc3RzXzE1MDgyIjp7ImJ1Y2tldCI6InRydWVfYml0cmF0ZSIsInZlcnNpb24iOm51bGx9LCJ0ZndfbGVnYWN5X3RpbWVsaW5lX3N1bnNldCI6eyJidWNrZXQiOnRydWUsInZlcnNpb24iOm51bGx9LCJ0ZndfdHdlZXRfZWRpdF9mcm9udGVuZCI6eyJidWNrZXQiOiJvbiIsInZlcnNpb24iOm51bGx9fQ%3D%3D&amp;frame=false&amp;hideCard=false&amp;hideThread=false&amp;id=1939719301394534749&amp;lang=es&amp;origin=https%3A%2F%2Felfederalnoticias.com.ar%2Fanses-denuncio-a-un-estudio-contable-de-chaco-por-presunto-fraude%2F&amp;sessionId=477f3827387c45014e9f521802f84636cdd003b6&amp;siteScreenName=EFnoticiasok&amp;theme=light&amp;widgetsVersion=2615f7e52b7e0%3A1702314776716&amp;width=550px\" frameborder=\"0\" scrolling=\"no\" allowfullscreen=\"allowfullscreen\" data-tweet-id=\"1939719301394534749\" data-mce-fragment=\"1\"><\/iframe><\/div>\n<\/div>\n<\/figure>\n<p>BUENOS AIRES.- En la tarde de ayer a trav\u00e9s de su cuenta en la red social X, la\u00a0<strong>Administraci\u00f3n Nacional de Seguridad Social\u00a0<\/strong>(ANSES), inform\u00f3 que present\u00f3 una denuncia ante la Justicia Federal en la provincia de\u00a0<strong>Chaco<\/strong>,\u00a0contra un estudio contable de la ciudad de\u00a0<strong>Resistencia<\/strong>, acusado de implementar un esquema de\u00a0fraude\u00a0para facilitar el acceso indebido a\u00a0jubilaciones.<\/p>\n<p><img loading=\"lazy\" decoding=\"async\" class=\"alignnone wp-image-9470 size-full\" src=\"https:\/\/cafeprensa.com.ar\/wp-content\/uploads\/2025\/07\/INFOQOM-FEED-2-780x470-1-660x330-1.webp\" alt=\"\" width=\"660\" height=\"330\" srcset=\"https:\/\/cafeprensa.com.ar\/wp-content\/uploads\/2025\/07\/INFOQOM-FEED-2-780x470-1-660x330-1.webp 660w, https:\/\/cafeprensa.com.ar\/wp-content\/uploads\/2025\/07\/INFOQOM-FEED-2-780x470-1-660x330-1-300x150.webp 300w\" sizes=\"auto, (max-width: 660px) 100vw, 660px\" \/><\/p>\n<p>En base a una investigaci\u00f3n realizada por\u00a0<strong>ANSES,<\/strong>\u00a0el estudio habr\u00eda simulado v\u00ednculos laborales inexistentes, declarando empleos falsos ante la\u00a0<strong>Agencia de Recaudaci\u00f3n y Control Aduanero\u00a0<\/strong>(ARCA).\u00a0Con esta maniobra, clientes que no cumpl\u00edan con los 30 a\u00f1os de aportes exigidos por ley lograban cumplir los requisitos formales para jubilarse, gracias a la inclusi\u00f3n de datos de otros clientes como supuestos empleadores y la presentaci\u00f3n de declaraciones juradas rectificadas en fechas posteriores.<\/p>\n<p><strong>El \u00abmodus operandi\u00bb fraudulento, fue descubierto a trav\u00e9s de un\u00a0trabajo coordinado entre ANSES y\u00a0ARCA,\u00a0que utilizando la parametrizaci\u00f3n de sus sistemas lograron detectar irregularidades. El esfuerzo conjunto entre la Direcci\u00f3n de Detecci\u00f3n de\u00a0ANSES en\u00a0Buenos Aires\u00a0y las autoridades del organismo en\u00a0Chaco\u00a0permiti\u00f3 identificar, en una primera etapa,\u00a023 casos sospechosos. Sin embargo, la b\u00fasqueda sigue en curso, y no se descarta que surjan nuevos involucrados.<\/strong><\/p>\n<p>Durante la investigaci\u00f3n, se tomaron declaraciones a varios de los supuestos empleadores, quienes confesaron no conocer a las personas que figuraban como empleados. <strong>Algunos incluso se\u00f1alaron haber sido instruidos por el estudio contable para mentir en caso de ser consultados por las autoridades. Estos testimonios se convirtieron en pruebas clave para fundamentar la denuncia presentada.<\/strong><\/p>\n<p>Gracias a una intervenci\u00f3n temprana, se logr\u00f3 evitar el pago de la mayor\u00eda de \u00e9stas jubilaciones obtenidas de forma irregular, y otras fueron suspendidas luego de apenas algunos meses.<\/p>\n<p><strong>ANSES\u00a0colabora con la Justicia para esclarecer lo sucedido, identificar a todos los responsables y recuperar los recursos p\u00fablicos afectados, cuyo perjuicio econ\u00f3mico para el sistema previsional podr\u00eda alcanzar cifras millonarias<\/strong>.<\/p>\n<div class=\"wp-block-image\">\n<figure class=\"aligncenter size-full is-resized\"><a href=\"https:\/\/elfederalnoticias.com.ar\/wp-content\/uploads\/2025\/07\/image-3.png\"><img loading=\"lazy\" decoding=\"async\" class=\"wp-image-76556\" src=\"https:\/\/elfederalnoticias.com.ar\/wp-content\/uploads\/2025\/07\/image-3.png\" sizes=\"auto, (max-width: 275px) 100vw, 275px\" srcset=\"https:\/\/elfederalnoticias.com.ar\/wp-content\/uploads\/2025\/07\/image-3.png 275w, https:\/\/elfederalnoticias.com.ar\/wp-content\/uploads\/2025\/07\/image-3-150x100.png 150w\" alt=\"\" width=\"275\" height=\"183\" \/><\/a><figcaption class=\"wp-element-caption\"><\/figcaption><\/figure>\n<\/div>\n<\/div>\n<\/div>\n<\/article>\n<\/div>\n","protected":false},"excerpt":{"rendered":"<p>El Ministerio de Capital Humano inform\u00f3 que se lo denunci\u00f3 por presunto fraude con jubilaciones. BUENOS AIRES.- En la tarde de ayer a trav\u00e9s de su cuenta en la red social X, la\u00a0Administraci\u00f3n Nacional de Seguridad Social\u00a0(ANSES), inform\u00f3 que present\u00f3 una denuncia ante la Justicia Federal en la provincia de\u00a0Chaco,\u00a0contra un estudio contable de la &hellip;<\/p>\n","protected":false},"author":2,"featured_media":9471,"comment_status":"open","ping_status":"open","sticky":false,"template":"","format":"standard","meta":{"footnotes":""},"categories":[54,33],"tags":[50,660,2164],"class_list":["post-9469","post","type-post","status-publish","format-standard","has-post-thumbnail","hentry","category-interes-ganeral","category-nacionales","tag-anses","tag-chaco","tag-fraude"],"_links":{"self":[{"href":"https:\/\/cafeprensa.com.ar\/index.php\/wp-json\/wp\/v2\/posts\/9469","targetHints":{"allow":["GET"]}}],"collection":[{"href":"https:\/\/cafeprensa.com.ar\/index.php\/wp-json\/wp\/v2\/posts"}],"about":[{"href":"https:\/\/cafeprensa.com.ar\/index.php\/wp-json\/wp\/v2\/types\/post"}],"author":[{"embeddable":true,"href":"https:\/\/cafeprensa.com.ar\/index.php\/wp-json\/wp\/v2\/users\/2"}],"replies":[{"embeddable":true,"href":"https:\/\/cafeprensa.com.ar\/index.php\/wp-json\/wp\/v2\/comments?post=9469"}],"version-history":[{"count":1,"href":"https:\/\/cafeprensa.com.ar\/index.php\/wp-json\/wp\/v2\/posts\/9469\/revisions"}],"predecessor-version":[{"id":9472,"href":"https:\/\/cafeprensa.com.ar\/index.php\/wp-json\/wp\/v2\/posts\/9469\/revisions\/9472"}],"wp:featuredmedia":[{"embeddable":true,"href":"https:\/\/cafeprensa.com.ar\/index.php\/wp-json\/wp\/v2\/media\/9471"}],"wp:attachment":[{"href":"https:\/\/cafeprensa.com.ar\/index.php\/wp-json\/wp\/v2\/media?parent=9469"}],"wp:term":[{"taxonomy":"category","embeddable":true,"href":"https:\/\/cafeprensa.com.ar\/index.php\/wp-json\/wp\/v2\/categories?post=9469"},{"taxonomy":"post_tag","embeddable":true,"href":"https:\/\/cafeprensa.com.ar\/index.php\/wp-json\/wp\/v2\/tags?post=9469"}],"curies":[{"name":"wp","href":"https:\/\/api.w.org\/{rel}","templated":true}]}}