{"id":9480,"date":"2025-07-01T13:51:51","date_gmt":"2025-07-01T11:51:51","guid":{"rendered":"https:\/\/cafeprensa.com.ar\/?p=9480"},"modified":"2025-07-01T13:52:09","modified_gmt":"2025-07-01T11:52:09","slug":"el-gobierno-puede-intervenir-el-mandato-de-gildo-insfran-en-formosa","status":"publish","type":"post","link":"https:\/\/cafeprensa.com.ar\/index.php\/2025\/07\/01\/el-gobierno-puede-intervenir-el-mandato-de-gildo-insfran-en-formosa\/","title":{"rendered":"\u00bfEl Gobierno puede intervenir el mandato de Gildo Insfr\u00e1n en Formosa?"},"content":{"rendered":"<div class=\"td-post-header\">La ministra de Seguridad de la Naci\u00f3n, <strong>Patricia Bullrich<\/strong>, se refiri\u00f3 con dureza a la situaci\u00f3n institucional de\u00a0<strong>Formosa<\/strong>\u00a0tras los recientes comicios. En declaraciones a\u00a0<strong>LN+<\/strong>, apunt\u00f3 directamente contra el gobernador\u00a0<strong>Gildo Insfr\u00e1n<\/strong>\u00a0y sugiri\u00f3 que su accionar podr\u00eda derivar en una intervenci\u00f3n federal:<strong>\u00a0<em>\u201cLo que est\u00e1 haciendo ahora Insfr\u00e1n es desafiando directamente a la Corte Suprema de Justicia de la Naci\u00f3n, pas\u00e1ndola por arriba, y eso es un causal de intervenci\u00f3n\u201d<\/em>,<\/strong> afirm\u00f3.<\/div>\n<div class=\"td-post-content tagdiv-type\">\n<p>Bullrich se refiri\u00f3 as\u00ed a la posibilidad de que Insfr\u00e1n impulse una reforma de la\u00a0<strong>Constituci\u00f3n provincial<\/strong>\u00a0para ampliar su permanencia en el poder, tras un eventual triunfo en las elecciones. Seg\u00fan la funcionaria, esa iniciativa implica una confrontaci\u00f3n directa con el\u00a0<strong>m\u00e1ximo tribunal del pa\u00eds<\/strong>.\u00a0<strong><em>\u201cEl \u00faltimo eslab\u00f3n jur\u00eddico de nuestro pa\u00eds es la Corte Suprema de Justicia. Este hecho es de extorsi\u00f3n a la m\u00e1xima decisi\u00f3n que tiene el pa\u00eds\u201d<\/em>,<\/strong> denunci\u00f3.<\/p>\n<figure class=\"wp-block-image size-full\"><img loading=\"lazy\" decoding=\"async\" class=\"wp-image-44007 td-animation-stack-type0-2\" src=\"https:\/\/ledoymipalabra.com\/wp-content\/uploads\/2025\/06\/image-8.png\" sizes=\"auto, (max-width: 760px) 100vw, 760px\" srcset=\"https:\/\/ledoymipalabra.com\/wp-content\/uploads\/2025\/06\/image-8.png 760w, https:\/\/ledoymipalabra.com\/wp-content\/uploads\/2025\/06\/image-8-300x167.png 300w, https:\/\/ledoymipalabra.com\/wp-content\/uploads\/2025\/06\/image-8-756x420.png 756w, https:\/\/ledoymipalabra.com\/wp-content\/uploads\/2025\/06\/image-8-696x386.png 696w\" alt=\"\" width=\"760\" height=\"422\" \/><\/figure>\n<p>En esa misma l\u00ednea, la ministra vincul\u00f3 lo que ocurre en Formosa con antecedentes ocurridos durante el kirchnerismo.\u00a0<strong><em>\u201cCosa que hizo hace muchos a\u00f1os N\u00e9stor Kirchner en Santa Cruz, cuando la Corte Suprema le dijo, \u2018ponga el procurador\u2019, y nunca m\u00e1s lo hizo\u201d<\/em>, record\u00f3, en una cr\u00edtica que apunta tanto a la historia institucional del oficialismo como a la actual tensi\u00f3n entre poderes.<\/strong><\/p>\n<p>Adem\u00e1s, Bullrich fue consultada por el resultado electoral en\u00a0<strong>Santa Fe<\/strong>, donde\u00a0<strong>La Libertad Avanza<\/strong>\u00a0qued\u00f3 en\u00a0<strong>tercer lugar<\/strong>\u00a0a nivel provincial. Si bien no minimiz\u00f3 la derrota, la funcionaria explic\u00f3 que se trata de una elecci\u00f3n local con caracter\u00edsticas propias:<strong>\u00a0<em>\u201cSon elecciones muy locales donde fuerzas nuevas como LLA tienen dificultades para participar en pueblos muy chicos donde todav\u00eda es gente muy nueva, que no es muy conocida\u201d<\/em>,<\/strong> explic\u00f3.<\/p>\n<p>Respecto al desempe\u00f1o en\u00a0<strong>Rosario<\/strong>, destac\u00f3 que el candidato libertario\u00a0<strong>Juan Pedro Aleart<\/strong>\u00a0mejor\u00f3 su votaci\u00f3n respecto a elecciones anteriores.\u00a0<strong><em>\u201cSac\u00f3 muchos m\u00e1s votos que en la elecci\u00f3n pasada. Sum\u00f3 20 mil votos\u201d<\/em>,<\/strong> subray\u00f3 Bullrich, para matizar el an\u00e1lisis general y remarcar que el espacio mantiene cierto crecimiento en centros urbanos de mayor peso electoral.<\/p>\n<p>Finalmente, la ministra cuestion\u00f3 el dise\u00f1o actual del\u00a0<strong>sistema electoral argentino<\/strong>. Asegur\u00f3 que la frecuencia de los comicios afecta el funcionamiento institucional y critic\u00f3 la atomizaci\u00f3n del calendario electoral.<strong>\u00a0<em>\u201cVotar una vez cada dos a\u00f1os es un problema, y si a eso le sumamos dos veces, es un problema. Basta de hacer esto nada m\u00e1s por tu poder pol\u00edtico\u201d<\/em><\/strong>, concluy\u00f3.<\/p>\n<\/div>\n","protected":false},"excerpt":{"rendered":"<p>La ministra de Seguridad de la Naci\u00f3n, Patricia Bullrich, se refiri\u00f3 con dureza a la situaci\u00f3n institucional de\u00a0Formosa\u00a0tras los recientes comicios. En declaraciones a\u00a0LN+, apunt\u00f3 directamente contra el gobernador\u00a0Gildo Insfr\u00e1n\u00a0y sugiri\u00f3 que su accionar podr\u00eda derivar en una intervenci\u00f3n federal:\u00a0\u201cLo que est\u00e1 haciendo ahora Insfr\u00e1n es desafiando directamente a la Corte Suprema de Justicia de &hellip;<\/p>\n","protected":false},"author":2,"featured_media":9481,"comment_status":"open","ping_status":"open","sticky":false,"template":"","format":"standard","meta":{"footnotes":""},"categories":[33,25],"tags":[2155,438],"class_list":["post-9480","post","type-post","status-publish","format-standard","has-post-thumbnail","hentry","category-nacionales","category-politica","tag-gildo-insfran","tag-patricia-bullrich"],"_links":{"self":[{"href":"https:\/\/cafeprensa.com.ar\/index.php\/wp-json\/wp\/v2\/posts\/9480","targetHints":{"allow":["GET"]}}],"collection":[{"href":"https:\/\/cafeprensa.com.ar\/index.php\/wp-json\/wp\/v2\/posts"}],"about":[{"href":"https:\/\/cafeprensa.com.ar\/index.php\/wp-json\/wp\/v2\/types\/post"}],"author":[{"embeddable":true,"href":"https:\/\/cafeprensa.com.ar\/index.php\/wp-json\/wp\/v2\/users\/2"}],"replies":[{"embeddable":true,"href":"https:\/\/cafeprensa.com.ar\/index.php\/wp-json\/wp\/v2\/comments?post=9480"}],"version-history":[{"count":3,"href":"https:\/\/cafeprensa.com.ar\/index.php\/wp-json\/wp\/v2\/posts\/9480\/revisions"}],"predecessor-version":[{"id":9484,"href":"https:\/\/cafeprensa.com.ar\/index.php\/wp-json\/wp\/v2\/posts\/9480\/revisions\/9484"}],"wp:featuredmedia":[{"embeddable":true,"href":"https:\/\/cafeprensa.com.ar\/index.php\/wp-json\/wp\/v2\/media\/9481"}],"wp:attachment":[{"href":"https:\/\/cafeprensa.com.ar\/index.php\/wp-json\/wp\/v2\/media?parent=9480"}],"wp:term":[{"taxonomy":"category","embeddable":true,"href":"https:\/\/cafeprensa.com.ar\/index.php\/wp-json\/wp\/v2\/categories?post=9480"},{"taxonomy":"post_tag","embeddable":true,"href":"https:\/\/cafeprensa.com.ar\/index.php\/wp-json\/wp\/v2\/tags?post=9480"}],"curies":[{"name":"wp","href":"https:\/\/api.w.org\/{rel}","templated":true}]}}