{"id":9497,"date":"2025-07-02T12:34:56","date_gmt":"2025-07-02T10:34:56","guid":{"rendered":"https:\/\/cafeprensa.com.ar\/?p=9497"},"modified":"2025-07-02T12:34:56","modified_gmt":"2025-07-02T10:34:56","slug":"mercado-pago-ajusta-comisiones-segun-la-carga-impositiva-provincial","status":"publish","type":"post","link":"https:\/\/cafeprensa.com.ar\/index.php\/2025\/07\/02\/mercado-pago-ajusta-comisiones-segun-la-carga-impositiva-provincial\/","title":{"rendered":"Mercado Pago ajusta comisiones seg\u00fan la carga impositiva provincial."},"content":{"rendered":"<div class=\"tituloVerNoticia\">Desde el 8 de julio, la principal billetera virtual aplicar\u00e1 cargos diferenciados por provincia, en funci\u00f3n de las al\u00edcuotas de Ingresos Brutos.<\/div>\n<div class=\"tituloVerNoticia\"><strong>La medida busca visibilizar el peso de los tributos locales en los costos digitales.<\/strong><\/div>\n<div class=\"cuerpoVerNoticia\"><strong>A partir de la pr\u00f3xima semana, Mercado Pago y Mercado Libre modificar\u00e1n su esquema de comisiones, que hasta ahora era uniforme en todo el pa\u00eds.<\/strong><\/div>\n<div><img loading=\"lazy\" decoding=\"async\" class=\"alignnone wp-image-9499 size-large\" src=\"https:\/\/cafeprensa.com.ar\/wp-content\/uploads\/2025\/07\/mercado-pago-dinero-jpg-1024x577.jpg\" alt=\"\" width=\"1024\" height=\"577\" srcset=\"https:\/\/cafeprensa.com.ar\/wp-content\/uploads\/2025\/07\/mercado-pago-dinero-jpg-1024x577.jpg 1024w, https:\/\/cafeprensa.com.ar\/wp-content\/uploads\/2025\/07\/mercado-pago-dinero-jpg-300x169.jpg 300w, https:\/\/cafeprensa.com.ar\/wp-content\/uploads\/2025\/07\/mercado-pago-dinero-jpg-768x433.jpg 768w, https:\/\/cafeprensa.com.ar\/wp-content\/uploads\/2025\/07\/mercado-pago-dinero-jpg-390x220.jpg 390w, https:\/\/cafeprensa.com.ar\/wp-content\/uploads\/2025\/07\/mercado-pago-dinero-jpg.jpg 1200w\" sizes=\"auto, (max-width: 1024px) 100vw, 1024px\" \/><\/div>\n<div class=\"cuerpoVerNoticia\">La novedad es que los cargos por vender productos o servicios a trav\u00e9s de estas plataformas variar\u00e1n seg\u00fan la provincia, en funci\u00f3n de la carga impositiva local, especialmente del Impuesto sobre los Ingresos Brutos.<\/p>\n<div><strong>La decisi\u00f3n responde a las crecientes diferencias entre jurisdicciones: mientras algunas provincias aplican al\u00edcuotas reducidas, otras \u2014como Santa Fe, C\u00f3rdoba y Jujuy\u2014 imponen tasas que superan el promedio nacional. En consecuencia, los usuarios de Corrientes, R\u00edo Negro, Santa Cruz, Formosa y Santiago del Estero ver\u00e1n reducciones en los cargos, mientras que en las provincias con mayor presi\u00f3n fiscal los costos podr\u00edan incrementarse.<\/strong><\/p>\n<div>Desde la empresa explicaron que el objetivo es <strong>\u201ctransparentar el impacto de los impuestos locales\u201d<\/strong> y evitar que los usuarios de provincias con menor carga tributaria subsidien indirectamente a los de distritos m\u00e1s gravosos. Tambi\u00e9n reiteraron su cr\u00edtica al impuesto a los Ingresos Brutos, al que califican como<strong> \u201cdistorsivo, regresivo y perjudicial para la formalizaci\u00f3n\u201d.<\/strong><\/div>\n<div><img loading=\"lazy\" decoding=\"async\" class=\"alignnone wp-image-9498 size-full\" src=\"https:\/\/cafeprensa.com.ar\/wp-content\/uploads\/2025\/07\/598539.webp\" alt=\"\" width=\"640\" height=\"360\" srcset=\"https:\/\/cafeprensa.com.ar\/wp-content\/uploads\/2025\/07\/598539.webp 640w, https:\/\/cafeprensa.com.ar\/wp-content\/uploads\/2025\/07\/598539-300x169.webp 300w, https:\/\/cafeprensa.com.ar\/wp-content\/uploads\/2025\/07\/598539-390x220.webp 390w\" sizes=\"auto, (max-width: 640px) 100vw, 640px\" \/><\/p>\n<div>El nuevo esquema tomar\u00e1 como referencia el domicilio fiscal declarado por cada usuario. <strong>En el caso de personas jur\u00eddicas o monotributistas, se utilizar\u00e1 el domicilio registrado ante la AFIP; para consumidores finales, el declarado en la cuenta de la app.<\/strong><\/p>\n<div>La medida reabre el debate sobre la armonizaci\u00f3n tributaria en el pa\u00eds y el impacto de los impuestos provinciales en la econom\u00eda digital. <strong>Para los usuarios, representa un cambio que podr\u00eda modificar sus costos operativos seg\u00fan el lugar donde residan o tributen. Para las provincias, una se\u00f1al de alerta sobre c\u00f3mo sus pol\u00edticas fiscales inciden en la competitividad digital.<\/strong><\/div>\n<\/div>\n<\/div>\n<\/div>\n<\/div>\n","protected":false},"excerpt":{"rendered":"<p>Desde el 8 de julio, la principal billetera virtual aplicar\u00e1 cargos diferenciados por provincia, en funci\u00f3n de las al\u00edcuotas de Ingresos Brutos. La medida busca visibilizar el peso de los tributos locales en los costos digitales. A partir de la pr\u00f3xima semana, Mercado Pago y Mercado Libre modificar\u00e1n su esquema de comisiones, que hasta ahora &hellip;<\/p>\n","protected":false},"author":2,"featured_media":9500,"comment_status":"open","ping_status":"open","sticky":false,"template":"","format":"standard","meta":{"footnotes":""},"categories":[28,33],"tags":[1273],"class_list":["post-9497","post","type-post","status-publish","format-standard","has-post-thumbnail","hentry","category-economia","category-nacionales","tag-mercado-libre"],"_links":{"self":[{"href":"https:\/\/cafeprensa.com.ar\/index.php\/wp-json\/wp\/v2\/posts\/9497","targetHints":{"allow":["GET"]}}],"collection":[{"href":"https:\/\/cafeprensa.com.ar\/index.php\/wp-json\/wp\/v2\/posts"}],"about":[{"href":"https:\/\/cafeprensa.com.ar\/index.php\/wp-json\/wp\/v2\/types\/post"}],"author":[{"embeddable":true,"href":"https:\/\/cafeprensa.com.ar\/index.php\/wp-json\/wp\/v2\/users\/2"}],"replies":[{"embeddable":true,"href":"https:\/\/cafeprensa.com.ar\/index.php\/wp-json\/wp\/v2\/comments?post=9497"}],"version-history":[{"count":1,"href":"https:\/\/cafeprensa.com.ar\/index.php\/wp-json\/wp\/v2\/posts\/9497\/revisions"}],"predecessor-version":[{"id":9501,"href":"https:\/\/cafeprensa.com.ar\/index.php\/wp-json\/wp\/v2\/posts\/9497\/revisions\/9501"}],"wp:featuredmedia":[{"embeddable":true,"href":"https:\/\/cafeprensa.com.ar\/index.php\/wp-json\/wp\/v2\/media\/9500"}],"wp:attachment":[{"href":"https:\/\/cafeprensa.com.ar\/index.php\/wp-json\/wp\/v2\/media?parent=9497"}],"wp:term":[{"taxonomy":"category","embeddable":true,"href":"https:\/\/cafeprensa.com.ar\/index.php\/wp-json\/wp\/v2\/categories?post=9497"},{"taxonomy":"post_tag","embeddable":true,"href":"https:\/\/cafeprensa.com.ar\/index.php\/wp-json\/wp\/v2\/tags?post=9497"}],"curies":[{"name":"wp","href":"https:\/\/api.w.org\/{rel}","templated":true}]}}