{"id":9507,"date":"2025-07-02T12:58:49","date_gmt":"2025-07-02T10:58:49","guid":{"rendered":"https:\/\/cafeprensa.com.ar\/?p=9507"},"modified":"2025-07-02T12:58:49","modified_gmt":"2025-07-02T10:58:49","slug":"milei-le-acepto-la-renuncia-a-un-juez-federal-acusado-de-vinculos-con-narcos-y-lo-acusan-de-beneficiarlo","status":"publish","type":"post","link":"https:\/\/cafeprensa.com.ar\/index.php\/2025\/07\/02\/milei-le-acepto-la-renuncia-a-un-juez-federal-acusado-de-vinculos-con-narcos-y-lo-acusan-de-beneficiarlo\/","title":{"rendered":"Milei le acept\u00f3 la renuncia a un juez federal acusado de v\u00ednculos con narcos, y lo acusan de beneficiarlo"},"content":{"rendered":"<div class=\"boxed auto\">\n<div class=\"row\">\n<div class=\"pb3p col-12 nota-encabezado\">\n<p class=\"ftitulo cgris-4 fz20 lh26 mb15 mb-md-0\">Bailaque, funcionario de la Justicia Federal de Rosario, se encaminaba a ser destituido por el Consejo de la Magistratura.<\/p>\n<p class=\"ftitulo cgris-4 fz20 lh26 mb15 mb-md-0\">Cuestionan que conservar\u00e1 su jubilaci\u00f3n de privilegio, aunque desde la cartera de Justicia lo niegan. <strong>El Gobierno Nacional acept\u00f3 la renuncia del juez federal de Rosario<\/strong>, <strong>Marcelo Bailaque<\/strong>, acusado de varios delitos graves entre los que se encuentran la extorsi\u00f3n y presuntos v\u00ednculos con grupos nacotraficantes, seg\u00fan inform\u00f3 este lunes el ministro de Justicia de la Naci\u00f3n,\u00a0<strong>Mariano C\u00faneo Libarona.<\/strong><\/p>\n<\/div>\n<\/div>\n<\/div>\n<div class=\"boxed-fluid auto\">\n<div class=\"row\">\n<div id=\"columna-noticia-1\" class=\"col-12 col-md-9\">\n<div class=\"row\">\n<div class=\"col-12 col-md-10 col-md-offset-2 fparrafo cgris-5 fz18 lh32 mb20\">\n<div class=\"pl10 pr10 pl-md-0 pr-md-0\">\n<div class=\"wysiwyg mb15 mr-md-20 texto_nota\">\n<p class=\"selectionShareable\">Como consecuencia, el magistrado perder\u00e1 sus fueros por su cargo p\u00fablico en el Poder Judicial, habilitando la prisi\u00f3n preventiva pedida por la fiscal\u00eda, otorgada por el <strong>Juzgado Federal N\u00b04 de Rosario y ratificada\u00a0por la C\u00e1mara Federal de Apelaciones de esa ciudad.<\/strong><\/p>\n<p class=\"selectionShareable\">No obstante, con el correr de las horas no fueron pocos los que se\u00f1alaron en redes sociales que la decisi\u00f3n del <strong>Poder Ejecutivo evit\u00f3 la destituci\u00f3n de Bailaque<\/strong> por parte del<strong> Consejo de la Magistratura,<\/strong> que lo hubiera privado de su jubilaci\u00f3n de privilegio, uno de los atributos que el propio\u00a0<strong>Javier Milei\u00a0<\/strong>ha destacado como caracter\u00edsticos del -a esta altura- sinuoso concepto de &#8216;casta&#8217;.<\/p>\n<p class=\"selectionShareable\"><strong>\u00abMilei le acept\u00f3 la renuncia a Bailaque: un juez imputado por corrupci\u00f3n y con prisi\u00f3n preventiva que deber\u00eda haber sido destituido hace meses. Hoy se retira tranquilo, con jubilaci\u00f3n de privilegio, gracias a la complicidad de quienes prometieron terminar con la casta\u00bb<\/strong>, cuestion\u00f3 la diputada provincial santafesina,\u00a0<strong>Lionella Cattalini<\/strong>.<\/p>\n<blockquote class=\"twitter-tweet\" data-media-max-width=\"560\">\n<p class=\"selectionShareable\" dir=\"ltr\" lang=\"es\"><a href=\"https:\/\/twitter.com\/hashtag\/ElPrimero?src=hash&amp;ref_src=twsrc%5Etfw\">#ElPrimero<\/a>\u00a0l El presidente\u00a0<a href=\"https:\/\/twitter.com\/JMilei?ref_src=twsrc%5Etfw\">@JMilei<\/a>\u00a0le acept\u00f3 la renuncia al juez Bailaque.\u00a0<a href=\"https:\/\/twitter.com\/LioneCattalini?ref_src=twsrc%5Etfw\">@LioneCattalini<\/a>, diputada provincial \u201cEn alg\u00fan momento tendr\u00e1n que dar cuenta porque no destituyeron a Bailaque, un funcionario corrupto que hoy se retira con jubilaci\u00f3n de privilegio\u201d\u00a0<a href=\"https:\/\/t.co\/jNZs6dGguc\">pic.twitter.com\/jNZs6dGguc<\/a><\/p>\n<p>\u2014 LT8 am830 (@LT8am830)\u00a0<a href=\"https:\/\/twitter.com\/LT8am830\/status\/1939994508571091322?ref_src=twsrc%5Etfw\">July 1, 2025<\/a><\/p><\/blockquote>\n<p class=\"selectionShareable\">Seg\u00fan detall\u00f3 C\u00faneo Libarona, Bailaque est\u00e1 imputado como presunto autor de los delitos de\u00a0<strong>extorsi\u00f3n, concusi\u00f3n, prevaricato, abuso de autoridad, incumplimiento de deberes de funcionario p\u00fablico, falsedad ideol\u00f3gica de documento p\u00fablico y allanamiento ilegal<\/strong>.<\/p>\n<p class=\"selectionShareable\">Por su parte, el secretario de Justicia,\u00a0<strong>Sebasti\u00e1n Amerio<\/strong>, sostuvo que desde el Gobierno nacional se busca que se investigue a fondo el caso y desestim\u00f3 que se est\u00e9 beneficiando al -ahora ex- magistrado. Asegur\u00f3 que, si la Justicia lo declara culpable y aplica la\u00a0<strong>inhabilitaci\u00f3n absoluta<\/strong>, el ex magistrado podr\u00eda\u00a0<strong>perder el derecho a percibir la jubilaci\u00f3n de privilegio<\/strong>, seg\u00fan lo previsto en el art\u00edculo 19 del C\u00f3digo Penal.<\/p>\n<p class=\"selectionShareable\">\u201cNo hay intocables. Nuestro compromiso con la\u00a0<strong>restauraci\u00f3n moral y \u00e9tica de la Rep\u00fablica<\/strong>\u00a0es total. Estamos llevando adelante una reforma profunda y estructural de la Justicia que permitir\u00e1 que los delincuentes vayan presos\u201d, sentenci\u00f3 Amerio.<\/p>\n<\/div>\n<\/div>\n<\/div>\n<\/div>\n<\/div>\n<\/div>\n<\/div>\n","protected":false},"excerpt":{"rendered":"<p>Bailaque, funcionario de la Justicia Federal de Rosario, se encaminaba a ser destituido por el Consejo de la Magistratura. Cuestionan que conservar\u00e1 su jubilaci\u00f3n de privilegio, aunque desde la cartera de Justicia lo niegan. El Gobierno Nacional acept\u00f3 la renuncia del juez federal de Rosario, Marcelo Bailaque, acusado de varios delitos graves entre los que &hellip;<\/p>\n","protected":false},"author":2,"featured_media":9508,"comment_status":"open","ping_status":"open","sticky":false,"template":"","format":"standard","meta":{"footnotes":""},"categories":[47,33],"tags":[2167],"class_list":["post-9507","post","type-post","status-publish","format-standard","has-post-thumbnail","hentry","category-justicia","category-nacionales","tag-marcelo-bailaque"],"_links":{"self":[{"href":"https:\/\/cafeprensa.com.ar\/index.php\/wp-json\/wp\/v2\/posts\/9507","targetHints":{"allow":["GET"]}}],"collection":[{"href":"https:\/\/cafeprensa.com.ar\/index.php\/wp-json\/wp\/v2\/posts"}],"about":[{"href":"https:\/\/cafeprensa.com.ar\/index.php\/wp-json\/wp\/v2\/types\/post"}],"author":[{"embeddable":true,"href":"https:\/\/cafeprensa.com.ar\/index.php\/wp-json\/wp\/v2\/users\/2"}],"replies":[{"embeddable":true,"href":"https:\/\/cafeprensa.com.ar\/index.php\/wp-json\/wp\/v2\/comments?post=9507"}],"version-history":[{"count":1,"href":"https:\/\/cafeprensa.com.ar\/index.php\/wp-json\/wp\/v2\/posts\/9507\/revisions"}],"predecessor-version":[{"id":9509,"href":"https:\/\/cafeprensa.com.ar\/index.php\/wp-json\/wp\/v2\/posts\/9507\/revisions\/9509"}],"wp:featuredmedia":[{"embeddable":true,"href":"https:\/\/cafeprensa.com.ar\/index.php\/wp-json\/wp\/v2\/media\/9508"}],"wp:attachment":[{"href":"https:\/\/cafeprensa.com.ar\/index.php\/wp-json\/wp\/v2\/media?parent=9507"}],"wp:term":[{"taxonomy":"category","embeddable":true,"href":"https:\/\/cafeprensa.com.ar\/index.php\/wp-json\/wp\/v2\/categories?post=9507"},{"taxonomy":"post_tag","embeddable":true,"href":"https:\/\/cafeprensa.com.ar\/index.php\/wp-json\/wp\/v2\/tags?post=9507"}],"curies":[{"name":"wp","href":"https:\/\/api.w.org\/{rel}","templated":true}]}}